{"id":3834,"date":"2017-03-27T14:00:12","date_gmt":"2017-03-27T17:00:12","guid":{"rendered":"http:\/\/www.ctainternacionales.org\/?p=3834"},"modified":"2017-03-27T14:02:16","modified_gmt":"2017-03-27T17:02:16","slug":"el-secretario-general-y-el-secretario-de-politica-economica-de-la-csa-visitaron-la-cta-autonoma","status":"publish","type":"post","link":"https:\/\/ctainternacionales.org\/?p=3834","title":{"rendered":"El Secretario General y el Secretario de Pol\u00edtica Econ\u00f3mica de la CSA visitaron la CTA Aut\u00f3noma"},"content":{"rendered":"<p style=\"text-align: justify;\">V\u00edctor B\u00e1ez y Rafael Freire, Secretario General y Secretario de Pol\u00edtica Econ\u00f3mica y Desarrollo Sustentable de la Confederaci\u00f3n Sindical de las Am\u00e9ricas (CSA) respectivamente, estuvieron el jueves en la sede nacional de la Central, ubicada en la calle Presidente Per\u00f3n al 3866. Dirigentes de la CTA y de sindicatos y organizaciones sociales, mantuvieron una reuni\u00f3n con ellos a fin poner en com\u00fan caracterizaciones de este momento pol\u00edtico y acordar acciones comunes de cara a este a\u00f1o.<!--more--><\/p>\n<p style=\"text-align: justify;\"><a href=\"http:\/\/www.ctainternacionales.org\/wp-content\/uploads\/2017\/03\/unnamed-845.jpg\"><img loading=\"lazy\" decoding=\"async\" class=\"aligncenter size-thumbnail wp-image-3836\" src=\"http:\/\/www.ctainternacionales.org\/wp-content\/uploads\/2017\/03\/unnamed-845-350x198.jpg\" alt=\"unnamed-845\" width=\"350\" height=\"198\" \/><\/a><\/p>\n<p style=\"text-align: justify;\">Adolfo Aguirre, Secretario de Relaciones Internacionales de la CTA-Aut\u00f3noma, agradeci\u00f3 la visita de ambos referentes en la nueva sede: \u201cesta reuni\u00f3n es para intercambiar apreciaciones en torno a las acciones que est\u00e1 impulsando la CSA y las luchas en la Argentina ante la avanzada del gobierno sobre los derechos de los trabajadores: sacar personer\u00edas, quitar derechos, poner techo en las paritarias, flexibilizar convenios, etc.. Es muy importante la organizaci\u00f3n internacional porque muchos temas nacionales van de la mano con lo que pasa en el resto del mundo\u201d, manifest\u00f3.<\/p>\n<p style=\"text-align: justify;\">V\u00edctor B\u00e1ez, por su parte valor\u00f3 la importancia del respeto a la libertad y democracia sindical y el respeto a los dirigentes defienden los derechos de los trabajadores. \u201cEstuvimos en el encuentro de la CSSCS y de la CES. Pero adem\u00e1s estamos impulsando la implementaci\u00f3n de un seguro social que llegue a toda Am\u00e9rica Latina, y que los migrantes puedan usarlos en toda la regi\u00f3n. Ayer estuvimos en la movilizaci\u00f3n docente, y tambi\u00e9n queremos apoyar la lucha de los visitadores m\u00e9dicos\u201d, dijo B\u00e1ez en torno a su agenda en Buenos Aires.<\/p>\n<p style=\"text-align: justify;\">Por su parte, Rafael Freire hizo una caracterizaci\u00f3n de los avances de la derecha en Am\u00e9rica Latina y el mundo: \u201cEstamos entrando en una \u00e9poca totalmente diferente que la \u00faltima d\u00e9cada, en la cual tuvimos la oportunidad de fortalecer nuestra organizaci\u00f3n sindical. Ahora estamos en una nueva oleada neoliberal que viene como profundizaci\u00f3n de la crisis del capitalismo en el 2008 y con nuevas caracter\u00edsticas: m\u00e1s racismo, m\u00e1s xenobofia, m\u00e1s machismo\u201d.<\/p>\n<p style=\"text-align: justify;\">El secretario General Adjunto de la Central, Ricardo Peidro, caracteriz\u00f3 esta etapa sobre la necesidad de defender los derechos conseguidos tanto para los trabajadores como en materia de derechos humanos: \u201cla CTA-A siempre tuvo una posici\u00f3n muy firme en torno a esto. Y es precisamente desde esta autonom\u00eda que ahora nos podemos parar ante esta avanzada en Am\u00e9rica Latina y el mundo\u201d, dijo. Asimismo habl\u00f3 en torno a las multitudinarias movilizaciones que se est\u00e1n dando en la Argentina ante la avanzada que se pretende dar en materia de derechos de los trabajadores y trabajadoras.<\/p>\n<p style=\"text-align: justify;\"><strong>Solidaridad con la lucha de los visitadores m\u00e9dicos<\/strong><\/p>\n<p style=\"text-align: justify;\"><a href=\"http:\/\/www.ctainternacionales.org\/wp-content\/uploads\/2017\/03\/20170323_180046.jpg\"><img loading=\"lazy\" decoding=\"async\" class=\"aligncenter size-thumbnail wp-image-3835\" src=\"http:\/\/www.ctainternacionales.org\/wp-content\/uploads\/2017\/03\/20170323_180046-350x197.jpg\" alt=\"20170323_180046\" width=\"350\" height=\"197\" \/><\/a><\/p>\n<p style=\"text-align: justify;\">V\u00edctor B\u00e1ez y Rafael Freire tambi\u00e9n participaron de una asamblea de los Agentes de Propaganda M\u00e9dica tras la movilizaci\u00f3n al Ministerio de Trabajo en defensa del Convenio Colectivo de Trabajo. Los referentes de la CSA destacaron la importancia de que el movimiento sindical pase a la ofensiva: \u201cdebemos transmitir mayor optimismo en las luchas frente al pesimismo y la resignaci\u00f3n\u201d, dijo B\u00e1es e insisti\u00f3 en la necesidad de tejer lazos internacionales para apoyar las luchas en Am\u00e9rica Latina, para lo cual se puso a disposici\u00f3n.<a href=\"http:\/\/www.ctainternacionales.org\/wp-content\/uploads\/2017\/03\/unnamed-845.jpg\"><br \/>\n<\/a><\/p>\n","protected":false},"excerpt":{"rendered":"V\u00edctor B\u00e1ez y Rafael Freire, Secretario General y Secretario de Pol\u00edtica Econ\u00f3mica y Desarrollo Sustentable de la Confederaci\u00f3n Sindical de las Am\u00e9ricas (CSA) \n<a class=\"moretag\" href=\"https:\/\/ctainternacionales.org\/?p=3834\"> [...]<\/a>","protected":false},"author":1,"featured_media":0,"comment_status":"closed","ping_status":"closed","sticky":false,"template":"","format":"standard","meta":{"ngg_post_thumbnail":0,"footnotes":""},"categories":[],"tags":[],"class_list":["post-3834","post","type-post","status-publish","format-standard","hentry"],"_links":{"self":[{"href":"https:\/\/ctainternacionales.org\/index.php?rest_route=\/wp\/v2\/posts\/3834","targetHints":{"allow":["GET"]}}],"collection":[{"href":"https:\/\/ctainternacionales.org\/index.php?rest_route=\/wp\/v2\/posts"}],"about":[{"href":"https:\/\/ctainternacionales.org\/index.php?rest_route=\/wp\/v2\/types\/post"}],"author":[{"embeddable":true,"href":"https:\/\/ctainternacionales.org\/index.php?rest_route=\/wp\/v2\/users\/1"}],"replies":[{"embeddable":true,"href":"https:\/\/ctainternacionales.org\/index.php?rest_route=%2Fwp%2Fv2%2Fcomments&post=3834"}],"version-history":[{"count":2,"href":"https:\/\/ctainternacionales.org\/index.php?rest_route=\/wp\/v2\/posts\/3834\/revisions"}],"predecessor-version":[{"id":3838,"href":"https:\/\/ctainternacionales.org\/index.php?rest_route=\/wp\/v2\/posts\/3834\/revisions\/3838"}],"wp:attachment":[{"href":"https:\/\/ctainternacionales.org\/index.php?rest_route=%2Fwp%2Fv2%2Fmedia&parent=3834"}],"wp:term":[{"taxonomy":"category","embeddable":true,"href":"https:\/\/ctainternacionales.org\/index.php?rest_route=%2Fwp%2Fv2%2Fcategories&post=3834"},{"taxonomy":"post_tag","embeddable":true,"href":"https:\/\/ctainternacionales.org\/index.php?rest_route=%2Fwp%2Fv2%2Ftags&post=3834"}],"curies":[{"name":"wp","href":"https:\/\/api.w.org\/{rel}","templated":true}]}}