{"id":3828,"date":"2017-03-27T13:56:21","date_gmt":"2017-03-27T16:56:21","guid":{"rendered":"http:\/\/www.ctainternacionales.org\/?p=3828"},"modified":"2017-03-27T13:56:21","modified_gmt":"2017-03-27T16:56:21","slug":"hacia-el-fortalecimiento-de-las-relaciones-en-la-defensa-de-los-derechos-de-los-trabajadores","status":"publish","type":"post","link":"https:\/\/ctainternacionales.org\/?p=3828","title":{"rendered":"Hacia el fortalecimiento de las relaciones en la defensa de los derechos de los trabajadores"},"content":{"rendered":"<p style=\"text-align: justify;\">Con la participaci\u00f3n de la CTA Aut\u00f3noma, desde el lunes se lleva adelante en Buenos Aires el Encuentro Sindical para el Seguimiento del Acuerdo Birregional Uni\u00f3n Europea-Mercosur. En este marco se desarrollaron diferentes actividades encabezadas por la Confederaci\u00f3n Europea de Sindicatos (CES) y la Coordinadora de Centrales Sindicales del Cono Sur (CCSCS). El encuentro, que finalizar\u00e1 el viernes en la marcha a Plaza de Mayo por Memoria, Verdad y Justicia, tratar\u00e1 temas de formaci\u00f3n sindical y derechos humanos.<a href=\"http:\/\/www.ctainternacionales.org\/wp-content\/uploads\/2017\/03\/IMG_8246-1.jpg\"><br \/>\n<\/a><!--more--><\/p>\n<p style=\"text-align: justify;\"><a href=\"http:\/\/www.ctainternacionales.org\/wp-content\/uploads\/2017\/03\/IMG_8246-1.jpg\"><img loading=\"lazy\" decoding=\"async\" class=\"aligncenter size-thumbnail wp-image-3831\" src=\"http:\/\/www.ctainternacionales.org\/wp-content\/uploads\/2017\/03\/IMG_8246-1-350x233.jpg\" alt=\"IMG_8246\" width=\"350\" height=\"233\" \/><\/a>La comitiva de la Uni\u00f3n Europea estuvo encabezada por el italiano Luca Visentini, Secretario General de la Confederaci\u00f3n Europea de Sindicatos e integrada por altos dirigentes de Espa\u00f1a, Italia, Francia, B\u00e9lgica, Inglaterra, Alemania, entre otros. Por el Cono Sur, la delegaci\u00f3n de la CCSCS estuvo encabezada por su secretario General, Antonio Jara, y estuvieron presentes representantes de los trabajadores de Argentina, Brasil, Uruguay y Paraguay.<\/p>\n<p style=\"text-align: justify;\">El encuentro tiene como objetivo el abordaje de propuestas para el fortalecimiento de la defensa de los trabajadores y trabajadoras de Europa y del Cono Sur, intercambiar experiencias de formaci\u00f3n sindical y fortalecer a los l\u00edderes, asesores y referentes sindicales para la consecuci\u00f3n de estrategias formativas sustentadas en derechos humanos y trabajo decente, y desarrollar l\u00edneas de acci\u00f3n conjunta. Adem\u00e1s el objetivo del encuentro fue discutir las implicancias de un posible acuerdo entre la Uni\u00f3n Europea y el Mercosur, en momentos en que se est\u00e1 llevando a cabo una reuni\u00f3n en Buenos Aires con negociadores gubernamentales de ambas regiones para estos fines.<\/p>\n<p style=\"text-align: justify;\">Adolfo \u201cFito\u201d Aguirre, Secretario de Relaciones Internacionales de la CTA-Aut\u00f3noma, celebr\u00f3 el Encuentro como un importante paso para consolidar las relaciones entre organizaciones de trabajadores de ambas regiones, para poder fortalecer la lucha por las reivindicaciones de los trabajadores y la defensa de los derechos adquiridos.<\/p>\n<p style=\"text-align: justify;\"><a href=\"http:\/\/www.ctainternacionales.org\/wp-content\/uploads\/2017\/03\/IMG_8214.jpg\"><img loading=\"lazy\" decoding=\"async\" class=\"aligncenter size-thumbnail wp-image-3832\" src=\"http:\/\/www.ctainternacionales.org\/wp-content\/uploads\/2017\/03\/IMG_8214-350x234.jpg\" alt=\"IMG_8214\" width=\"350\" height=\"234\" \/><\/a>En cuanto a los acuerdos de libre comercio entre ambas regiones como as\u00ed tambi\u00e9n las bilaterales, en el encuentro se expres\u00f3 preocupaci\u00f3n por las asimetr\u00edas que aparecen en las negociaciones y en el impacto que pueden tener estos acuerdos en las econom\u00edas locales, en los puestos y las condiciones de trabajo. Por eso, en torno a estas tem\u00e1ticas se confeccion\u00f3 un documento que representa el posicionamiento de las organizaciones sindicales que participaron del encuentro, que fue entregado a los negociadores europeos y del cono sur, en el marco de una reuni\u00f3n en Canciller\u00eda Nacional.<\/p>\n<p style=\"text-align: justify;\">En el segundo d\u00eda del encuentro, tuvo lugar la Conferencia \u201cDesaf\u00edos sociales de los procesos de integraci\u00f3n: el caso europeo\u201d, que estuvo a cargo de Philippe Pochet, Director General de la European Trade Union Institute. En ese marco, Luca Visentini, Secretario General de la Confederaci\u00f3n Europea de Trabajadores, remarc\u00f3 que: \u201cFrente al eurocentrismo, proponemos m\u00e1s Europa social, estamos trabajando mucho para reforzar la Europa social y la CES est\u00e1 con las organizaciones sociales que est\u00e1n a favor de construir una Europa m\u00e1s social, inclusiva, progresista y abierta\u201d.<\/p>\n<p style=\"text-align: justify;\">Durante el d\u00eda mi\u00e9rcoles se realiz\u00f3 la segunda parte del encuentro, con un Intercambio sobre pol\u00edticas y experiencias de educaci\u00f3n obrera, donde se present\u00f3 y se debati\u00f3 acerca de los lineamientos de formaci\u00f3n sindical tanto en Europa como en el Mercosur.<\/p>\n<p style=\"text-align: justify;\">Fito Aguirre, estuvo a cargo de la coordinaci\u00f3n el panel \u201cFormaci\u00f3n sindical y derechos laborales\u201d y en ese marco expres\u00f3: \u201cLos derechos laborales est\u00e1n siendo amenazados, el derecho a huelga est\u00e1 siendo puesto en duda por las patronales y los gobiernos, por lo que necesitamos fortalecer la formaci\u00f3n sindical para que haya miles de delegados con capacidad de decidir y dar la batalla en todos los lugares de trabajo a lo largo de las cadenas de suministro\u201d.<\/p>\n<p style=\"text-align: justify;\">Daniel Jorajur\u00eda, Secretario Gremial de la Central destac\u00f3 la necesidad de fortalecer la formaci\u00f3n y la importancia de pensar nuevas estrategias para abordar estos cambios en el mundo del empleo y para frenar la precarizaci\u00f3n laboral.<\/p>\n<p style=\"text-align: justify;\">Por la CTA-Aut\u00f3noma estuvieron presentes en esta jornada, Ricardo Peidro, Secretario Adjunto de la CTA-Aut\u00f3noma; Carlos Custer; Daniel Jorajur\u00eda, Secretario Gremial; Jorge Castro, Secretario de Organizaci\u00f3n de la CTA Buenos Aires; Silverio Gomez; Secretario General de UCRA, Ren\u00e9 Rivera de Ger\u00e1rquicos de Bancos Oficiales; Daniel Palladino, Secretario General del sindicato de Correos Privados; Paula Becerra D\u00fao, Secretaria General del Sindicato de la Salud Privada; Leonardo Fontela, Secretario de Formaci\u00f3n de ATE provincia de Buenos Aires; Mar\u00eda Teresa Romero, Secretaria de Formaci\u00f3n de ATE Nacional; M\u00f3nica D\u00b4elia, del equipo de formaci\u00f3n de ATE; Horacio Fern\u00e1ndez; el equipo de la Secretar\u00eda de Relaciones Internacionales, entre otros compa\u00f1eros y compa\u00f1eras.<\/p>\n<p style=\"text-align: justify;\">En el marco del encuentro, Ricardo Peidro, Secretario General Adjunto de la CTA Aut\u00f3noma se\u00f1al\u00f3: \u201cComo Central, desde siempre, las pol\u00edticas de integraci\u00f3n como las luchas de la clase trabajadora a nivel mundial, como la formaci\u00f3n, como estrategias de conjunto ante la globalizaci\u00f3n, la precarizaci\u00f3n, el aumento de la desocupaci\u00f3n destacamos que tenemos que tener una respuesta no solamente regional sino fundamentalmente mundial. En esta reuni\u00f3n vemos c\u00f3mo hay un hilo conductor de la pol\u00edtica de las grandes corporaciones que favorecen la acumulaci\u00f3n de la riqueza en pocas manos. Seguramente este encuentro ser\u00e1 un paso m\u00e1s en la integraci\u00f3n que necesitamos\u201d.<\/p>\n<p style=\"text-align: justify;\">El encuentro entre la CES y la CCSCS continuar\u00e1 el d\u00eda jueves, donde se debatir\u00e1 acerca de los Derechos Humanos en la Educaci\u00f3n obrera, en torno a los ejes memoria, educaci\u00f3n, justicia y migraciones y el d\u00eda viernes todos participar\u00e1n de la Marcha a Plaza de Mayo al cumplirse 41 a\u00f1os del Golpe de Estado genocida en Argentina.<\/p>\n","protected":false},"excerpt":{"rendered":"Con la participaci\u00f3n de la CTA Aut\u00f3noma, desde el lunes se lleva adelante en Buenos Aires el Encuentro Sindical para el Seguimiento del \n<a class=\"moretag\" href=\"https:\/\/ctainternacionales.org\/?p=3828\"> [...]<\/a>","protected":false},"author":1,"featured_media":0,"comment_status":"closed","ping_status":"closed","sticky":false,"template":"","format":"standard","meta":{"ngg_post_thumbnail":0,"footnotes":""},"categories":[],"tags":[],"class_list":["post-3828","post","type-post","status-publish","format-standard","hentry"],"_links":{"self":[{"href":"https:\/\/ctainternacionales.org\/index.php?rest_route=\/wp\/v2\/posts\/3828","targetHints":{"allow":["GET"]}}],"collection":[{"href":"https:\/\/ctainternacionales.org\/index.php?rest_route=\/wp\/v2\/posts"}],"about":[{"href":"https:\/\/ctainternacionales.org\/index.php?rest_route=\/wp\/v2\/types\/post"}],"author":[{"embeddable":true,"href":"https:\/\/ctainternacionales.org\/index.php?rest_route=\/wp\/v2\/users\/1"}],"replies":[{"embeddable":true,"href":"https:\/\/ctainternacionales.org\/index.php?rest_route=%2Fwp%2Fv2%2Fcomments&post=3828"}],"version-history":[{"count":1,"href":"https:\/\/ctainternacionales.org\/index.php?rest_route=\/wp\/v2\/posts\/3828\/revisions"}],"predecessor-version":[{"id":3833,"href":"https:\/\/ctainternacionales.org\/index.php?rest_route=\/wp\/v2\/posts\/3828\/revisions\/3833"}],"wp:attachment":[{"href":"https:\/\/ctainternacionales.org\/index.php?rest_route=%2Fwp%2Fv2%2Fmedia&parent=3828"}],"wp:term":[{"taxonomy":"category","embeddable":true,"href":"https:\/\/ctainternacionales.org\/index.php?rest_route=%2Fwp%2Fv2%2Fcategories&post=3828"},{"taxonomy":"post_tag","embeddable":true,"href":"https:\/\/ctainternacionales.org\/index.php?rest_route=%2Fwp%2Fv2%2Ftags&post=3828"}],"curies":[{"name":"wp","href":"https:\/\/api.w.org\/{rel}","templated":true}]}}