{"id":3823,"date":"2017-03-09T15:46:26","date_gmt":"2017-03-09T18:46:26","guid":{"rendered":"http:\/\/www.ctainternacionales.org\/?p=3823"},"modified":"2017-03-09T15:47:06","modified_gmt":"2017-03-09T18:47:06","slug":"3823","status":"publish","type":"post","link":"https:\/\/ctainternacionales.org\/?p=3823","title":{"rendered":"8 de marzo las mujeres de la CTA Aut\u00f3noma ganaron las calles en todo el pa\u00eds"},"content":{"rendered":"<p style=\"text-align: justify;\">Al grito de basta de violencia machista, por trabajo con derechos, las mujeres de la CTA Aut\u00f3noma ganaron las calles en todo el pa\u00eds. En la Ciudad de Buenos Aires, encabez\u00f3 la multitudinaria movilizaci\u00f3n que lleg\u00f3 a Plaza de Mayo, en una columna sindical junto a la CGT.<!--more--><\/p>\n<div class=\"crayon article-texte-22901 textoa\" style=\"text-align: justify;\">\n<p><a href=\"http:\/\/www.ctainternacionales.org\/wp-content\/uploads\/2017\/03\/170308-marchamujeres-nota1a.jpg\"><img loading=\"lazy\" decoding=\"async\" class=\"aligncenter size-thumbnail wp-image-3824\" src=\"http:\/\/www.ctainternacionales.org\/wp-content\/uploads\/2017\/03\/170308-marchamujeres-nota1a-350x202.jpg\" alt=\"170308-marchamujeres-nota1a\" width=\"350\" height=\"202\" \/><\/a>Este mi\u00e9rcoles pasar\u00e1 a la historia como el d\u00eda en que las mujeres volvieron a decir no a la violencia machista en todas sus formas y a reclamar por trabajos con derechos para todas. Entre las principales reivindicaciones de las trabajadoras de la CTA Aut\u00f3noma se contaron la reapertura de las paritarias, el 82% m\u00f3vil, mismo salario por igual tarea, jardines para ni\u00f1os y ni\u00f1as en los lugares de trabajo de las mujeres y de los hombres, que se materialice el trabajo de cuidados y que se ponga en efecto la ley de violencia de g\u00e9nero en todo el pa\u00eds, as\u00ed como que se legalice el aborto seguro y gratuito.<\/p>\n<p>\u201cEmpezamos desde muy temprano con diferentes acciones de visibilizaci\u00f3n y actividades en los lugares de trabajo, con nuestras compa\u00f1eras debatiendo sobre la situaci\u00f3n de la clase trabajadora en general y de las mujeres en particular\u201d, dijo Alejandra \u00c1ngriman, Secretaria de G\u00e9nero de la Central quien adem\u00e1s c\u00f3nt\u00f3 que se lleg\u00f3 a esta jornada tras numerosas asambleas que \u00abrealizaron las compa\u00f1eras en sus sectores para definir el plan de acci\u00f3n para todo este a\u00f1o, hacer una evaluaci\u00f3n de cu\u00e1les son nuestras condiciones de trabajo y en el corto plazo avanzar en la obtenci\u00f3n de la Ley de Licencia por Violencia de G\u00e9nero, y la modificaci\u00f3n de la Ley de Contrato de Trabajo\u00bb.<\/p>\n<p>A su lado, Jorgelina Sosa, secretaria de g\u00e9nero de CTA Capital dijo: \u201cEste 8 de marzo, las principales reivindicaciones pasan por luchar por paritarias libres y por los derechos de las trabajadoras migrantes, por que se respete la ley de violencia de g\u00e9nero\u201d.<\/p>\n<p>Miles y miles de mujeres marcharon por la Avenida de Mayo para volver a gritar basta de violencia machista: \u201cMujer bonita es la que lucha, vivas nos queremos\u201d, se le\u00eda en muchos de los carteles. Cientos de organizaciones sociales, estudiantiles, pol\u00edticas, gremiales llegaron a plaza de Mayo para construir una sociedad m\u00e1s libre e igualitaria porque es sabido que tanto en Argentina como en el mundo las mujeres somos las que m\u00e1s trabajamos pero las que menos cobramos, somos las que garantizamos la reproducci\u00f3n de la fuerza de trabajo y las que llevamos adelante las tareas dom\u00e9sticas y de cuidados.<\/p>\n<p>Liliana G\u00f3mez, secretaria de G\u00e9nero de CTA provincia de Buenos Aires puntualiz\u00f3: \u201cluchamos por paritarias abiertas, el 82%, que se reconozcan los trabajos de cuidado, que las organizaciones sociales tengan paritarias y condiciones laborales dignas. Ac\u00e1 estamos las Centrales y las organizaciones sociales porque pedimos las mismas reivindicaciones\u201d.<\/p>\n<p>Estuvieron presentes referentes de la CTA Nacional, la CTA Provincia de Buenos Aires, la Central porte\u00f1a y de los gremios Fesprosa, Cicop, AAPM, los trabajadores y trabajadoras del cuero (Seceic), Sitos, Conaduh, Ademys, Salvador Herrera, MAR, de Uettel, ATE, Barrios y Villas Germ\u00e1n Abdala, UCRA, las trabajadoras de la salud privada, Ni\u00f1ez y territorio, el espacio nacional No a la baja, Nuevo sindicato gastron\u00f3mico, los pueblos originarios, Che Pibe, la AJB, la AEJBA, Correos y Seguridad Privada.<\/p>\n<\/div>\n<div style=\"text-align: justify;\">* Equipo de Comunicaci\u00f3n de la CTA Aut\u00f3noma<\/div>\n<p>&nbsp;<\/p>\n","protected":false},"excerpt":{"rendered":"Al grito de basta de violencia machista, por trabajo con derechos, las mujeres de la CTA Aut\u00f3noma ganaron las calles en todo el \n<a class=\"moretag\" href=\"https:\/\/ctainternacionales.org\/?p=3823\"> [...]<\/a>","protected":false},"author":1,"featured_media":0,"comment_status":"closed","ping_status":"closed","sticky":false,"template":"","format":"standard","meta":{"ngg_post_thumbnail":0,"footnotes":""},"categories":[],"tags":[],"class_list":["post-3823","post","type-post","status-publish","format-standard","hentry"],"_links":{"self":[{"href":"https:\/\/ctainternacionales.org\/index.php?rest_route=\/wp\/v2\/posts\/3823","targetHints":{"allow":["GET"]}}],"collection":[{"href":"https:\/\/ctainternacionales.org\/index.php?rest_route=\/wp\/v2\/posts"}],"about":[{"href":"https:\/\/ctainternacionales.org\/index.php?rest_route=\/wp\/v2\/types\/post"}],"author":[{"embeddable":true,"href":"https:\/\/ctainternacionales.org\/index.php?rest_route=\/wp\/v2\/users\/1"}],"replies":[{"embeddable":true,"href":"https:\/\/ctainternacionales.org\/index.php?rest_route=%2Fwp%2Fv2%2Fcomments&post=3823"}],"version-history":[{"count":2,"href":"https:\/\/ctainternacionales.org\/index.php?rest_route=\/wp\/v2\/posts\/3823\/revisions"}],"predecessor-version":[{"id":3826,"href":"https:\/\/ctainternacionales.org\/index.php?rest_route=\/wp\/v2\/posts\/3823\/revisions\/3826"}],"wp:attachment":[{"href":"https:\/\/ctainternacionales.org\/index.php?rest_route=%2Fwp%2Fv2%2Fmedia&parent=3823"}],"wp:term":[{"taxonomy":"category","embeddable":true,"href":"https:\/\/ctainternacionales.org\/index.php?rest_route=%2Fwp%2Fv2%2Fcategories&post=3823"},{"taxonomy":"post_tag","embeddable":true,"href":"https:\/\/ctainternacionales.org\/index.php?rest_route=%2Fwp%2Fv2%2Ftags&post=3823"}],"curies":[{"name":"wp","href":"https:\/\/api.w.org\/{rel}","templated":true}]}}