{"id":3821,"date":"2017-03-09T15:40:24","date_gmt":"2017-03-09T18:40:24","guid":{"rendered":"http:\/\/www.ctainternacionales.org\/?p=3821"},"modified":"2017-03-09T15:40:24","modified_gmt":"2017-03-09T18:40:24","slug":"godoy-muchos-de-los-que-estan-ahi-son-parte-de-la-estrategia-del-gobierno","status":"publish","type":"post","link":"https:\/\/ctainternacionales.org\/?p=3821","title":{"rendered":"Godoy: \u201cMuchos de los que est\u00e1n ah\u00ed son parte de la estrategia del Gobierno\u201d"},"content":{"rendered":"<p style=\"text-align: justify;\">El secretario General de la Asociaci\u00f3n Trabajadores del Estado (ATE-CTA), Hugo \u00abCachorro\u00bb Godoy, asegur\u00f3 que postergar la fecha de un Paro Nacional para cuestionar al Gobierno \u00abes una clara definici\u00f3n\u201d. M\u00e1s all\u00e1 de las cr\u00edticas a la CGT, el dirigente destac\u00f3 como dato principal la masividad de la convocatoria.<!--more--><\/p>\n<p style=\"text-align: justify;\"><a href=\"http:\/\/www.ctainternacionales.org\/wp-content\/uploads\/2017\/03\/6marzo-mintrab11-ead34.jpg\"><img loading=\"lazy\" decoding=\"async\" class=\"aligncenter size-thumbnail wp-image-3817\" src=\"http:\/\/www.ctainternacionales.org\/wp-content\/uploads\/2017\/03\/6marzo-mintrab11-ead34-350x200.jpg\" alt=\"6marzo-mintrab11-ead34\" width=\"350\" height=\"200\" \/><\/a><\/p>\n<p style=\"text-align: justify;\">\u00abCachorro\u00bb Godoy asegur\u00f3 que la falta de precisiones sobre la fecha del paro \u00abes una clara definici\u00f3n\u00bb por parte de la CGT, ya que \u00abmuchos de los que est\u00e1n ah\u00ed son parte de la estrategia gubernamental\u201d.<\/p>\n<p style=\"text-align: justify;\">\u00abQu\u00e9 mont\u00f3n de\u2026\u00bb y un profundo suspiro, fue el inicio del di\u00e1logo con Hugo \u00abCachorro\u00bb Godoy sobre el discurso de la CGT durante la masiva movilizaci\u00f3n de ayer a la tarde.<\/p>\n<p style=\"text-align: justify;\">\u201cPostergar la fecha para poner en cuestionamiento las pol\u00edticas del gobierno es una clara definici\u00f3n\u201d, expres\u00f3 el Secretario General de ATE Nacional, en relaci\u00f3n a los reclamos tras la falta de precisiones sobre el paro.<\/p>\n<p style=\"text-align: justify;\">\u201cA m\u00ed no me sorprende\u201d, asegur\u00f3 el dirigente, ya que \u201cmuchos de los que est\u00e1n ah\u00ed son parte de la estrategia gubernamental\u201d. Godoy destac\u00f3 que una de las maniobras m\u00e1s claras de la estrategia de Macri de imponer el techo a la discusi\u00f3n salarial y paritaria fue lo que pas\u00f3 en la provincia de Buenos Aires, cuando la gobernadora Vidal firm\u00f3 el acuerdo paritario con UPCN y con el Sindicato de Salud provincial, ambos gremios con integrantes que conforman las mesas nacionales de la CGT.<\/p>\n<p style=\"text-align: justify;\">Ante esta situaci\u00f3n, el dirigente se pregunt\u00f3: \u201cQu\u00e9 fuerza real est\u00e1n haciendo a nivel nacional si avalan las medidas del gobierno en la principal provincia del pa\u00eds\u201d, y asegur\u00f3 que este tipo de situaciones demuestran las tensiones que hay al interior de la CGT.<\/p>\n<p style=\"text-align: justify;\">En referencia a los disturbios que se generaron finalizado el acto, Cachorro Godoy afirm\u00f3: \u201cSe expres\u00f3 la bronca de los trabajadores ante la falta de definici\u00f3n de la fecha del paro\u201d y asegur\u00f3 que \u201cdesde un sector de la CGT se cree que es posible seguir postergando\u201d.<\/p>\n<p style=\"text-align: justify;\">M\u00e1s all\u00e1 de sus cr\u00edticas a la dirigencia de la CGT, Godoy destac\u00f3 como dato principal la masiva convocatoria: \u201cfue impresionante la marcha\u201d, afirm\u00f3. \u201cLa gente se expres\u00f3 y canaliz\u00f3 la bronca, la indignaci\u00f3n y el reclamo frente a un gobierno que agrede todos los d\u00edas a los trabajadores, con salarios bajos, aumentando tarifas y de todas las formas posibles\u201d, sentenci\u00f3 Godoy.<\/p>\n<p style=\"text-align: justify;\">Por otro lado, record\u00f3 que la movilizaci\u00f3n de ayer se dio durante el segundo d\u00eda de paro de estatales y docentes a nivel nacional, al que calific\u00f3 como \u00abcontundente y masivo en su nivel de adhesi\u00f3n y participaci\u00f3n\u00bb.<\/p>\n<p>&nbsp;<\/p>\n","protected":false},"excerpt":{"rendered":"El secretario General de la Asociaci\u00f3n Trabajadores del Estado (ATE-CTA), Hugo \u00abCachorro\u00bb Godoy, asegur\u00f3 que postergar la fecha de un Paro Nacional para \n<a class=\"moretag\" href=\"https:\/\/ctainternacionales.org\/?p=3821\"> [...]<\/a>","protected":false},"author":1,"featured_media":0,"comment_status":"closed","ping_status":"closed","sticky":false,"template":"","format":"standard","meta":{"ngg_post_thumbnail":0,"footnotes":""},"categories":[],"tags":[],"class_list":["post-3821","post","type-post","status-publish","format-standard","hentry"],"_links":{"self":[{"href":"https:\/\/ctainternacionales.org\/index.php?rest_route=\/wp\/v2\/posts\/3821","targetHints":{"allow":["GET"]}}],"collection":[{"href":"https:\/\/ctainternacionales.org\/index.php?rest_route=\/wp\/v2\/posts"}],"about":[{"href":"https:\/\/ctainternacionales.org\/index.php?rest_route=\/wp\/v2\/types\/post"}],"author":[{"embeddable":true,"href":"https:\/\/ctainternacionales.org\/index.php?rest_route=\/wp\/v2\/users\/1"}],"replies":[{"embeddable":true,"href":"https:\/\/ctainternacionales.org\/index.php?rest_route=%2Fwp%2Fv2%2Fcomments&post=3821"}],"version-history":[{"count":1,"href":"https:\/\/ctainternacionales.org\/index.php?rest_route=\/wp\/v2\/posts\/3821\/revisions"}],"predecessor-version":[{"id":3822,"href":"https:\/\/ctainternacionales.org\/index.php?rest_route=\/wp\/v2\/posts\/3821\/revisions\/3822"}],"wp:attachment":[{"href":"https:\/\/ctainternacionales.org\/index.php?rest_route=%2Fwp%2Fv2%2Fmedia&parent=3821"}],"wp:term":[{"taxonomy":"category","embeddable":true,"href":"https:\/\/ctainternacionales.org\/index.php?rest_route=%2Fwp%2Fv2%2Fcategories&post=3821"},{"taxonomy":"post_tag","embeddable":true,"href":"https:\/\/ctainternacionales.org\/index.php?rest_route=%2Fwp%2Fv2%2Ftags&post=3821"}],"curies":[{"name":"wp","href":"https:\/\/api.w.org\/{rel}","templated":true}]}}