{"id":3811,"date":"2017-03-07T10:58:07","date_gmt":"2017-03-07T13:58:07","guid":{"rendered":"http:\/\/www.ctainternacionales.org\/?p=3811"},"modified":"2017-03-07T10:58:07","modified_gmt":"2017-03-07T13:58:07","slug":"contra-el-ajuste-y-los-topes-salariales-la-cta-autonoma-marcho-al-ministerio-de-trabajo-y-al-palacio-pizzurno","status":"publish","type":"post","link":"https:\/\/ctainternacionales.org\/?p=3811","title":{"rendered":"Contra el ajuste y los topes salariales, la CTA Aut\u00f3noma march\u00f3 al Ministerio de Trabajo y al Palacio Pizzurno"},"content":{"rendered":"<p style=\"text-align: justify;\">En la primera jornada de Paro Nacional de Estatales, Docentes y Profesionales de la Salud los sindicatos y organizaciones que integran la Central se movilizaron a lo largo y ancho del pa\u00eds. En Capital Federal la marcha fue al Ministerio de Trabajo y luego al Ministerio de Educaci\u00f3n para confluir con la Marcha Nacional Docente.<!--more--><\/p>\n<p style=\"text-align: justify;\"><a href=\"http:\/\/www.ctainternacionales.org\/wp-content\/uploads\/2017\/03\/6marzo-mintrab11-ead34.jpg\"><img loading=\"lazy\" decoding=\"async\" class=\"aligncenter size-thumbnail wp-image-3817\" src=\"http:\/\/www.ctainternacionales.org\/wp-content\/uploads\/2017\/03\/6marzo-mintrab11-ead34-350x200.jpg\" alt=\"6marzo-mintrab11-ead34\" width=\"350\" height=\"200\" \/><\/a> <a href=\"http:\/\/www.ctainternacionales.org\/wp-content\/uploads\/2017\/03\/6marzo-mintrab14-3d1aa.jpg\"><br \/>\n<\/a><a href=\"http:\/\/www.ctainternacionales.org\/wp-content\/uploads\/2017\/03\/6marzo-mintrab17-6bd47-56bef.jpg\"><br \/>\n<\/a>Las columnas de compa\u00f1eros y compa\u00f1eras comenzaron a concentrar en la intersecci\u00f3n de C\u00f3rdoba y 9 de Julio desde las 10 de la ma\u00f1ana para marchar hacia Avenida Alem, donde se encuentra la dependencia nacional del Ministerio de Trabajo. El mensaje de los trabajadores y trabajadoras fue claro: \u00a1Basta de ajuste!<\/p>\n<p style=\"text-align: justify;\">Ya en las puertas el Ministerio, el secretario General Adjunto de la Central, Ricardo Peidro reafirm\u00f3 la lucha de los compa\u00f1eros y compa\u00f1eras de todo el pa\u00eds: \u201cnuestro pueblo resiste al ajuste que nos quieren imponer y por eso luchamos. Sabemos de resistencia y de organizaci\u00f3n, y es precisamente la organizaci\u00f3n la que nos va a llevar a torcerle el brazo a los grupos econ\u00f3micos que son los mismos que est\u00e1n hoy gobernando\u201d.<\/p>\n<p style=\"text-align: justify;\">Asimismo Peidro repudi\u00f3 las amenazas contra dirigentes sindicales docentes, paricularmente a Roberto Baradel, Secretario General de SUTEBA, y las operaciones medi\u00e1ticas en torno al paro docente y ratific\u00f3 la voluntad de lucha de la Central en contra de los topes salariales, la flexibilizaci\u00f3n de los Convenios Colectivos de Trabajo y contra el ajuste.<\/p>\n<p style=\"text-align: justify;\"><a href=\"http:\/\/www.ctainternacionales.org\/wp-content\/uploads\/2017\/03\/6marzo-mintrab14-3d1aa.jpg\"><img loading=\"lazy\" decoding=\"async\" class=\"aligncenter size-thumbnail wp-image-3818\" src=\"http:\/\/www.ctainternacionales.org\/wp-content\/uploads\/2017\/03\/6marzo-mintrab14-3d1aa-350x210.jpg\" alt=\"6marzo-mintrab14-3d1aa\" width=\"350\" height=\"210\" \/><\/a><\/p>\n<p style=\"text-align: justify;\">Eduardo G\u00f3mez, Secretario General de SUTEBA Berazategui e integrante de la mesa de CTA Buenos Aires dijo: \u201cEstamos todos juntos en esta lucha que es por nuestros salarios y tambi\u00e9n por nuestra dignidad. Est\u00e1n queriendo enfrentar a los docentes con el resto de la sociedad, y a eso debemos responder con mayor unidad\u201d.<\/p>\n<p style=\"text-align: justify;\">En representaci\u00f3n de los profesionales de la salud de la Provincia de Buenos Aires, hizo uso de la palabra Fernando Corsiglia, Secretario General de CICOP, quien inform\u00f3 que el paro nacional de salud atraviesa todo el territorio argentino: \u201c18 provincias est\u00e1n denunciando la situaci\u00f3n del sistema de salud de todo el pa\u00eds y mostrando la voluntad de lucha de nuestras seccionales\u201d, dijo.<\/p>\n<p style=\"text-align: justify;\">CONADU Hist\u00f3rica tambi\u00e9n se encuentra de paro en todo el pa\u00eds. Claudia Baigorria, Secretaria de Formaci\u00f3n de esa Federaci\u00f3n y Secretaria Administrativa de la Central, salud\u00f3 la movilizaci\u00f3n \u201ccontra el ajuste de Macri y sus gobernadores, que pretenden enfrentar a los dirigentes y docentes con la sociedad, que es un verdadero ataque a la organizaci\u00f3n sindical\u201d. Baigorria convoc\u00f3 a movilizar el pr\u00f3ximo mi\u00e9rcoles 8 de marzo en el marco del D\u00eda Internacional de la Mujer Trabajadora.<\/p>\n<p style=\"text-align: justify;\">Jorge Yabkowski, Secretario de Salud Laboral y Presidente de FESPROSA repudi\u00f3 el accionar de Jorge Triaca: \u201cNo estamos ac\u00e1 de casualidad, estamos ac\u00e1 porque hay un ministro que es m\u00e1s CEO que todos los CEOs de Macri. Vinimos a repudiar a Triaca porque con su pol\u00edtica antiobrera quiere romper nuestros Convenios Colectivos de Trabajo y quiere atacar la libertad sindical\u201d.<\/p>\n<p style=\"text-align: justify;\">Oscar De Isasi, Secretario General de ATE y CTA Buenos Aires indic\u00f3 que el paro en la provincia supera el 90%: \u201clas escuelas est\u00e1n hoy paradas por los docentes, pero tambi\u00e9n por los auxiliares de la educaci\u00f3n, que dicidimos adherirnos junto a los profesionales de la salud y el resto de los estatales, porque aunque nuestra paritaria est\u00e9 cerrada, nosotros seguimos so\u00f1ando\u201d. \u201cQueremos un Estado al servicio de las mayor\u00edas populares y no de los poderosos como est\u00e1 siendo ahora\u201d, sentenci\u00f3 De Isasi.<\/p>\n<p style=\"text-align: justify;\">Finalmente Hugo \u201cCachorro\u201d Godoy, Secretario General de ATE, felicit\u00f3 la movilizaci\u00f3n, \u201ces una muestra de dignidad que recorre todo el pa\u00eds. Hoy iniciamos un paro de 48 horas que va a preceder una gran Jornada en el D\u00eda Internacional de la Mujer Trabajadora el 8 de marzo\u201d, afirm\u00f3 y a\u00f1adi\u00f3: \u201cLo que nos trae hoy ac\u00e1 es la dignidad y el orgullo de ser parte de una clase que pelea por sus derechos y los derechos de todo el pueblo argentino\u201d.<\/p>\n<p style=\"text-align: justify;\">Finalizado el acto frente al Ministerio de Trabajo, las columnas marcharon por Avenida C\u00f3rdoba para confluir frente al Palacio Sarmiento en la Movilizaci\u00f3n Nacional Docente. Estuvieron presentes compa\u00f1eros y compa\u00f1eras de CTA Capital, CTA Buenos Aires, ATE, Fesprosa, CONADU Hist\u00f3rica, Sindicato de Vigilancia, AAPM, UST, UETTel, CICOP, Frente Salvador Herrera, MAR, Movimiento de Villas Germ\u00e1n Abdala, CCC, NOS, entre otros y otras.<\/p>\n<p style=\"text-align: justify;\">Familias apoyan el paro y la movilizaci\u00f3n docente<br \/>\nEste lunes, en todo el pa\u00eds, las clases se dieron en la calle: familias enteras acompa\u00f1aron la lucha docente yendo a las marchas, abrazando las escuelas y haciendo pintadas con tizas. En la Ciudad de Buenos Aires, la Cooperadora de padres y madres del Mariano Acosta, del Leng\u00fcitas y del Normal 5, por citar tres ejemplos de establecimientos escolares que educan a diario a miles de ni\u00f1os, ni\u00f1as y adolescentes, se sumaron al reclamo docente abrazando las escuelas y marchando con quienes d\u00eda a d\u00eda le ponen el cuerpo y el coraz\u00f3n para construir un futuro mejor.<\/p>\n<p style=\"text-align: justify;\"><a href=\"http:\/\/www.ctainternacionales.org\/wp-content\/uploads\/2017\/03\/6marzo-mintrab12-c2f97.jpg\"><img loading=\"lazy\" decoding=\"async\" class=\"aligncenter size-thumbnail wp-image-3816\" src=\"http:\/\/www.ctainternacionales.org\/wp-content\/uploads\/2017\/03\/6marzo-mintrab12-c2f97-350x265.jpg\" alt=\"6marzo-mintrab12-c2f97\" width=\"350\" height=\"265\" \/><\/a><\/p>\n<p style=\"text-align: justify;\">\u201cDocente que lucha est\u00e1 ense\u00f1ando. Apoyamos la lucha docente, por m\u00e1s presupuesto y mejores salarios\u201d, se le\u00eda en la vereda del Normal 5, ubicado en Arcamendia y Su\u00e1rez del barrio porte\u00f1o de Barracas. El Normal 5 tiene m\u00e1s de cien a\u00f1os de vida y ocupa una manzana entera, hace a\u00f1os que las autoridades y los padres y madres est\u00e1n pidiendo que se arregle el edificio y se acondicionen algunas aulas y ba\u00f1os. Es una escuela hist\u00f3rica para el barrio y la ciudad, por sus aulas han pasado miles y miles de vecinos y vecinas y hoy en d\u00eda tiene m\u00e1s de 1000 alumnos entre el nivel inicial (jard\u00edn de infantes), el nivel primario, el secundario y el terciario (se puede estudiar para ser maestra o maestro).<\/p>\n<p style=\"text-align: justify;\">En las ciudades del interior, las familias y cooperadoras tambi\u00e9n acompa\u00f1aron la medida de lucha de los docentes porque entienden que la educaci\u00f3n p\u00fablica se defiende entre todos y todas. La indignaci\u00f3n por las ofertas salariales, la campa\u00f1a sucia de los voluntarios, el descuento por los d\u00edas de paro, la falta de presupuesto, el estado edilicio de los establecimientos es le\u00eddo como una burla no s\u00f3lo a los docentes sino tambi\u00e9n a las familias y a los alumnos y alumnas.<\/p>\n<p style=\"text-align: justify;\">Hoy las clases se dieron en las calles y todos y todas aprendimos la lecci\u00f3n: docente que lucha tambi\u00e9n est\u00e1 ense\u00f1ando.<\/p>\n<p style=\"text-align: justify;\">Fotos: Walter y Fabi\u00e1n Piedras<\/p>\n","protected":false},"excerpt":{"rendered":"En la primera jornada de Paro Nacional de Estatales, Docentes y Profesionales de la Salud los sindicatos y organizaciones que integran la Central \n<a class=\"moretag\" href=\"https:\/\/ctainternacionales.org\/?p=3811\"> [...]<\/a>","protected":false},"author":1,"featured_media":0,"comment_status":"closed","ping_status":"closed","sticky":false,"template":"","format":"standard","meta":{"ngg_post_thumbnail":0,"footnotes":""},"categories":[],"tags":[],"class_list":["post-3811","post","type-post","status-publish","format-standard","hentry"],"_links":{"self":[{"href":"https:\/\/ctainternacionales.org\/index.php?rest_route=\/wp\/v2\/posts\/3811","targetHints":{"allow":["GET"]}}],"collection":[{"href":"https:\/\/ctainternacionales.org\/index.php?rest_route=\/wp\/v2\/posts"}],"about":[{"href":"https:\/\/ctainternacionales.org\/index.php?rest_route=\/wp\/v2\/types\/post"}],"author":[{"embeddable":true,"href":"https:\/\/ctainternacionales.org\/index.php?rest_route=\/wp\/v2\/users\/1"}],"replies":[{"embeddable":true,"href":"https:\/\/ctainternacionales.org\/index.php?rest_route=%2Fwp%2Fv2%2Fcomments&post=3811"}],"version-history":[{"count":1,"href":"https:\/\/ctainternacionales.org\/index.php?rest_route=\/wp\/v2\/posts\/3811\/revisions"}],"predecessor-version":[{"id":3819,"href":"https:\/\/ctainternacionales.org\/index.php?rest_route=\/wp\/v2\/posts\/3811\/revisions\/3819"}],"wp:attachment":[{"href":"https:\/\/ctainternacionales.org\/index.php?rest_route=%2Fwp%2Fv2%2Fmedia&parent=3811"}],"wp:term":[{"taxonomy":"category","embeddable":true,"href":"https:\/\/ctainternacionales.org\/index.php?rest_route=%2Fwp%2Fv2%2Fcategories&post=3811"},{"taxonomy":"post_tag","embeddable":true,"href":"https:\/\/ctainternacionales.org\/index.php?rest_route=%2Fwp%2Fv2%2Ftags&post=3811"}],"curies":[{"name":"wp","href":"https:\/\/api.w.org\/{rel}","templated":true}]}}