{"id":3808,"date":"2017-02-24T13:00:55","date_gmt":"2017-02-24T16:00:55","guid":{"rendered":"http:\/\/www.ctainternacionales.org\/?p=3808"},"modified":"2017-02-24T13:02:23","modified_gmt":"2017-02-24T16:02:23","slug":"frente-al-ministerio-de-justicia-volvimos-a-gritar-no-a-la-baja","status":"publish","type":"post","link":"https:\/\/ctainternacionales.org\/?p=3808","title":{"rendered":"Frente al Ministerio de Justicia volvimos a gritar \u00abNo a la Baja\u00bb"},"content":{"rendered":"<p style=\"text-align: justify;\">Mientras dentro de Ministerio de Justicia se discut\u00eda sobre el futuro de los pibes y pibas, sin hacerlos parte del debate, una multitudinaria concentraci\u00f3n en la calle se manifest\u00f3 en contra de la criminalizaci\u00f3n de los ni\u00f1os, ni\u00f1as y adolescentes.<!--more--><\/p>\n<p style=\"text-align: justify;\"><a href=\"http:\/\/www.ctainternacionales.org\/wp-content\/uploads\/2017\/02\/16938809_737792243062566_488341921387291317_n.jpg\"><img loading=\"lazy\" decoding=\"async\" class=\"aligncenter size-thumbnail wp-image-3809\" src=\"http:\/\/www.ctainternacionales.org\/wp-content\/uploads\/2017\/02\/16938809_737792243062566_488341921387291317_n-350x233.jpg\" alt=\"16938809_737792243062566_488341921387291317_n\" width=\"350\" height=\"233\" \/><\/a>Batucadas y murgas llegaron encolumnadas a un microcentro porte\u00f1o muy caluroso, para llenar de vida y alegr\u00eda esta jornada de lucha. La radio abierta dio inicio con el documento de los chicos y chicas de Che Pibe: \u201cLos pibes y pibas de todos los barrios necesitan una casa, cari\u00f1o, amor, ir a la escuela, aprender sus derechos para crecer con una salud buena y digna. Para cuando crezcan, poder explicarle a otros chicos del barrio sus derechos, como hacen nuestros profes\u201d, dijeron.<\/p>\n<p style=\"text-align: justify;\">Adem\u00e1s manifestaron su opini\u00f3n, de manera clara y contundente: \u201cBajar la edad es malo, porque las madres sufren cuando los llevan en el patrullero. El pibe tambi\u00e9n sufre, la c\u00e1rcel es fea y los corruptos les pegan y los matan. Los grandes le echan la culpa a los chicos por delitos que hacen los grandes, o que hacen los chicos pero mandados por grandes. Un pibe a esa edad tiene que estar en el colegio, tener amigos, una familia y una casa\u201d.<\/p>\n<p style=\"text-align: justify;\">Y mientras adentro se hablaba de ellos, sin pretender tener en cuenta su opini\u00f3n, los chicos y chicas jugaron, cantaron, bailaron, corrieron y gritaron.<\/p>\n<p style=\"text-align: justify;\">Aunque de alguna manera s\u00ed hicimos entrar nuestra opini\u00f3n. Fue de la mano de Nora Corti\u00f1as, Madre de Plaza de Mayo-L\u00ednea Fundadora, una de las referentes que se acerc\u00f3 al Ministerio y antes de entrar, dijo a la radio abierta: \u201cLos menores no pueden estar siempre bajo una acusaci\u00f3n y que no haya una determinaci\u00f3n pol\u00edtica del gobierno. No se puede bajar la edad, los ni\u00f1os y los j\u00f3venes no nacen para ser delincuentes. El Estado tiene que hacerse cargo de su protecci\u00f3n, su educaci\u00f3n y su bienestar, y no hostigarlos con amenaza de c\u00e1rcel hasta cuando no cometen ning\u00fan delito\u201d.<\/p>\n<p style=\"text-align: justify;\">\u00bfPor qu\u00e9 No a la Baja?<br \/>\n\u00abSeguiremos diciendo No a la Baja porque es mentira que es alta la incidencia de delitos violentos entre los m\u00e1s j\u00f3venes; porque es mentira que hay que bajar la edad de la punibilidad porque las bandas criminales utilizan a los ni\u00f1os y ni\u00f1as para cometer delitos: si una organizaci\u00f3n criminal o las propias fuerzas de seguridad utilizan (u obligan) a un ni\u00f1o a cometer un delito, el delito es del adulto, el ni\u00f1o es v\u00edctima y como tal debe ser abordado; porque es mentira que la forma de mejorar lo que hoy existe es bajar la edad de punibilidad y reconocer a los m\u00e1s peque\u00f1os un proceso con garant\u00edas.<\/p>\n<p style=\"text-align: justify;\">Tambi\u00e9n porque es mentira que hoy a los ni\u00f1os, ni\u00f1as y adolescentes no les pasa nada si cometen un delito, no s\u00f3lo \u201cles pasa\u201d si cometen un delito, tambi\u00e9n tienen consecuencias penales cuando no lo cometen; porque es mentira que el sistema penal no hace nada con los chicos de menos de 16 a\u00f1os acusados de un delito, porque tal como ocurre con los adolescentes de entre 16 y 18, tambi\u00e9n a estos se les abre una causa penal a\u00fan por delitos leves y se los puede encarcelar por tiempo indeterminado m\u00e1s all\u00e1 de si se prob\u00f3 o no su culpabilidad o de si se los \u201cdeclara inimputables\u201d por la edad; porque es mentira que el sistema penal es leve con las personas menores de edad: el sistema penal que hoy se les aplica, usa la prisi\u00f3n como \u00fanica medida; porque es mentira que nuestra oposici\u00f3n a que se baje la edad de punibilidad nos convierta en defensores del actual R\u00e9gimen Penal de Menores, estamos en contra y diariamente lo combatimos.<\/p>\n<p style=\"text-align: justify;\">Y porque sabemos que la causa de violencia en los barrios es la falta de oportunidades, el hambre, la explotaci\u00f3n sexual y laboral, el hostigamiento al que las fuerzas de seguridad someten a lxs ni\u00f1os y j\u00f3venes, la violencia machista y el manejo de los territorios por bandas de comercio de drogas que act\u00faan en connivencia con el poder pol\u00edtico y policial; porque se trata de una pol\u00edtica regresiva y demag\u00f3gica y lo que debe garantizar la ley es que los pibes de menos de 16 a\u00f1os directamente no tomen contacto con el sistema penal\u00bb.<\/p>\n<p style=\"text-align: justify;\">Por la CTA Aut\u00f3noma estuvieron presentes Espacio Ni\u00f1ez y Territorio, Che Pibe, el Espacio por los Derechos de la Ni\u00f1ez, Frente Salvador Herrera, CTA Buenos Aires, CTA Capital, ATE, entre otras organizaciones. Acompa\u00f1aron la movilizaci\u00f3n: Clarisa Gambera, Jorge Castro, Miriam Liempe, Natalia Robledo, Olivia Ruiz, Franco Armando, Rosario Hasperu\u00e9, Mar\u00eda Jos\u00e9 Cano, Jos\u00e9 Chiri, Marcela Val, entre otros compa\u00f1eros y compa\u00f1eras.<\/p>\n","protected":false},"excerpt":{"rendered":"Mientras dentro de Ministerio de Justicia se discut\u00eda sobre el futuro de los pibes y pibas, sin hacerlos parte del debate, una multitudinaria \n<a class=\"moretag\" href=\"https:\/\/ctainternacionales.org\/?p=3808\"> [...]<\/a>","protected":false},"author":1,"featured_media":0,"comment_status":"closed","ping_status":"closed","sticky":false,"template":"","format":"standard","meta":{"ngg_post_thumbnail":0,"footnotes":""},"categories":[],"tags":[],"class_list":["post-3808","post","type-post","status-publish","format-standard","hentry"],"_links":{"self":[{"href":"https:\/\/ctainternacionales.org\/index.php?rest_route=\/wp\/v2\/posts\/3808","targetHints":{"allow":["GET"]}}],"collection":[{"href":"https:\/\/ctainternacionales.org\/index.php?rest_route=\/wp\/v2\/posts"}],"about":[{"href":"https:\/\/ctainternacionales.org\/index.php?rest_route=\/wp\/v2\/types\/post"}],"author":[{"embeddable":true,"href":"https:\/\/ctainternacionales.org\/index.php?rest_route=\/wp\/v2\/users\/1"}],"replies":[{"embeddable":true,"href":"https:\/\/ctainternacionales.org\/index.php?rest_route=%2Fwp%2Fv2%2Fcomments&post=3808"}],"version-history":[{"count":1,"href":"https:\/\/ctainternacionales.org\/index.php?rest_route=\/wp\/v2\/posts\/3808\/revisions"}],"predecessor-version":[{"id":3810,"href":"https:\/\/ctainternacionales.org\/index.php?rest_route=\/wp\/v2\/posts\/3808\/revisions\/3810"}],"wp:attachment":[{"href":"https:\/\/ctainternacionales.org\/index.php?rest_route=%2Fwp%2Fv2%2Fmedia&parent=3808"}],"wp:term":[{"taxonomy":"category","embeddable":true,"href":"https:\/\/ctainternacionales.org\/index.php?rest_route=%2Fwp%2Fv2%2Fcategories&post=3808"},{"taxonomy":"post_tag","embeddable":true,"href":"https:\/\/ctainternacionales.org\/index.php?rest_route=%2Fwp%2Fv2%2Ftags&post=3808"}],"curies":[{"name":"wp","href":"https:\/\/api.w.org\/{rel}","templated":true}]}}