{"id":3803,"date":"2017-02-20T14:17:55","date_gmt":"2017-02-20T17:17:55","guid":{"rendered":"http:\/\/www.ctainternacionales.org\/?p=3803"},"modified":"2017-02-20T14:17:55","modified_gmt":"2017-02-20T17:17:55","slug":"con-debate-y-acciones-se-consolida-el-espacio-no-a-la-baja-en-la-argentina","status":"publish","type":"post","link":"https:\/\/ctainternacionales.org\/?p=3803","title":{"rendered":"Con debate y acciones se consolida el espacio \u00abNo a la baja\u00bb en la Argentina"},"content":{"rendered":"<p style=\"text-align: justify;\">El auditorio Eva Per\u00f3n de ATE Nacional (Belgrano 2527 de la Ciudad de Buenos Aires) volvi\u00f3 a colmarse de diversas organizaciones sociales que trabajan diariamente con la ni\u00f1ez. El espacio No a la Baja lanz\u00f3 su estrategia comunicacional y acompa\u00f1ar\u00e1 todas las iniciativas que vayan naciendo en las diferentes ciudades del pa\u00eds para seguir construyendo una gran jornada de lucha a nivel nacional. Estuvo presente Federico Barreto, integrante del No a la Baja de Uruguay. Del plenario participaron 10 provincias de todo el pa\u00eds y m\u00e1s de 60 organizaciones.<\/p>\n<p style=\"text-align: justify;\"><!--more--><\/p>\n<p style=\"text-align: justify;\"><a href=\"http:\/\/www.ctainternacionales.org\/wp-content\/uploads\/2017\/02\/baja-no-20170217-587.jpg\"><img loading=\"lazy\" decoding=\"async\" class=\"aligncenter size-thumbnail wp-image-3804\" src=\"http:\/\/www.ctainternacionales.org\/wp-content\/uploads\/2017\/02\/baja-no-20170217-587-350x163.jpg\" alt=\"baja-no-20170217-587\" width=\"350\" height=\"163\" \/><\/a>El encuentro fue abierto por Adolfo \u201cFito\u201d Aguirre, representante del Foro por la Ni\u00f1ez y Secretario de Relaciones Internacionales de la CTA: \u201cEn un solo grito volvemos a decir \u00a1No a la Baja! y volvemos a instalar la agenda necesaria para la ni\u00f1ez en la Argentina. Sabemos que esto es una pelea constante, que estamos en una Argentina que transita cada vez m\u00e1s hacia la pobreza y el desempleo. Calculo que esta conflictividad va a continuar. Es una oportunidad no s\u00f3lo para vencer el s\u00ed, sino para seguir luchando por un Estado que d\u00e9 respuestas a las necesidades de nuestra infancia\u201d.<\/p>\n<p style=\"text-align: justify;\">El siguiente orador fue Omar Giuliani, Coordinador de Ruca Hueney y del Espacio Ni\u00f1ez y Territorio: \u201cEl haber logrado este espacio, con asambleas y trabajo en comisiones, permite salir a dar respuestas sobre cu\u00e1les son los derechos humanos que hoy se est\u00e1n avasallando en todo el pa\u00eds contra nuestros pibes y pibas. Est\u00e1 Federico Barreto, uno de los representantes del No a la Baja de Uruguay. La infancia es destino, estamos dispuestos a dar pelea por eso\u201d.<\/p>\n<p style=\"text-align: justify;\">A trav\u00e9s de una presentaci\u00f3n visual, Federico Barreto, integrante del No a la Baja de Uruguay cont\u00f3 c\u00f3mo se fue construyendo la estrategia comunicacional que logr\u00f3 que el no a la baja ganara en las urnas cuando se preve\u00eda que el 65% de la poblaci\u00f3n votar\u00eda por el s\u00ed. \u201cVer c\u00f3mo est\u00e1n trabajando inunda de alegr\u00eda y de esperanza. Nosotros cuando arrancamos esta campa\u00f1a que se trataba de un plebiscito, ten\u00edamos una tarea con todo el pueblo uruguayo y el 65% dec\u00eda no a la baja y nada indicaba que esa situaci\u00f3n fuera a cambiar, era un verdadero desaf\u00edo para nosotros, cuando todos los pron\u00f3sticos parec\u00edan indicar que se trataba de una campa\u00f1a perdida. Sab\u00edamos que Uruguay no era una isla sino que formaba parte de un plan internacional integral\u201d, explic\u00f3 Barreto.<\/p>\n<p style=\"text-align: justify;\"><a href=\"http:\/\/www.ctainternacionales.org\/wp-content\/uploads\/2017\/02\/baja-no-20170217b400.jpg\"><img loading=\"lazy\" decoding=\"async\" class=\"aligncenter size-thumbnail wp-image-3806\" src=\"http:\/\/www.ctainternacionales.org\/wp-content\/uploads\/2017\/02\/baja-no-20170217b400-350x217.jpg\" alt=\"baja-no-20170217b400\" width=\"350\" height=\"217\" \/><\/a>El joven uruguayo cont\u00f3 adem\u00e1s que al principio eran muy pocos, pero que hicieron una campa\u00f1a comunicacional en las estaciones de colectivos, en las plazas, en los clubes, en los negocios, en la calle, en los barrios. Para llevar adelante la campa\u00f1a, la generaci\u00f3n de informaci\u00f3n propia (no guiarse por las encuestas de los medios masivos tradicionales), fue uno de los ejes fundamentales. \u201cProfesionalizamos nuestra comunicaci\u00f3n, hicimos talleres de creaci\u00f3n de mensajes para poder hablar con los vecinos y vecinas, necesit\u00e1bamos tener consignas claras y sencillas. Hicimos una encuesta nacional. M\u00e1s del 92% de las personas conoc\u00eda el plebiscito\u201d, detall\u00f3 Barreto.<\/p>\n<p style=\"text-align: justify;\">\u201cD\u00eda del ni\u00f1o, regalales futuro\u201d, dec\u00eda uno de los afiches, tambi\u00e9n hicieron intervenciones urbanas, bicicleteadas, campeonatos de f\u00fatbol, teatro del oprimido, actividades culturales, actos, marchas y encuentros nacionales, basados en la creatividad, la libertad, la fraternidad y la horizontalidad. \u201cTomamos aprendizajes de la lucha de los estudiantes chilenos. Ustedes tienen mucha m\u00e1s fuerza que la que nosotros ten\u00edamos en ese momento, se puede\u201d, concluy\u00f3 Barreto.<\/p>\n<p style=\"text-align: justify;\">Trabajo en comisiones<br \/>\nLuego de la exposici\u00f3n de Barreto, fue el turno de la Comisi\u00f3n de Comunicaci\u00f3n. Javier L\u00f3pez, integrante de la comisi\u00f3n dijo: \u201ctuvimos bastante informaci\u00f3n previa de lo que fue la experiencia uruguaya. Nosotros necesitamos poder hablar con los distintos a nosotros, era necesario hacer una est\u00e9tica que no necesariamente nos gustara a nosotros sino que pudiera llegarle al resto de la gente\u201d.<\/p>\n<p style=\"text-align: justify;\">Mat\u00edas Blanco, tambi\u00e9n integrante del espacio mostr\u00f3 y explic\u00f3 uno de los spots televisivos: \u201cLo que estamos trabajando es c\u00f3mo convencer a la gente que quiere el s\u00ed a la baja\u201d.<\/p>\n<p style=\"text-align: justify;\"><a href=\"http:\/\/www.ctainternacionales.org\/wp-content\/uploads\/2017\/02\/baja-no-20170217c400.jpg\"><img loading=\"lazy\" decoding=\"async\" class=\"aligncenter size-thumbnail wp-image-3805\" src=\"http:\/\/www.ctainternacionales.org\/wp-content\/uploads\/2017\/02\/baja-no-20170217c400-350x230.jpg\" alt=\"baja-no-20170217c400\" width=\"350\" height=\"230\" \/><\/a><a href=\"http:\/\/www.ctainternacionales.org\/wp-content\/uploads\/2017\/02\/baja-no-20170217-587.jpg\"><br \/>\n<\/a>Rosario Hasperu\u00e9, de la Comisi\u00f3n y responsable de Comunicaci\u00f3n de la CTA provincia de Buenos Aires e integrante tambi\u00e9n del Foro de Ni\u00f1ez y adolescencia agreg\u00f3: \u201cEn las reuniones de comunicaciones nos encontramos con distintas organizaciones. Teniendo en cuenta la experiencia de Uruguay y la profesionalizaci\u00f3n de la comunicaci\u00f3n y pensando que creemos que este a\u00f1o la amenaza viene m\u00e1s en serio, estamos aboc\u00e1ndonos a ponerle marketing y creatividad. Es dif\u00edcil pensar una campa\u00f1a que no sea s\u00f3lo para la militancia. Armamos una propuesta comunicacional con un kit de campa\u00f1a (piezas gr\u00e1ficas, radiales, redes sociales, prensa, campa\u00f1a callejera, audiovisual) que ya va a empezar a circular\u201d.<\/p>\n<p style=\"text-align: justify;\">Mar\u00eda Jos\u00e9 Giovo, de la Comisi\u00f3n cont\u00f3: \u201cPensamos hacer un tuitazo poni\u00e9ndonos de acuerdo con otras organizaciones de Am\u00e9rica Latina pidiendo a referentes que se sumen, con frases cortas y de gran impacto. Ser\u00e1 una campa\u00f1a federal\u201d.<\/p>\n<p style=\"text-align: justify;\">En representaci\u00f3n de la Comisi\u00f3n T\u00e9cnica, Mar\u00eda Jos\u00e9 Cano dijo: \u201cConsideramos necesario fortalecer lo argumentativo en relaci\u00f3n a la situaci\u00f3n de la ni\u00f1ez en la Argentina. Entendemos que es una comisi\u00f3n que va a estar dando argumentos a la comisi\u00f3n de comunicaci\u00f3n en relaci\u00f3n al cambio cultural. Pensamos en algunos ejes: no es justo (porque hay un gran porcentaje de pibes que no acceden a la educaci\u00f3n y a la salud, a los derechos humanos b\u00e1sicos). Otro punto es que hay respuestas mejores, como garantizar pol\u00edticas de derechos integrales y de calidad, instaurar la justicia restaurativa.<\/p>\n<p style=\"text-align: justify;\">Los integrantes de la comisi\u00f3n de organizaci\u00f3n estuvieron trabajando para que las estrategias m\u00e1s importantes se definan en el plenario y seguir\u00e1n trabajando para construir una gran movilizaci\u00f3n nacional. Por otra parte, se celebr\u00f3 que el 2 de marzo nacer\u00e1 en Rosario el espacio local del No a la Baja cultural, social y estudiantil.<\/p>\n<p style=\"text-align: justify;\">El plenario sesion\u00f3 con una importante representaci\u00f3n pol\u00edtica, gremial, cultural y estudiantil. Participaron: Ni\u00f1ez y Territorio, Foro por la Ni\u00f1ez, Che Pibe, CTA Aut\u00f3noma, ATE, Familiares y Amigos de Luciano Arruga, Frente Salvador Herrera, Observatorio de J\u00f3venes del Instituto Gino Germani (UBA), Federaci\u00f3n Universitaria Argentina, Fundaci\u00f3n Lugar del Sol, Emergente, Emancipaci\u00f3n Sur, Frente Arde Rojo, Colectivo Ni\u00f1ez Quilmes, UP Tucum\u00e1n, M.A.R, Juventud Radical, Franja Morada, UP La Matanza, Juventud Socialista, Izquierda Socialista, Rancho Aparte, Direcci\u00f3n Coordinaci\u00f3n Comunitaria, Familiares y Amigos de Kevin, Grilleros, Hagamos lo Imposible (Avellaneda), Juguete Rabioso, CICOP, UP Paz, UBA, Redonda ONG (Corrientes), Universidad Jos\u00e9 C.Paz, Colegio de Trabajadores Sociales provincia de Buenos Aires, Colegio de Trabajadores Sociales CABA, Liga Socialista Revolucionaria, O.R.T, Aula Vereda, Al Borde (A.Brown), CTA R\u00edo Cuarto (C\u00f3rdoba), Fundaci\u00f3n Emanuel, APDH La Plata, F.A.R Brecha, entre otras organizaciones.<\/p>\n<p style=\"text-align: justify;\">En representaci\u00f3n de la CTA Nacional estuvo el secretario Adjunto Ricardo Peidro, el secretario General de ATE Naci\u00f3n Hugo Godoy, el secretario General de ATE y CTA provincia de Buenos Aires Oscar de Isasi, el dirigente nacional ex embajador de Argentina en el Vaticano Carlos Custer; del sindicato de trabajadores gastron\u00f3micos, Natalia Robledo; del \u00e1rea de Pueblos Originarios, Miriam Liempe; el secretario General de UETTel, Jorge Castro; Adrian Ruiz de la Secretar\u00eda de Derechos Humanos de la CTA-A; Olivia Ruiz, de los jubilados; Diego Ledezma de la UST; Clarisa Gamberra y Julieta Peidro de CTA Capital. Tambi\u00e9n estuvo presente Nana Cuenca, de la FENAES (Federaci\u00f3n Nacional de Estudiantes Secundarios), de Paraguay.<\/p>\n<p style=\"text-align: justify;\">En el encuentro se aprob\u00f3 acompa\u00f1ar la movilizaci\u00f3n del 23 de febrero al Ministerio de Justicia, junto al Serpaj y seguir construyendo una Jornada Nacional de Lucha.<\/p>\n","protected":false},"excerpt":{"rendered":"El auditorio Eva Per\u00f3n de ATE Nacional (Belgrano 2527 de la Ciudad de Buenos Aires) volvi\u00f3 a colmarse de diversas organizaciones sociales que \n<a class=\"moretag\" href=\"https:\/\/ctainternacionales.org\/?p=3803\"> [...]<\/a>","protected":false},"author":1,"featured_media":0,"comment_status":"closed","ping_status":"closed","sticky":false,"template":"","format":"standard","meta":{"ngg_post_thumbnail":0,"footnotes":""},"categories":[],"tags":[],"class_list":["post-3803","post","type-post","status-publish","format-standard","hentry"],"_links":{"self":[{"href":"https:\/\/ctainternacionales.org\/index.php?rest_route=\/wp\/v2\/posts\/3803","targetHints":{"allow":["GET"]}}],"collection":[{"href":"https:\/\/ctainternacionales.org\/index.php?rest_route=\/wp\/v2\/posts"}],"about":[{"href":"https:\/\/ctainternacionales.org\/index.php?rest_route=\/wp\/v2\/types\/post"}],"author":[{"embeddable":true,"href":"https:\/\/ctainternacionales.org\/index.php?rest_route=\/wp\/v2\/users\/1"}],"replies":[{"embeddable":true,"href":"https:\/\/ctainternacionales.org\/index.php?rest_route=%2Fwp%2Fv2%2Fcomments&post=3803"}],"version-history":[{"count":1,"href":"https:\/\/ctainternacionales.org\/index.php?rest_route=\/wp\/v2\/posts\/3803\/revisions"}],"predecessor-version":[{"id":3807,"href":"https:\/\/ctainternacionales.org\/index.php?rest_route=\/wp\/v2\/posts\/3803\/revisions\/3807"}],"wp:attachment":[{"href":"https:\/\/ctainternacionales.org\/index.php?rest_route=%2Fwp%2Fv2%2Fmedia&parent=3803"}],"wp:term":[{"taxonomy":"category","embeddable":true,"href":"https:\/\/ctainternacionales.org\/index.php?rest_route=%2Fwp%2Fv2%2Fcategories&post=3803"},{"taxonomy":"post_tag","embeddable":true,"href":"https:\/\/ctainternacionales.org\/index.php?rest_route=%2Fwp%2Fv2%2Ftags&post=3803"}],"curies":[{"name":"wp","href":"https:\/\/api.w.org\/{rel}","templated":true}]}}