{"id":3799,"date":"2017-02-15T14:42:50","date_gmt":"2017-02-15T17:42:50","guid":{"rendered":"http:\/\/www.ctainternacionales.org\/?p=3799"},"modified":"2017-02-15T14:42:50","modified_gmt":"2017-02-15T17:42:50","slug":"hacia-el-segundo-encuentro-nacional-del-espacio-no-a-la-baja-en-argentina","status":"publish","type":"post","link":"https:\/\/ctainternacionales.org\/?p=3799","title":{"rendered":"Hacia el Segundo Encuentro Nacional del Espacio No a la Baja en Argentina"},"content":{"rendered":"<p style=\"text-align: justify;\">El pr\u00f3ximo viernes 17 de febrero, se llevar\u00e1 adelante en la sede nacional de la Asociaci\u00f3n de Trabajadores del Estado (Belgrano 2527, CABA) el Segundo Encuentro Nacional del Espacio No a la Baja en Argentina, con presencia de referentes y militantes de todo el pa\u00eds.<!--more--><\/p>\n<p style=\"text-align: justify;\"><a href=\"http:\/\/www.ctainternacionales.org\/wp-content\/uploads\/2017\/02\/image_2_.png\"><img loading=\"lazy\" decoding=\"async\" class=\"aligncenter size-thumbnail wp-image-3801\" src=\"http:\/\/www.ctainternacionales.org\/wp-content\/uploads\/2017\/02\/image_2_-350x256.png\" alt=\"image_2_\" width=\"350\" height=\"256\" \/><\/a>Las diferentes mesas de trabajo (comunicaci\u00f3n, \u00e1rea t\u00e9cnica y organizaci\u00f3n) presentar\u00e1n los avances realizados en cada uno de los \u00e1mbitos de cara a la instalaci\u00f3n de la Campa\u00f1a Nacional No a la Baja en Argentina. Asimismo se debatir\u00e1n propuestas para llevar la campa\u00f1a a todo el pa\u00eds.<\/p>\n<p style=\"text-align: justify;\">Se convoca a todas las organizaciones, ya sea que integran el espacio o no, a sumarse a \u00e9ste encuentro y a nutrir la lucha contra la baja de la edad de imputabilidad en nuestro pa\u00eds, y a dar la pelea por una Argentina que proteja a los pibes y pibas en lugar de criminalizarlos.<\/p>\n<p style=\"text-align: justify;\">El Coordinador del Foro por los Derechos de la Ni\u00f1ez, la Adolescencia y la Juventud, Adolfo Aguirre, reflexion\u00f3 sobre la necesidad de fortalecer el Espacio No a La Baja para asegurar que \u00abel debate sea muy amplio y abarque la cantidad de tem\u00e1ticas que no solo tienen que ver con el r\u00e9gimen penal, sino con las pol\u00edticas de contenci\u00f3n e inclusi\u00f3n, como sucede en otros pa\u00edses\u00bb. \u201cEl sistema de prevenci\u00f3n tiene que ser progresivo y no regresivo, de promoci\u00f3n y protecci\u00f3n restaurativo, lo que hay que pensar es por qu\u00e9 los pibes quieren salir a matar y no ser m\u00e9dicos, ingenieros, etc.\u201d, indic\u00f3 Aguirre.<\/p>\n<p style=\"text-align: justify;\">Omar Giuliani, referente del Espacio Ni\u00f1ez y Territorio habl\u00f3 sobre la importancia de construir otro tipo de lazos, que alejen a los pibes y pibas de la violencia: \u00abla ni\u00f1ez es el terreno m\u00e1s f\u00e9rtil para construir dignidad, para construir vida en una sociedad donde la verdad no se construye dignidad, no se construye vida, todo lo contrario se construye muerte y desigualdad, se siembra como sociedad la violencia por lo tanto lo que sale es muy dif\u00edcil que no sea violencia. En nuestras organizaciones se siembra amor, abrazos, compa\u00f1erismo, fraternidad y trabajo. Al sembrar eso ten\u00e9s un joven cuidando a un ni\u00f1o m\u00e1s chico, tiene que ver con brindar el insumo m\u00e1s importante que nosotros tenemos que es el abrazo hacia nuestros pibes\u00bb.<\/p>\n<p style=\"text-align: justify;\">Por su parte Sergio Val, de Fundaci\u00f3n Che Pibe denunci\u00f3 que \u00abesta sociedad est\u00e1 maltratando a sus hijos, los estamos exponiendo a las peores condiciones para darles como remedio la c\u00e1rcel. Tenemos que poner el foco, en serio sobre qu\u00e9 modelo de sociedad queremos y en esa agenda tiene que ser la ni\u00f1ez el eje porque si no, no hay destino\u201d, y llam\u00f3 a toda la militancia a participar de este Segundo Encuentro.<\/p>\n","protected":false},"excerpt":{"rendered":"El pr\u00f3ximo viernes 17 de febrero, se llevar\u00e1 adelante en la sede nacional de la Asociaci\u00f3n de Trabajadores del Estado (Belgrano 2527, CABA) \n<a class=\"moretag\" href=\"https:\/\/ctainternacionales.org\/?p=3799\"> [...]<\/a>","protected":false},"author":1,"featured_media":0,"comment_status":"closed","ping_status":"closed","sticky":false,"template":"","format":"standard","meta":{"ngg_post_thumbnail":0,"footnotes":""},"categories":[],"tags":[],"class_list":["post-3799","post","type-post","status-publish","format-standard","hentry"],"_links":{"self":[{"href":"https:\/\/ctainternacionales.org\/index.php?rest_route=\/wp\/v2\/posts\/3799","targetHints":{"allow":["GET"]}}],"collection":[{"href":"https:\/\/ctainternacionales.org\/index.php?rest_route=\/wp\/v2\/posts"}],"about":[{"href":"https:\/\/ctainternacionales.org\/index.php?rest_route=\/wp\/v2\/types\/post"}],"author":[{"embeddable":true,"href":"https:\/\/ctainternacionales.org\/index.php?rest_route=\/wp\/v2\/users\/1"}],"replies":[{"embeddable":true,"href":"https:\/\/ctainternacionales.org\/index.php?rest_route=%2Fwp%2Fv2%2Fcomments&post=3799"}],"version-history":[{"count":2,"href":"https:\/\/ctainternacionales.org\/index.php?rest_route=\/wp\/v2\/posts\/3799\/revisions"}],"predecessor-version":[{"id":3802,"href":"https:\/\/ctainternacionales.org\/index.php?rest_route=\/wp\/v2\/posts\/3799\/revisions\/3802"}],"wp:attachment":[{"href":"https:\/\/ctainternacionales.org\/index.php?rest_route=%2Fwp%2Fv2%2Fmedia&parent=3799"}],"wp:term":[{"taxonomy":"category","embeddable":true,"href":"https:\/\/ctainternacionales.org\/index.php?rest_route=%2Fwp%2Fv2%2Fcategories&post=3799"},{"taxonomy":"post_tag","embeddable":true,"href":"https:\/\/ctainternacionales.org\/index.php?rest_route=%2Fwp%2Fv2%2Ftags&post=3799"}],"curies":[{"name":"wp","href":"https:\/\/api.w.org\/{rel}","templated":true}]}}