{"id":3795,"date":"2017-02-08T01:43:39","date_gmt":"2017-02-08T04:43:39","guid":{"rendered":"http:\/\/www.ctainternacionales.org\/?p=3795"},"modified":"2017-02-08T01:43:39","modified_gmt":"2017-02-08T04:43:39","slug":"la-cta-autonoma-en-washington","status":"publish","type":"post","link":"https:\/\/ctainternacionales.org\/?p=3795","title":{"rendered":"La CTA Aut\u00f3noma en Washington"},"content":{"rendered":"<p style=\"text-align: justify;\">Invitados por la Confederaci\u00f3n Sindical Internacional al encuentro anual entre el Banco Mundial y el Fondo Monetario Internacional, la CTA-Aut\u00f3noma comenz\u00f3 este lunes con una agenda de trabajo que incluye reuniones bilaterales con sindicatos estadounidenses y el coordinador de la campa\u00f1a electoral de Bernie Sanders, para conocer de primera mano la situaci\u00f3n en el contexto del nuevo gobierno de Donald Trump.<!--more--><\/p>\n<p style=\"text-align: justify;\"><a href=\"http:\/\/www.ctainternacionales.org\/wp-content\/uploads\/2017\/02\/IMG_1260.jpg\"><img loading=\"lazy\" decoding=\"async\" class=\"aligncenter size-thumbnail wp-image-3796\" src=\"http:\/\/www.ctainternacionales.org\/wp-content\/uploads\/2017\/02\/IMG_1260-350x263.jpg\" alt=\"IMG_1260\" width=\"350\" height=\"263\" \/><\/a> <a href=\"http:\/\/www.ctainternacionales.org\/wp-content\/uploads\/2017\/02\/IMG_1284.jpg\"><br \/>\n<\/a>La delegaci\u00f3n est\u00e1 compuesta por Adolfo Aguirre, Secretario de Relaciones Internacionales de la CTA y miembro de la conducci\u00f3n nacional de ATE, y Bruno Dobrusin, asesor de la Secretar\u00eda de Internacionales.<\/p>\n<p style=\"text-align: justify;\">La asamblea anual del FMI y el Banco Mundial transcurre en un momento de incertidumbre global respecto de las nuevas medidas del gobierno Trump, as\u00ed como tambi\u00e9n de los cambios en los lineamientos pol\u00edtico-econ\u00f3micos que se pueden venir en Europa. Durante los encuentros en Washigton, se discutieron las visiones del sindicalismo norteamericano respecto del gobierno de Trump, as\u00ed como sus posibles impactos sobre Am\u00e9rica Latina.<\/p>\n<p style=\"text-align: justify;\">En la reuni\u00f3n con Kenneth Zinn, Director Pol\u00edtico del National Nurses United, el sindicato que m\u00e1s impuls\u00f3 la campa\u00f1a electoral de Bernie Sanders, se debatieron las l\u00edneas principales respecto de los planes de Trump con el sistema de salud y la incidencia sobre la realidad de los trabajadores, en especial aquellos en situaciones precarias. Zinn coment\u00f3 que la agenda de gobierno de Trump apunta hacia una ofensiva sobre derechos laborales que impactar\u00e1 fuertemente en el resto del mundo. Esta ofensiva tiene un componente pro-empresarial, mediante exenciones impositivas y cambios en las condiciones laborales, flexibilizando la mano de obra y permitiendo a las grandes empresas sobrepasar legislaciones laborales. A su vez se coincidi\u00f3 con Zinn en la necesidad de tener acciones conjuntas mediante la coordinaci\u00f3n que ya se desarrolla bajo el nombre de Global Nurses United, agrupando a sindicatos de enfermeras en todo el mundo.<\/p>\n<p style=\"text-align: justify;\">Por la tarde se realiz\u00f3 una reuni\u00f3n en la sede de la AFL-CIO, la principal organizaci\u00f3n sindical en Estados Unidos. All\u00ed, reunidos con Kathy Feingold, Secretaria de Relaciones Internacionales, y Brian Finnegan, asesor para Am\u00e9rica Latina, se intercambiaron visiones sobre el triunfo de Trump y posibles acciones conjuntas entre la central norteamericana y la CTA-A. Qued\u00f3 claro que en la etapa que comienza es fundamental reforzar los lazos de solidaridad entre nuestras centrales y movilizar alrededor de los derechos sindicales, que se ver\u00e1n afectados por una ofensiva todav\u00eda m\u00e1s fuerte que la experimentada durante la etapa neoliberal.<\/p>\n<p style=\"text-align: justify;\"><a href=\"http:\/\/www.ctainternacionales.org\/wp-content\/uploads\/2017\/02\/IMG_1284.jpg\"><img loading=\"lazy\" decoding=\"async\" class=\"aligncenter size-thumbnail wp-image-3797\" src=\"http:\/\/www.ctainternacionales.org\/wp-content\/uploads\/2017\/02\/IMG_1284-350x263.jpg\" alt=\"IMG_1284\" width=\"350\" height=\"263\" \/><\/a>En palabras a Acta, Adolfo Aguirre declar\u00f3 que \u201ces muy importante para nosotros poder estar presentes en este momento en Estados Unidos y tener una visi\u00f3n de la situaci\u00f3n basada en la experiencia de primera mano que tienen nuestros aliados sindicales. Es una etapa cr\u00edtica para Estados Unidos y por su impacto para el resto del mundo, en donde la incertidumbre domina el espectro pol\u00edtico y nuestro campo de acci\u00f3n. Estos encuentros nos sirven para preparar nuestras estrategias de lucha frente a los nuevos escenarios\u201d.<\/p>\n<p style=\"text-align: justify;\">La delegaci\u00f3n de CTA-A continuar\u00e1 con reuniones entre el martes y el viernes en el marco de la asamblea anual conjunta del FMI y el Banco Mundial, donde el sindicalismo en bloque presentar\u00e1 posturas cr\u00edticas a los planes de ajuste cuyo efecto son ampliamente conocidos en la historia reciente de nuestros pa\u00edses.<\/p>\n<p style=\"text-align: justify;\">* Equipo de Comunicaci\u00f3n de la Secretar\u00eda de Relaciones Internacionales de la CTA<\/p>\n","protected":false},"excerpt":{"rendered":"Invitados por la Confederaci\u00f3n Sindical Internacional al encuentro anual entre el Banco Mundial y el Fondo Monetario Internacional, la CTA-Aut\u00f3noma comenz\u00f3 este lunes \n<a class=\"moretag\" href=\"https:\/\/ctainternacionales.org\/?p=3795\"> [...]<\/a>","protected":false},"author":1,"featured_media":0,"comment_status":"closed","ping_status":"closed","sticky":false,"template":"","format":"standard","meta":{"ngg_post_thumbnail":0,"footnotes":""},"categories":[],"tags":[],"class_list":["post-3795","post","type-post","status-publish","format-standard","hentry"],"_links":{"self":[{"href":"https:\/\/ctainternacionales.org\/index.php?rest_route=\/wp\/v2\/posts\/3795","targetHints":{"allow":["GET"]}}],"collection":[{"href":"https:\/\/ctainternacionales.org\/index.php?rest_route=\/wp\/v2\/posts"}],"about":[{"href":"https:\/\/ctainternacionales.org\/index.php?rest_route=\/wp\/v2\/types\/post"}],"author":[{"embeddable":true,"href":"https:\/\/ctainternacionales.org\/index.php?rest_route=\/wp\/v2\/users\/1"}],"replies":[{"embeddable":true,"href":"https:\/\/ctainternacionales.org\/index.php?rest_route=%2Fwp%2Fv2%2Fcomments&post=3795"}],"version-history":[{"count":1,"href":"https:\/\/ctainternacionales.org\/index.php?rest_route=\/wp\/v2\/posts\/3795\/revisions"}],"predecessor-version":[{"id":3798,"href":"https:\/\/ctainternacionales.org\/index.php?rest_route=\/wp\/v2\/posts\/3795\/revisions\/3798"}],"wp:attachment":[{"href":"https:\/\/ctainternacionales.org\/index.php?rest_route=%2Fwp%2Fv2%2Fmedia&parent=3795"}],"wp:term":[{"taxonomy":"category","embeddable":true,"href":"https:\/\/ctainternacionales.org\/index.php?rest_route=%2Fwp%2Fv2%2Fcategories&post=3795"},{"taxonomy":"post_tag","embeddable":true,"href":"https:\/\/ctainternacionales.org\/index.php?rest_route=%2Fwp%2Fv2%2Ftags&post=3795"}],"curies":[{"name":"wp","href":"https:\/\/api.w.org\/{rel}","templated":true}]}}