{"id":3792,"date":"2017-02-07T14:50:30","date_gmt":"2017-02-07T17:50:30","guid":{"rendered":"http:\/\/www.ctainternacionales.org\/?p=3792"},"modified":"2017-02-07T14:51:27","modified_gmt":"2017-02-07T17:51:27","slug":"plan-de-accion-2017-y-gran-encuentro-en-noviembre","status":"publish","type":"post","link":"https:\/\/ctainternacionales.org\/?p=3792","title":{"rendered":"Plan de acci\u00f3n 2017 y gran encuentro en noviembre"},"content":{"rendered":"<p style=\"text-align: justify;\"><a href=\"http:\/\/www.ctainternacionales.org\/wp-content\/uploads\/2017\/02\/image-16.jpg\"><br \/>\n<\/a>Durante los d\u00edas 2 y 3 de febrero en Montevideo, se realiz\u00f3 la reuni\u00f3n de coordinaci\u00f3n de la Jornada Continental por la Democracia y contra el Neoliberalismo, con el objetivo de definir el plan de acci\u00f3n de 2017. Adolfo \u201cFito\u201d Aguirre, Secretario de Relaciones Internacionales de la CTA-Aut\u00f3noma, estuvo presente y llev\u00f3 la visi\u00f3n de la Central.<!--more--><\/p>\n<div class=\"crayon article-texte-22630 textoa\" style=\"text-align: justify;\">\n<p><a href=\"http:\/\/www.ctainternacionales.org\/wp-content\/uploads\/2017\/02\/image-16.jpg\"><img loading=\"lazy\" decoding=\"async\" class=\"aligncenter size-thumbnail wp-image-3793\" src=\"http:\/\/www.ctainternacionales.org\/wp-content\/uploads\/2017\/02\/image-16-350x234.jpg\" alt=\"image-16\" width=\"350\" height=\"234\" \/><\/a><\/p>\n<p>En la reuni\u00f3n se destac\u00f3 la incorporaci\u00f3n de nuevas organizaciones de Latinoam\u00e9rica y del Caribe a la Jornada, siendo \u00e9sta la mayor de las llevadas a cabo este marco, con la participaci\u00f3n de m\u00e1s de treinta organizaciones de trece pa\u00edses de Am\u00e9rica. Durante el primer d\u00eda del encuentro se calific\u00f3 como positivo lo realizado en el 2016 por las actividades, encuentros y talleres de formaci\u00f3n que concluyeron en la gran jornada del 4 de noviembre por la democracia y contra el neoliberalismo.<\/p>\n<p>Tambi\u00e9n se analiz\u00f3 la coyuntura internacional, y en particular el contexto regional con la llegada del nuevo gobierno en Estados Unidos. Tanto compa\u00f1eros mexicanos como canadienses, presentes en la reuni\u00f3n, hicieron valiosos aportes sobre las repercusiones de las primeras medidas del gobierno de Trump.<\/p>\n<p>El segundo d\u00eda de la reuni\u00f3n se trabaj\u00f3 en la iniciativa y el plan de acci\u00f3n para el 2017 que culminar\u00e1 en un gran encuentro los d\u00edas 22 y 24 de noviembre en Montevideo, del que se espera que participen m\u00e1s de 10 mil personas. El objetivo es profundizar el debate y la participaci\u00f3n y as\u00ed dotar de mayor fortaleza al proceso iniciado con la Jornada. \u201cLa Jornada Continental es resultado de un proceso de rearticulaci\u00f3n del movimiento sindical y de los movimientos sociales del continente y se conforma como uno de los mayores y m\u00e1s importantes espacios de resistencia en la nueva coyuntura. Este gran encuentro de noviembre, se presenta como un momento de este proceso de re-articulaci\u00f3n y ser\u00e1 fundamental para la construcci\u00f3n de la estrategia de lucha de los movimientos para el pr\u00f3ximo per\u00edodo\u00bb, afirm\u00f3 Rafael Freire, secretario de Pol\u00edtica Econ\u00f3mica y Desarrollo Sustentable de la Confederaci\u00f3n Sindical de las Am\u00e9ricas (CSA).<\/p>\n<p>Asimismo durante la reuni\u00f3n se plantearon puntos importantes en la agenda de actividades, como el 8 de marzo y el 1 de mayo, con acciones de movilizaci\u00f3n y articulaci\u00f3n en toda la regi\u00f3n. En tanto se paut\u00f3 que en abril se realice un lanzamiento de la Jornada en Bogot\u00e1, promovido por la V\u00eda Campesina.<\/p>\n<p>Fito Aguirre, desde la CTA-A plante\u00f3 la situaci\u00f3n que se est\u00e1 viviendo en Argentina, y los retrocesos en materia de derechos, en particular en relaci\u00f3n a los migrantes con los cambios en la legislaci\u00f3n operados desde el Gobierno Nacional. Adem\u00e1s plante\u00f3 la importancia de la articulaci\u00f3n a nivel regional para enfrentar los nuevos retos que se presentan en el plano internacional. En ese sentido, propuso la realizaci\u00f3n de una movilizaci\u00f3n en diciembre, momento en que se desarrollar\u00e1 la pr\u00f3xima conferencia ministerial de la Organizaci\u00f3n Mundial del Comercio (OMC) que tendr\u00e1 lugar en nuestro pa\u00eds.<\/p>\n<\/div>\n<div style=\"text-align: justify;\">* Equipo de Comunicaci\u00f3n de la Secretar\u00eda de Relaciones Internacionales de la CTA<\/div>\n","protected":false},"excerpt":{"rendered":"Durante los d\u00edas 2 y 3 de febrero en Montevideo, se realiz\u00f3 la reuni\u00f3n de coordinaci\u00f3n de la Jornada Continental por la Democracia \n<a class=\"moretag\" href=\"https:\/\/ctainternacionales.org\/?p=3792\"> [...]<\/a>","protected":false},"author":1,"featured_media":0,"comment_status":"closed","ping_status":"closed","sticky":false,"template":"","format":"standard","meta":{"ngg_post_thumbnail":0,"footnotes":""},"categories":[],"tags":[],"class_list":["post-3792","post","type-post","status-publish","format-standard","hentry"],"_links":{"self":[{"href":"https:\/\/ctainternacionales.org\/index.php?rest_route=\/wp\/v2\/posts\/3792","targetHints":{"allow":["GET"]}}],"collection":[{"href":"https:\/\/ctainternacionales.org\/index.php?rest_route=\/wp\/v2\/posts"}],"about":[{"href":"https:\/\/ctainternacionales.org\/index.php?rest_route=\/wp\/v2\/types\/post"}],"author":[{"embeddable":true,"href":"https:\/\/ctainternacionales.org\/index.php?rest_route=\/wp\/v2\/users\/1"}],"replies":[{"embeddable":true,"href":"https:\/\/ctainternacionales.org\/index.php?rest_route=%2Fwp%2Fv2%2Fcomments&post=3792"}],"version-history":[{"count":1,"href":"https:\/\/ctainternacionales.org\/index.php?rest_route=\/wp\/v2\/posts\/3792\/revisions"}],"predecessor-version":[{"id":3794,"href":"https:\/\/ctainternacionales.org\/index.php?rest_route=\/wp\/v2\/posts\/3792\/revisions\/3794"}],"wp:attachment":[{"href":"https:\/\/ctainternacionales.org\/index.php?rest_route=%2Fwp%2Fv2%2Fmedia&parent=3792"}],"wp:term":[{"taxonomy":"category","embeddable":true,"href":"https:\/\/ctainternacionales.org\/index.php?rest_route=%2Fwp%2Fv2%2Fcategories&post=3792"},{"taxonomy":"post_tag","embeddable":true,"href":"https:\/\/ctainternacionales.org\/index.php?rest_route=%2Fwp%2Fv2%2Ftags&post=3792"}],"curies":[{"name":"wp","href":"https:\/\/api.w.org\/{rel}","templated":true}]}}