{"id":3789,"date":"2017-02-07T14:36:02","date_gmt":"2017-02-07T17:36:02","guid":{"rendered":"http:\/\/www.ctainternacionales.org\/?p=3789"},"modified":"2017-02-07T14:36:02","modified_gmt":"2017-02-07T17:36:02","slug":"la-csa-repudia-los-cambios-en-la-legislacion-migratoria-en-la-argentina","status":"publish","type":"post","link":"https:\/\/ctainternacionales.org\/?p=3789","title":{"rendered":"La CSA repudia los cambios en la legislaci\u00f3n migratoria en la Argentina"},"content":{"rendered":"<p style=\"text-align: justify;\">Con la promulgaci\u00f3n del decreto 70\/2017, por el cual el Gobierno argentino modific\u00f3 la Ley de Migraciones 25.871, se consum\u00f3 un importante proceso de regresividad en materia de derechos humanos de los migrantes en la Rep\u00fablica Argentina.<!--more--><\/p>\n<div class=\"crayon article-texte-22626 textoa\" style=\"text-align: justify;\">\n<p><a href=\"http:\/\/www.ctainternacionales.org\/wp-content\/uploads\/2017\/02\/migracion-infantil-hacia-estados-unidos.jpg\"><img loading=\"lazy\" decoding=\"async\" class=\"aligncenter size-thumbnail wp-image-3790\" src=\"http:\/\/www.ctainternacionales.org\/wp-content\/uploads\/2017\/02\/migracion-infantil-hacia-estados-unidos-350x192.jpg\" alt=\"migracion-infantil-hacia-estados-unidos\" width=\"350\" height=\"192\" \/><\/a><\/p>\n<p>Se endurecen los criterios de expulsi\u00f3n y de denegaci\u00f3n de la residencia; se debilita el derecho a la defensa y se establece un tr\u00e1mite de expulsi\u00f3n expr\u00e9s; se ignoran el arraigo y la vinculaci\u00f3n familiar para dictaminar la expulsi\u00f3n; y se ampl\u00edan los casos en que los migrantes pueden ser detenidos.<\/p>\n<p>La ley 25.871 constituy\u00f3 un gran avance en materia de derechos para las personas migrantes en la Argentina, y vino a cambiar el paradigma vigente hasta ese momento donde se consideraba a los migrantes como una amenaza para la Seguridad Nacional. Dicha ley fue construida como lo debe ser toda norma que legisla sobre los derechos y la dignidad de las personas: con el consenso de un amplio arco de sectores sociales, pol\u00edticos y sindicales que trabajaron arduamente para lograrlo. Los trabajadores y trabajadoras fuimos una importante voz en ese proceso. La ley 25.871 constituy\u00f3 un avance no s\u00f3lo para la Rep\u00fablica Argentina, sino que se erigi\u00f3 en ejemplo y modelo de una legislaci\u00f3n progresista para otros pa\u00edses de la regi\u00f3n, siendo reconocida por innumerables organizaciones internacionales de derechos humanos. Fue tambi\u00e9n un importante paso que permiti\u00f3 avanzar en el proceso de integraci\u00f3n regional entre pa\u00edses hermanos.<\/p>\n<p>El decreto 70\/2017 es la cristalizaci\u00f3n de un proceso de regresividad en materia de derechos que ha sido motorizado por el Gobierno nacional argentino desde su asunci\u00f3n y del cual venimos alertando hace ya tiempo. Nuestra preocupaci\u00f3n es por la forma y por el contenido de la modificaci\u00f3n. El contenido es repudiable, ya que tiene como primer objetivo volver a asociar migraciones y criminalidad, pero que responde a un paradigma m\u00e1s amplio que intenta estigmatizar al diferente, al extranjero, al pobre, al joven, y culpabilizarlos de la crisis econ\u00f3mica y social que se est\u00e1 viviendo en la Argentina. Esta estrategia es harto conocida y por eso preocupa. La forma en que ha sido modificada la ley, esto es, a trav\u00e9s de un Decreto de Necesidad y Urgencia, recurriendo a una pol\u00e9mica tergiversaci\u00f3n de datos y estad\u00edsticas y utilizando una campa\u00f1a medi\u00e1tica para tratar de legitimar este decreto, constituye un atropello a los valores democr\u00e1ticos y un abuso de poder inadmisibles, m\u00e1xime cuando lo que se intenta atacar son los derechos humanos.<\/p>\n<p>Estos hechos preocupan a todos los trabajadores y trabajadoras del mundo, sobre todo en nuestra regi\u00f3n, ya que constituye un grave retroceso en materia de derechos humanos y de integraci\u00f3n regional. Genera una importante amenaza contra el Acuerdo sobre residencia para nacionales de los estados partes del Mercosur del 2002, as\u00ed como contra todos los avances que se han hecho para lograr la libre circulaci\u00f3n de las personas en la regi\u00f3n.<\/p>\n<p>Preocupa adem\u00e1s la situaci\u00f3n mundial que estamos atravesando, donde a la crisis humanitaria se le responde con discursos fascistas y xenof\u00f3bicos y con el endurecimiento de las pol\u00edticas migratorias. Por ello, desde la Confederaci\u00f3n Sindical de Trabajadores y Trabajadoras de las Am\u00e9ricas, repudiamos los cambios introducidos en la ley migratoria argentina, denunciamos el accionar y el discurso discriminatorio del Gobierno argentino, y consideramos indispensable un pronunciamiento contundente de cada uno de los pa\u00edses de la regi\u00f3n para defender a todos los y las trabajadores sin importar su nacionalidad.<\/p>\n<\/div>\n<div style=\"text-align: justify;\">* Equipo de Comunicaci\u00f3n de la Secretar\u00eda de Relaciones Internacionales de la CTA<\/div>\n","protected":false},"excerpt":{"rendered":"Con la promulgaci\u00f3n del decreto 70\/2017, por el cual el Gobierno argentino modific\u00f3 la Ley de Migraciones 25.871, se consum\u00f3 un importante proceso \n<a class=\"moretag\" href=\"https:\/\/ctainternacionales.org\/?p=3789\"> [...]<\/a>","protected":false},"author":1,"featured_media":0,"comment_status":"closed","ping_status":"closed","sticky":false,"template":"","format":"standard","meta":{"ngg_post_thumbnail":0,"footnotes":""},"categories":[],"tags":[],"class_list":["post-3789","post","type-post","status-publish","format-standard","hentry"],"_links":{"self":[{"href":"https:\/\/ctainternacionales.org\/index.php?rest_route=\/wp\/v2\/posts\/3789","targetHints":{"allow":["GET"]}}],"collection":[{"href":"https:\/\/ctainternacionales.org\/index.php?rest_route=\/wp\/v2\/posts"}],"about":[{"href":"https:\/\/ctainternacionales.org\/index.php?rest_route=\/wp\/v2\/types\/post"}],"author":[{"embeddable":true,"href":"https:\/\/ctainternacionales.org\/index.php?rest_route=\/wp\/v2\/users\/1"}],"replies":[{"embeddable":true,"href":"https:\/\/ctainternacionales.org\/index.php?rest_route=%2Fwp%2Fv2%2Fcomments&post=3789"}],"version-history":[{"count":1,"href":"https:\/\/ctainternacionales.org\/index.php?rest_route=\/wp\/v2\/posts\/3789\/revisions"}],"predecessor-version":[{"id":3791,"href":"https:\/\/ctainternacionales.org\/index.php?rest_route=\/wp\/v2\/posts\/3789\/revisions\/3791"}],"wp:attachment":[{"href":"https:\/\/ctainternacionales.org\/index.php?rest_route=%2Fwp%2Fv2%2Fmedia&parent=3789"}],"wp:term":[{"taxonomy":"category","embeddable":true,"href":"https:\/\/ctainternacionales.org\/index.php?rest_route=%2Fwp%2Fv2%2Fcategories&post=3789"},{"taxonomy":"post_tag","embeddable":true,"href":"https:\/\/ctainternacionales.org\/index.php?rest_route=%2Fwp%2Fv2%2Ftags&post=3789"}],"curies":[{"name":"wp","href":"https:\/\/api.w.org\/{rel}","templated":true}]}}