{"id":3785,"date":"2017-02-03T16:18:54","date_gmt":"2017-02-03T19:18:54","guid":{"rendered":"http:\/\/www.ctainternacionales.org\/?p=3785"},"modified":"2018-03-13T03:02:37","modified_gmt":"2018-03-13T06:02:37","slug":"la-cta-autonoma-en-defensa-de-las-personas-migrantes-y-contra-los-cambios-en-la-legislacion","status":"publish","type":"post","link":"https:\/\/ctainternacionales.org\/?p=3785","title":{"rendered":"La CTA Aut\u00f3noma en defensa de las personas migrantes y contra los cambios en la legislaci\u00f3n"},"content":{"rendered":"<p style=\"text-align: justify;\">La nueva embestida del Gobierno Nacional para estigmatizar y perseguir a las personas migrantes, cristalizada en la modificaci\u00f3n de la Ley de Migraciones 25.871 por el Decreto de Necesidad y Urgencia (DNU) 70\/2017, redunda en una violaci\u00f3n del contenido y del esp\u00edritu de la ley migratoria argentina que fue lograda gracias al consenso de un amplio arco de sectores sociales y pol\u00edticos, y que ha sido una ley modelo para todo el mundo en relaci\u00f3n al respeto de los derechos humanos.<!--more--><\/p>\n<p style=\"text-align: justify;\">El decreto extiende las causas que permiten la detenci\u00f3n y expulsi\u00f3n de migrantes en situaci\u00f3n irregular, incluyendo delitos tipificados no s\u00f3lo en el C\u00f3digo Penal, sino tambi\u00e9n en los c\u00f3digos contravencionales que establece cada jurisdicci\u00f3n, a la vez que modifica los tr\u00e1mites de expulsi\u00f3n para que sean inmediatas, sin control judicial ni una defensa legal adecuada. Justific\u00e1ndose en cifras sesgadas para asociar criminalidad y migraci\u00f3n, se vuelve as\u00ed a hacer de las migraciones una cuesti\u00f3n de Seguridad Nacional y no de Derechos Humanos.<\/p>\n<p style=\"text-align: justify;\">Ante este panorama, desde la CTA Aut\u00f3noma se vienen realizando acciones para denunciar al Gobierno argentino ante instancias internacionales y de derechos humanos, as\u00ed como para llevar el tema a las organizaciones de trabajadores de la regi\u00f3n ya que este tipo de medidas atenta particularmente contra la integraci\u00f3n regional.<\/p>\n<p style=\"text-align: justify;\">En este sentido, el secretario de Relaciones Internacionales de la CTA-A, Adolfo \u201cFito\u201d Aguirre, durante la jornada de hoy realizar\u00e1 una presentaci\u00f3n en Montevideo, donde funciona la sede del MERCOSUR, para denunciar estos cambios en la pol\u00edtica migratoria que sientan un peligroso retroceso en materia de derechos para todos los y las migrantes, y en particular para los migrantes de pa\u00edses vecinos, poniendo en riesgo los acuerdos alcanzados en la materia.<\/p>\n<p style=\"text-align: justify;\">\u201cCon la modificaci\u00f3n de la ley, el Gobierno no solamente busca endurecer los mecanismos de entrada y de expulsi\u00f3n de los extranjeros sino que busca volver al paradigma que asocia criminalidad y migraci\u00f3n, caracter\u00edstico de la \u00faltima dictadura militar. Este paradigma est\u00e1 atado a otra discusi\u00f3n que ha instalado el Gobierno respecto a la baja de edad de imputabilidad y que tiene como fin la estigmatizaci\u00f3n de los j\u00f3venes, los migrantes, los pobres, para constituirlos como chivos expiatorios ante una situaci\u00f3n de crisis econ\u00f3mica y social que se ha potenciado debido a las propias medidas de Gobierno\u201d, expres\u00f3 Aguirre.<\/p>\n<p style=\"text-align: justify;\">Tambi\u00e9n desde la Coordinadora de Centrales Sindicales del Cono Sur (CCSCS), se emiti\u00f3 un comunicado para rechazar el decreto que busca criminalizar las migraciones y que potencia las pol\u00edticas de exclusi\u00f3n.<\/p>\n<p style=\"text-align: justify;\">Asimismo, desde la Central se ha participado de una reuni\u00f3n el d\u00eda martes con un amplio espectro de organizaciones como el CELS, CAREF, la Universidad de Lan\u00fas, investigadores, entre otros, con el objetivo de coordinar estrategias para denunciar este grave retroceso de la legislaci\u00f3n migratoria y para generar canales informativos para contrarrestar la campa\u00f1a medi\u00e1tica que desde el Gobierno se ha instalado sobre el tema para justificar la medida.<\/p>\n<p style=\"text-align: justify;\">* Equipo de Comunicaci\u00f3n de la Secretar\u00eda de Relaciones Internacionales de la CTA<\/p>\n","protected":false},"excerpt":{"rendered":"La nueva embestida del Gobierno Nacional para estigmatizar y perseguir a las personas migrantes, cristalizada en la modificaci\u00f3n de la Ley de Migraciones \n<a class=\"moretag\" href=\"https:\/\/ctainternacionales.org\/?p=3785\"> [...]<\/a>","protected":false},"author":1,"featured_media":0,"comment_status":"closed","ping_status":"closed","sticky":false,"template":"","format":"standard","meta":{"ngg_post_thumbnail":0,"footnotes":""},"categories":[],"tags":[],"class_list":["post-3785","post","type-post","status-publish","format-standard","hentry"],"_links":{"self":[{"href":"https:\/\/ctainternacionales.org\/index.php?rest_route=\/wp\/v2\/posts\/3785","targetHints":{"allow":["GET"]}}],"collection":[{"href":"https:\/\/ctainternacionales.org\/index.php?rest_route=\/wp\/v2\/posts"}],"about":[{"href":"https:\/\/ctainternacionales.org\/index.php?rest_route=\/wp\/v2\/types\/post"}],"author":[{"embeddable":true,"href":"https:\/\/ctainternacionales.org\/index.php?rest_route=\/wp\/v2\/users\/1"}],"replies":[{"embeddable":true,"href":"https:\/\/ctainternacionales.org\/index.php?rest_route=%2Fwp%2Fv2%2Fcomments&post=3785"}],"version-history":[{"count":4,"href":"https:\/\/ctainternacionales.org\/index.php?rest_route=\/wp\/v2\/posts\/3785\/revisions"}],"predecessor-version":[{"id":4131,"href":"https:\/\/ctainternacionales.org\/index.php?rest_route=\/wp\/v2\/posts\/3785\/revisions\/4131"}],"wp:attachment":[{"href":"https:\/\/ctainternacionales.org\/index.php?rest_route=%2Fwp%2Fv2%2Fmedia&parent=3785"}],"wp:term":[{"taxonomy":"category","embeddable":true,"href":"https:\/\/ctainternacionales.org\/index.php?rest_route=%2Fwp%2Fv2%2Fcategories&post=3785"},{"taxonomy":"post_tag","embeddable":true,"href":"https:\/\/ctainternacionales.org\/index.php?rest_route=%2Fwp%2Fv2%2Ftags&post=3785"}],"curies":[{"name":"wp","href":"https:\/\/api.w.org\/{rel}","templated":true}]}}