{"id":3777,"date":"2017-02-02T13:17:25","date_gmt":"2017-02-02T16:17:25","guid":{"rendered":"http:\/\/www.ctainternacionales.org\/?p=3777"},"modified":"2017-02-02T13:43:21","modified_gmt":"2017-02-02T16:43:21","slug":"el-planeta-trump","status":"publish","type":"post","link":"https:\/\/ctainternacionales.org\/?p=3777","title":{"rendered":"El planeta Trump (AdolfoAguirre)"},"content":{"rendered":"<p style=\"text-align: justify;\"><a href=\"http:\/\/www.ctainternacionales.org\/wp-content\/uploads\/2017\/02\/MURO-TRUMP.jpg\"><br \/>\n<\/a>La primera semana de gobierno de Donald Trump deja varias reflexiones y preocupaciones respecto del camino que est\u00e1 tomando Estados Unidos. Por sus primeras decisiones, Trump est\u00e1 llevando adelante sus principales propuestas de campa\u00f1a, aunque todav\u00eda queda por verse hasta donde podr\u00e1 efectivamente cumplir con sus primeros decretos.<!--more--><\/p>\n<p><a href=\"http:\/\/www.ctainternacionales.org\/wp-content\/uploads\/2017\/02\/fito_aguirre.jpg\"><img loading=\"lazy\" decoding=\"async\" class=\"size-thumbnail wp-image-3778 aligncenter\" src=\"http:\/\/www.ctainternacionales.org\/wp-content\/uploads\/2017\/02\/fito_aguirre-350x233.jpg\" alt=\"????????????????????????????????????\" width=\"350\" height=\"233\" \/><\/a><\/p>\n<p style=\"text-align: justify;\">Una primera reflexi\u00f3n tiene que ver con los impactos de las medidas de Trump al interior de Estados Unidos. El gobierno Trump va a ser un gobierno de la elite, blanca, y predominantemente de hombres. Las audiencias de los ministros (secretarios en la jerga norteamericana) ya dej\u00f3 en claro el camino que tomar\u00e1 el nuevo gobierno:<\/p>\n<p style=\"text-align: justify;\">&#8211; Mano dura en las pol\u00edticas de seguridad, con un reflote de la pol\u00edtica de \u2018tolerancia cero\u2019 que significar\u00e1 m\u00e1s polic\u00edas y con todav\u00eda mayor libertad para actuar, en especial sobre minor\u00edas como los negros y los inmigrantes.<\/p>\n<p style=\"text-align: justify;\">&#8211; Un modelo de privatizaci\u00f3n de la educaci\u00f3n, donde el Estado aumenta los subsidios a las escuelas privadas.<\/p>\n<p style=\"text-align: justify;\">&#8211; Un modelo de mayor privatizaci\u00f3n del sistema de salud, tal como qued\u00f3 demostrado por uno de los primeros decretos de Trump, atacando al sistema de salud instaurado por el gobierno de Obama, que ya ten\u00eda sus falencias por beneficiar a los sistemas de salud privados. Esta medida dejar\u00eda sin cobertura de salud a los cerca de 20 millones de ciudadanos que consiguieron cobertura en los \u00faltimos dos a\u00f1os.<\/p>\n<p style=\"text-align: justify;\">&#8211; Un modelo econ\u00f3mico de mayores concesiones a los ricos y la clase media alta, con un recorte en los programas sociales hacia los sectores m\u00e1s pobres.<\/p>\n<p style=\"text-align: justify;\">&#8211; Un modelo conservador en lo judicial, con el nombramiento de la vacante en la Corte Suprema estadounidense para un juez conservador. El decreto de Trump respecto de la restricci\u00f3n de las pol\u00edticas sobre aborto es una se\u00f1al clara en esa direcci\u00f3n.<\/p>\n<p style=\"text-align: justify;\">&#8211; Por \u00faltimo, un modelo que no considera el cambio clim\u00e1tico como un problema y donde las energ\u00edas f\u00f3siles pasan a ser nuevamente la prioridad. El nombramiento del ex Ceo de Exxon como ministro de relaciones exteriores es una se\u00f1al muy preocupantes.<\/p>\n<p style=\"text-align: justify;\">Una segunda reflexi\u00f3n es lo que puede significar un gobierno de Trump hacia fuera de Estados Unidos. Su pol\u00edtica proteccionista y sus ataques al libre comercio son medidas bienvenidas para nuestros pa\u00edses, aunque no deben confundirse con una panacea. Esperamos una pol\u00edtica m\u00e1s agresiva en la agenda de libre comercio bilateral, con menos concesiones, y adem\u00e1s con un incremento de esos acuerdos por parte de China, la principal potencia librecambista de estos tiempos, tal lo anunci\u00f3 el presidente chino en la apertura del Foro Econ\u00f3mico de Davos. La lucha contra esos acuerdos deber\u00e1 seguir.<\/p>\n<p style=\"text-align: justify;\">Como ya lo expresamos en muchas ocasiones, no importa la agenda externa si no tenemos una pol\u00edtica de integraci\u00f3n regional concreta y fortalecida. El desprecio hacia el Mercosur y la Unasur por parte de los gobiernos de derecha latinoamericana s\u00f3lo fomentan nuestra debilidad frente a cualquiera de los escenarios posibles.<\/p>\n<p style=\"text-align: justify;\">Dos reflexiones finales que me parecen importantes, y que tienen que ver son los efectos indirectos de las pol\u00edticas de Trump al interior de EEUU que nos afectar\u00e1n a todos nosotros. Primero, su rechazo a la formaci\u00f3n de sindicatos y a las leyes laborales. Entre las principales concesiones que se plantearon en las reuniones con grupos industriales est\u00e1n, adem\u00e1s de las impositivas, flexibilizaciones en regulaciones de seguridad laboral y la posibilidad de saltear las leyes respecto de los salarios m\u00ednimos. Una derrota sindical de estas dimensiones en EEUU terminar\u00e1 tarde o temprano afectando negativamente a nuestras organizaciones. Una segunda reflexi\u00f3n es sobre la cuesti\u00f3n migratoria. El s\u00f3lo hecho del endurecimiento del discurso migratorio por parte de Trump no s\u00f3lo afecta la realidad de las migrantes en EEUU, sino que tambi\u00e9n habilita a un resurgir del discurso xen\u00f3fobo en todo el mundo. No es casualidad que tengamos en estos momentos un debate sobre nuestra ley migratoria, con el gobierno de Macri poni\u00e9ndose en la misma l\u00ednea del discurso del presidente norteamericano.<\/p>\n<p style=\"text-align: justify;\">Estamos en momentos donde el mundo no tiene una direcci\u00f3n clara. El triunfo de Donald Trump nos debe poner en el mayor estado de alerta y movilizaci\u00f3n posible. No es un candidato anti-establishment, como se lo presenta normalmente, sino que es \u00e9l mismo una parte del establishment econ\u00f3mico y pol\u00edtico. No hay que confundirse, el planeta se est\u00e1 incendiando y Trump lleg\u00f3 para tirarle m\u00e1s nafta.<\/p>\n","protected":false},"excerpt":{"rendered":"La primera semana de gobierno de Donald Trump deja varias reflexiones y preocupaciones respecto del camino que est\u00e1 tomando Estados Unidos. Por sus \n<a class=\"moretag\" href=\"https:\/\/ctainternacionales.org\/?p=3777\"> [...]<\/a>","protected":false},"author":1,"featured_media":0,"comment_status":"closed","ping_status":"closed","sticky":false,"template":"","format":"standard","meta":{"ngg_post_thumbnail":0,"footnotes":""},"categories":[],"tags":[],"class_list":["post-3777","post","type-post","status-publish","format-standard","hentry"],"_links":{"self":[{"href":"https:\/\/ctainternacionales.org\/index.php?rest_route=\/wp\/v2\/posts\/3777","targetHints":{"allow":["GET"]}}],"collection":[{"href":"https:\/\/ctainternacionales.org\/index.php?rest_route=\/wp\/v2\/posts"}],"about":[{"href":"https:\/\/ctainternacionales.org\/index.php?rest_route=\/wp\/v2\/types\/post"}],"author":[{"embeddable":true,"href":"https:\/\/ctainternacionales.org\/index.php?rest_route=\/wp\/v2\/users\/1"}],"replies":[{"embeddable":true,"href":"https:\/\/ctainternacionales.org\/index.php?rest_route=%2Fwp%2Fv2%2Fcomments&post=3777"}],"version-history":[{"count":5,"href":"https:\/\/ctainternacionales.org\/index.php?rest_route=\/wp\/v2\/posts\/3777\/revisions"}],"predecessor-version":[{"id":3784,"href":"https:\/\/ctainternacionales.org\/index.php?rest_route=\/wp\/v2\/posts\/3777\/revisions\/3784"}],"wp:attachment":[{"href":"https:\/\/ctainternacionales.org\/index.php?rest_route=%2Fwp%2Fv2%2Fmedia&parent=3777"}],"wp:term":[{"taxonomy":"category","embeddable":true,"href":"https:\/\/ctainternacionales.org\/index.php?rest_route=%2Fwp%2Fv2%2Fcategories&post=3777"},{"taxonomy":"post_tag","embeddable":true,"href":"https:\/\/ctainternacionales.org\/index.php?rest_route=%2Fwp%2Fv2%2Ftags&post=3777"}],"curies":[{"name":"wp","href":"https:\/\/api.w.org\/{rel}","templated":true}]}}