{"id":3758,"date":"2016-12-22T14:40:19","date_gmt":"2016-12-22T17:40:19","guid":{"rendered":"http:\/\/www.ctainternacionales.org\/?p=3758"},"modified":"2016-12-22T14:40:19","modified_gmt":"2016-12-22T17:40:19","slug":"sin-pobreza-el-capitalismo-deja-de-existir","status":"publish","type":"post","link":"https:\/\/ctainternacionales.org\/?p=3758","title":{"rendered":"\u201cSin pobreza el capitalismo deja de existir\u201d"},"content":{"rendered":"<p>Lagarder Danciu, el principal activista espa\u00f1ol \u2013de origen rumano\u2013 sobre el problema de los sin techo, est\u00e1 a punto de ser expulsado de su pa\u00eds por ser considerado una \u201camenaza social\u201d. Ser\u00eda un p\u00e9simo antecedente sobre persecuci\u00f3n judicial a los luchadores populares.<!--more--><\/p>\n<p><a href=\"http:\/\/www.ctainternacionales.org\/wp-content\/uploads\/2016\/12\/danciu.jpg\"><img loading=\"lazy\" decoding=\"async\" class=\"aligncenter size-thumbnail wp-image-3760\" src=\"http:\/\/www.ctainternacionales.org\/wp-content\/uploads\/2016\/12\/danciu-350x236.jpg\" alt=\"danciu\" width=\"350\" height=\"236\" \/><\/a>Unas doscientas personas, pocas pero entusiastas, celebraban un nuevo aniversario de la muerte del General Francisco Franco, el pasado 20 de noviembre, en la Plaza de Oriente de Madrid. Pelo al ras, camisas pardas, brazo derecho en alto: nada fuera de la norma en esa clase de actos. De pronto, alguien se hace espacio entre la modesta muchedumbre con un cartel que dice \u201cFranco, asesino\u201d. La consecuencia, por esperable, no deja de provocar estupor: lo molieron a palos. \u201cLos polic\u00edas me corrieron de ah\u00ed para que no siguieran peg\u00e1ndome, pero no detuvieron a ninguno de ellos\u201d, cuenta el protagonista de esta historia, ni m\u00e1s ni menos que Lagarder Danciu, uno de los activistas m\u00e1s notorios de Espa\u00f1a, a quien las im\u00e1genes virales de la tunda, tomadas por un periodista, lo hicieron un poco m\u00e1s famosos, esta vez, a nivel global.<\/p>\n<p>Lagarder es un gitano rumano emigrado a Espa\u00f1a a los once a\u00f1os y, m\u00e1s all\u00e1 del incidente con los nost\u00e1lgicos de Franco, es tambi\u00e9n la advertencia m\u00e1s destacada sobre uno de los principales problemas de ese pa\u00eds europeo: las personas sin hogar que viven en la calle. \u201cLa situaci\u00f3n de las personas sin techo de Espa\u00f1a es de emergencia social, muchos han muerto en la calle por falta de servicios sociales b\u00e1sicos. Los partidos PP y PSOE han privatizado los servicios que hoy d\u00eda est\u00e1n en manos de grandes empresas\u201d, destaca en di\u00e1logo con Sangrre. \u201cEn las calles de Espa\u00f1a cada seis d\u00edas muere una persona sin techo y las autoridades no hacen nada para parar estos asesinatos de gente empobrecida y expulsada del sistema\u201d. \u00c9l mismo vive voluntariamente en la calle desde 2015, para dar testimonio sobre esta problem\u00e1tica.<\/p>\n<p>Pero no fue esa golpiza, aunque dolorosa, lo m\u00e1s grave que le ha pasado a Lagarder en los \u00faltimos meses. Pesa sobre \u00e9l la amenaza de ser expulsado de Espa\u00f1a por ser considerado \u201cuna amenaza social\u201d. El motivo, una detenci\u00f3n el pasado 6 de diciembre durante las celebraciones del D\u00eda de la Constituci\u00f3n, en M\u00e1laga, cuando intent\u00f3 visibilizar la contradicci\u00f3n entre esos festejos y los derechos consagrados en esa Carta Magna, hija del Pacto de la Moncloa, que el propio estado no se molesta en hacer cumplir. \u201cNos estamos muriendo en la calle\u201d, se lo escucha gritar mientras la polic\u00eda lo detiene. De concretarse, la extradici\u00f3n del activista rumano ser\u00eda un serio precedente para toda Europa, ya que se tratar\u00eda del primer ciudadano comunitario expulsado por causas pol\u00edticas de un pa\u00eds que integra la comunidad. \u201cSoy un peligro para el gobierno por haber logrado visibilizar la miseria de la calle, la pobreza severa de Espa\u00f1a que afecta a 3.5 millones de espa\u00f1oles. Soy un peligro para los pol\u00edticos ya que con el activismo de calle pongo en evidencia su torpeza y la falta de humanidad. Los pol\u00edticos son responsables directos de la pobreza de Espa\u00f1a y ahora pretenden callarme con la expulsi\u00f3n para que sigan humillando al pueblo espa\u00f1ol. No voy a callar, seguir\u00e9 protestando ante las injusticias\u201d, desaf\u00eda v\u00eda Twitter. \u201cNo es cuesti\u00f3n solo de Espa\u00f1a, en Europa hay m\u00e1s de doce millones de personas sin techo y en Estados Unidos otros millones. Es el capitalismo que se sustenta en la pobreza. Sin pobreza el capitalismo deja de existir\u201d.<\/p>\n<p>Lagarder es un internauta inquieto y sus cuentas en las distintas redes sociales, bajo el nombre de Largarder Activista, tienen decenas de miles de seguidores. Las administra desde un tel\u00e9fono celular cuyo servicio costean los integrantes de una organizaci\u00f3n sin techo de la ciudad de C\u00e1diz. Ha trabajado como educador en varias instituciones espa\u00f1olas y hasta ha colaborado con la propia polic\u00eda como traductor. Sobre su peculiar decisi\u00f3n de convertirse en homeless cuenta que \u201cestaba a punto de ser desahuciado \u2013desalojado\u2013 de mi casa y as\u00ed es como he decidido unirme a la gente de la calle y hacer visible la situaci\u00f3n de pobreza severa que sufrimos. Estoy en la calle para documentar y narrar las historias de la gente de la calle y pedir al gobierno soluciones para las m\u00e1s de 50.000 personas sin techo. A nadie le gusta vivir en la calle, somos gente expulsada por este sistema individualista que ignora nuestros derechos\u201d.<\/p>\n<p>Ahora, Largarder se encuentra a la espera de la resoluci\u00f3n de su caso, que ya ha provocado manifestaciones p\u00fablicas de apoyo, como la realizada el pasado 17 de diciembre en el centro de la ciudad de M\u00e1laga. \u201cLa situaci\u00f3n judicial est\u00e1 en su fase de inicio ya que la Brigada de Extranjer\u00eda de M\u00e1laga ha iniciado la orden de expulsi\u00f3n. Mi abogado ha presentado recurso y estamos a la espera de la decisi\u00f3n del juzgado, que m\u00e1s que seguro va a archivar la orden de expulsi\u00f3n, ya que no tiene base jur\u00eddica alguna. Este gobierno utiliza las instituciones como cortijo \u2013en el sentido de coartada\u2013 para reprimir a los activistas que luchamos en defensa de los derechos humanos\u201d. Su parecido con casos similares, de resonancia internacional, ocurridos recientemente en Argentina no es mera coincidencia.<\/p>\n<p>No obstante su acuciante situaci\u00f3n, Largarder contin\u00faa su campa\u00f1a de esclarecimiento sobre uno de los principales problemas de las grandes urbes contempor\u00e1neas. \u201cLa soluci\u00f3n es sencilla: la autogesti\u00f3n, que se dejen a las propias personas que padecen pobreza participar. El asistencialismo y la caridad cronifica la pobreza y de aqu\u00ed el problema. La autogesti\u00f3n es el camino perfecto para acabar con el sinhogarismo, pero el capitalismo no quiere que nos organicemos, teme a una sociedad igualitaria y sin pobres\u201d, concluye.<\/p>\n<p>por Sebasti\u00e1n Scigliano<\/p>\n<blockquote class=\"wp-embedded-content\" data-secret=\"iaiAEotMTK\"><p><a href=\"https:\/\/sangrre.com.ar\/2016\/12\/22\/sin-pobreza-el-capitalismo-deja-de-existir\/\">\u201cSin pobreza el capitalismo deja de existir\u201d<\/a><\/p><\/blockquote>\n<p><iframe loading=\"lazy\" class=\"wp-embedded-content\" sandbox=\"allow-scripts\" security=\"restricted\" style=\"position: absolute; clip: rect(1px, 1px, 1px, 1px);\" title=\"&#8220;\u201cSin pobreza el capitalismo deja de existir\u201d&#8221; &#8212; Sangrre\" src=\"https:\/\/sangrre.com.ar\/2016\/12\/22\/sin-pobreza-el-capitalismo-deja-de-existir\/embed\/#?secret=ejHSllNONG#?secret=iaiAEotMTK\" data-secret=\"iaiAEotMTK\" width=\"600\" height=\"338\" frameborder=\"0\" marginwidth=\"0\" marginheight=\"0\" scrolling=\"no\"><\/iframe><\/p>\n<p>&nbsp;<\/p>\n","protected":false},"excerpt":{"rendered":"Lagarder Danciu, el principal activista espa\u00f1ol \u2013de origen rumano\u2013 sobre el problema de los sin techo, est\u00e1 a punto de ser expulsado de \n<a class=\"moretag\" href=\"https:\/\/ctainternacionales.org\/?p=3758\"> [...]<\/a>","protected":false},"author":1,"featured_media":0,"comment_status":"closed","ping_status":"closed","sticky":false,"template":"","format":"standard","meta":{"ngg_post_thumbnail":0,"footnotes":""},"categories":[],"tags":[],"class_list":["post-3758","post","type-post","status-publish","format-standard","hentry"],"_links":{"self":[{"href":"https:\/\/ctainternacionales.org\/index.php?rest_route=\/wp\/v2\/posts\/3758","targetHints":{"allow":["GET"]}}],"collection":[{"href":"https:\/\/ctainternacionales.org\/index.php?rest_route=\/wp\/v2\/posts"}],"about":[{"href":"https:\/\/ctainternacionales.org\/index.php?rest_route=\/wp\/v2\/types\/post"}],"author":[{"embeddable":true,"href":"https:\/\/ctainternacionales.org\/index.php?rest_route=\/wp\/v2\/users\/1"}],"replies":[{"embeddable":true,"href":"https:\/\/ctainternacionales.org\/index.php?rest_route=%2Fwp%2Fv2%2Fcomments&post=3758"}],"version-history":[{"count":3,"href":"https:\/\/ctainternacionales.org\/index.php?rest_route=\/wp\/v2\/posts\/3758\/revisions"}],"predecessor-version":[{"id":3762,"href":"https:\/\/ctainternacionales.org\/index.php?rest_route=\/wp\/v2\/posts\/3758\/revisions\/3762"}],"wp:attachment":[{"href":"https:\/\/ctainternacionales.org\/index.php?rest_route=%2Fwp%2Fv2%2Fmedia&parent=3758"}],"wp:term":[{"taxonomy":"category","embeddable":true,"href":"https:\/\/ctainternacionales.org\/index.php?rest_route=%2Fwp%2Fv2%2Fcategories&post=3758"},{"taxonomy":"post_tag","embeddable":true,"href":"https:\/\/ctainternacionales.org\/index.php?rest_route=%2Fwp%2Fv2%2Ftags&post=3758"}],"curies":[{"name":"wp","href":"https:\/\/api.w.org\/{rel}","templated":true}]}}