{"id":3751,"date":"2016-12-22T13:15:25","date_gmt":"2016-12-22T16:15:25","guid":{"rendered":"http:\/\/www.ctainternacionales.org\/?p=3751"},"modified":"2016-12-22T13:33:21","modified_gmt":"2016-12-22T16:33:21","slug":"exigimos-la-inmediata-liberacion-de-milagro-sala","status":"publish","type":"post","link":"https:\/\/ctainternacionales.org\/?p=3751","title":{"rendered":"Exigimos la inmediata liberaci\u00f3n de Milagro Salas"},"content":{"rendered":"<p style=\"text-align: justify;\">Mientras se desarrolla el juicio contra la dirigente Milagro Sala, el Secretario de Relaciones Internacionales de la CTA-Aut\u00f3noma, Adolfo \u201cFito\u201d Aguirre, reiter\u00f3 su preocupaci\u00f3n por el encarcelamiento de la dirigente y exigi\u00f3 en una misiva a la Canciller Susana Malcorra su inmediata liberaci\u00f3n. Adem\u00e1s repudi\u00f3 la represi\u00f3n y la agresi\u00f3n policial contra quienes se acercaron a presenciar la \u00faltima audiencia p\u00fablica del juicio oral.<!--more--><a href=\"http:\/\/www.ctainternacionales.org\/wp-content\/uploads\/2016\/12\/milagro10.jpg\"><img loading=\"lazy\" decoding=\"async\" class=\"aligncenter size-thumbnail wp-image-3752\" src=\"http:\/\/www.ctainternacionales.org\/wp-content\/uploads\/2016\/12\/milagro10-350x524.jpg\" alt=\"milagro10\" width=\"350\" height=\"524\" \/><\/a><!--more--><\/p>\n<p style=\"text-align: justify;\">Milagro Sala se encuentra enfrentando un juicio oral y p\u00fablico por una manifestaci\u00f3n popular que termin\u00f3 en un escrache al entonces senador Gerardo Morales, realizada el 16 de octubre de 2009, de la que Milagro no particip\u00f3. Hace ya un a\u00f1o que se encuentra en prisi\u00f3n preventiva, en una clara violaci\u00f3n de las garant\u00edas m\u00e1s fundamentales. Fueron numerosas las personalidades y organizaciones nacionales e internacionales que se expresaron para denunciar la ilegalidad de dicha medida. Incluso el Grupo de Trabajo de Naciones Unidas, en su opini\u00f3n 31\/2016 con fecha del 21 de octubre estableci\u00f3 el car\u00e1cter arbitrario de la detenci\u00f3n preventiva de Milagro Sala, la cual se torna violatoria de los est\u00e1ndares del Pacto Internacional de Derechos Civiles y Pol\u00edticos, del cual Argentina es parte.<\/p>\n<p style=\"text-align: justify;\">En la carta enviada a la canciller Malcorra, Fito Aguirre expres\u00f3 \u201cLa detenci\u00f3n de Milagro Sala constituye un peligroso antecedente contra las libertades fundamentales, con una clara intencionalidad de criminalizar la protesta social y estigmatizar a dirigentes sociales hist\u00f3ricos a modo de generar un disciplinamiento del conflicto social. Como parte del movimiento de trabajadores organizados desde la CTA-Aut\u00f3noma, no permitiremos este tipo de avances contra los derechos que tan caros son a la democracia de nuestro pa\u00eds, y exigimos al Gobierno argentino que tome las medidas necesarias para proceder a la inmediata liberaci\u00f3n de Milagro Sala\u201d.<\/p>\n<p style=\"text-align: justify;\">La carta enviada forma parte de una denuncia m\u00e1s amplia realizada internacionalmente al gobierno argentino por criminalizar la protesta social. En este sentido Fito Aguirre expres\u00f3 \u201cvamos a avanzar en una denuncia internacional al gobierno de Macri y al gobierno de Gerardo Morales, por ser promotores de la criminalizaci\u00f3n de la protesta social y de la persecuci\u00f3n de los dirigentes sociales y pol\u00edticos\u201d.<\/p>\n<p style=\"text-align: justify;\"><strong>Adjuntamos aqu\u00ed la nota enviada a la Canciller Malcorra.<\/strong><\/p>\n<div class=\"page\" style=\"text-align: justify;\" title=\"Page 1\">\n<div class=\"layoutArea\"><\/div>\n<div class=\"layoutArea\">\n<div class=\"column\">\n<p>Por medio de la presente, y en mi calidad de Secretario de Relaciones Internacionales de la Central de Trabajadores de la Argentina (CTA-Aut\u00f3noma), vuelvo a expresar mi preocupaci\u00f3n y rechazo ante la detenci\u00f3n arbitraria de la hist\u00f3rica dirigente y Diputada del Parlasur, Milagro Sala y a ratificar el pedido por su inmediata liberaci\u00f3n.<\/p>\n<p>El Gobierno Nacional tiene el deber de honrar y cumplir tanto la legislaci\u00f3n nacional como los Pactos, Protocolos y Tratados Internacionales en lo que respecta particularmente al respeto a las libertades fundamentales y al debido proceso. Sin embargo, el Grupo de Trabajo de Naciones Unidas, en su opini\u00f3n 31\/2016 con fecha del 21 de octubre estableci\u00f3 el car\u00e1cter arbitrario de la detenci\u00f3n preventiva de Milagro Sala, la cual se torna violatoria de los est\u00e1ndares del Pacto Internacional de Derechos Civiles y Pol\u00edticos, del cual Argentina es parte.<\/p>\n<p>Por su parte, el Secretario General de la OEA, en una misiva fechada el 28 de noviembre del corriente, realiz\u00f3 un expreso llamado al Estado argentino para que tome las acciones necesarias a fin de liberarla. La CIDH realiz\u00f3 lo propio al considerar, que la presunci\u00f3n de inocencia es la base para la regla general de que \u201ctoda persona sometida a proceso penal debe ser juzgada en libertad\u201d. Entendiendo que la prisi\u00f3n preventiva es excepcional, s\u00f3lo puede extenderse por un per\u00edodo razonable y no puede ser usada como una medida punitiva, ha expresado su preocupaci\u00f3n con respecto a la detenci\u00f3n preventiva prolongada de Milagro Sala, y<\/p>\n<\/div>\n<\/div>\n<\/div>\n<div class=\"page\" title=\"Page 2\">\n<div class=\"layoutArea\">\n<div class=\"column\">\n<p style=\"text-align: justify;\">ha llamado al Estado argentino, en particular a la provincia de Jujuy, a tomar acciones urgentes para responder las recomendaciones emitidas por el Grupo de Trabajo de la ONU.<\/p>\n<p style=\"text-align: justify;\">Asimismo, como fruto de la solidaridad y de la organizaci\u00f3n internacional de los trabajadores, desde la Confederaci\u00f3n Sindical de las Am\u00e9ricas (CSA) y la Confederaci\u00f3n Sindical Internacional (CSI), de las cuales la CTA-A es afiliada, se han lanzado sendas misivas y realizado campa\u00f1as para denunciar la creciente criminalizaci\u00f3n de la protesta social en la Argentina. En particular, durante la \u00faltima reuni\u00f3n del Consejo General de la CSI que tuvo lugar en la ciudad de Viena, Austria, durante los d\u00edas 29 y 30 de noviembre \u00faltimo, la Secretaria General de la CSI, Sharan Burrow, ha ratificado el exhorto al Gobierno argentino para que proceda a la inmediata liberaci\u00f3n de Milagro Sala, en consonancia con lo expresado por los organismos internacionales previamente citados.<\/p>\n<p style=\"text-align: justify;\">La detenci\u00f3n de Milagro Sala constituye un peligroso antecedente contra las libertades fundamentales, con una clara intencionalidad de criminalizar la protesta social y estigmatizar a dirigentes sociales hist\u00f3ricos a modo de generar un disciplinamiento del conflicto social.<\/p>\n<p style=\"text-align: justify;\">Como parte del movimiento de trabajadores organizados desde la CTA-Aut\u00f3noma, no permitiremos este tipo de avances contra los derechos que tan caros son a la democracia de nuestro pa\u00eds, y exigimos al Gobierno argentino atienda los reclamos nacionales e internacionales y que tome las medidas necesarias para proceder a la inmediata liberaci\u00f3n de Milagro Sala.<\/p>\n<p style=\"text-align: justify;\">Esperando considere la presente nota, la saluda atentamente,<\/p>\n<p style=\"text-align: justify;\">Adolfo \u201cFito\u201d Aguirre Secretario de Relaciones Internacionales<\/p>\n<p style=\"text-align: justify;\">Central de Trabajadores de la Argentina CTA- Aut\u00f3noma<\/p>\n<\/div>\n<\/div>\n<\/div>\n","protected":false},"excerpt":{"rendered":"Mientras se desarrolla el juicio contra la dirigente Milagro Sala, el Secretario de Relaciones Internacionales de la CTA-Aut\u00f3noma, Adolfo \u201cFito\u201d Aguirre, reiter\u00f3 su \n<a class=\"moretag\" href=\"https:\/\/ctainternacionales.org\/?p=3751\"> [...]<\/a>","protected":false},"author":1,"featured_media":0,"comment_status":"closed","ping_status":"closed","sticky":false,"template":"","format":"standard","meta":{"ngg_post_thumbnail":0,"footnotes":""},"categories":[],"tags":[],"class_list":["post-3751","post","type-post","status-publish","format-standard","hentry"],"_links":{"self":[{"href":"https:\/\/ctainternacionales.org\/index.php?rest_route=\/wp\/v2\/posts\/3751","targetHints":{"allow":["GET"]}}],"collection":[{"href":"https:\/\/ctainternacionales.org\/index.php?rest_route=\/wp\/v2\/posts"}],"about":[{"href":"https:\/\/ctainternacionales.org\/index.php?rest_route=\/wp\/v2\/types\/post"}],"author":[{"embeddable":true,"href":"https:\/\/ctainternacionales.org\/index.php?rest_route=\/wp\/v2\/users\/1"}],"replies":[{"embeddable":true,"href":"https:\/\/ctainternacionales.org\/index.php?rest_route=%2Fwp%2Fv2%2Fcomments&post=3751"}],"version-history":[{"count":4,"href":"https:\/\/ctainternacionales.org\/index.php?rest_route=\/wp\/v2\/posts\/3751\/revisions"}],"predecessor-version":[{"id":3756,"href":"https:\/\/ctainternacionales.org\/index.php?rest_route=\/wp\/v2\/posts\/3751\/revisions\/3756"}],"wp:attachment":[{"href":"https:\/\/ctainternacionales.org\/index.php?rest_route=%2Fwp%2Fv2%2Fmedia&parent=3751"}],"wp:term":[{"taxonomy":"category","embeddable":true,"href":"https:\/\/ctainternacionales.org\/index.php?rest_route=%2Fwp%2Fv2%2Fcategories&post=3751"},{"taxonomy":"post_tag","embeddable":true,"href":"https:\/\/ctainternacionales.org\/index.php?rest_route=%2Fwp%2Fv2%2Ftags&post=3751"}],"curies":[{"name":"wp","href":"https:\/\/api.w.org\/{rel}","templated":true}]}}