{"id":3743,"date":"2016-12-01T13:04:05","date_gmt":"2016-12-01T16:04:05","guid":{"rendered":"http:\/\/www.ctainternacionales.org\/?p=3743"},"modified":"2016-12-01T13:04:05","modified_gmt":"2016-12-01T16:04:05","slug":"la-cta-se-movilizo-en-la-ciudad-de-buenos-aires-contra-la-criminalizacion-de-la-lucha-de-los-azucareros","status":"publish","type":"post","link":"https:\/\/ctainternacionales.org\/?p=3743","title":{"rendered":"La CTA se moviliz\u00f3 en la Ciudad de Buenos Aires contra la criminalizaci\u00f3n de la lucha de los azucareros"},"content":{"rendered":"<p style=\"text-align: justify;\">Con el objetivo de nacionalizar el conflicto de los azucareros de Salta y Jujuy, en defensa de su leg\u00edtimo derecho a organizarse, la CTA Aut\u00f3noma se moviliz\u00f3 ayer por las calles c\u00e9ntricas de la Ciudad Aut\u00f3noma de Buenos Aires. Se exigi\u00f3 el cese de la persecuci\u00f3n y la represi\u00f3n a los azucareros en la conformaci\u00f3n de la Federaci\u00f3n Azucarera Regional (FAR).<!--more--><\/p>\n<p style=\"text-align: justify;\">La concentraci\u00f3n fue en Diagonal Norte y Suipacha, donde se encuentra la Casa de la Provincia de Salta en Capital Federal. All\u00ed se entreg\u00f3 el informe elaborado por el Observatorio del Derecho Social de la Central sobre la cr\u00edtica situaci\u00f3n en la que est\u00e1n los trabajadores del az\u00facar del norte argentino.<\/p>\n<p style=\"text-align: justify;\">El Secretario Adjunto de la CTA, Ricardo Peidro, salud\u00f3 a los compa\u00f1eros azucareros, ejemplo de pelea, resistencia y dignidad: \u00ablas patronales quieren que nuestras luchas sean sectoriales, y ante eso tenemos que demostrar toda la unidad posible en la pelea contra el ajuste y las patronales de los grupos econ\u00f3micos\u00bb.<\/p>\n<p style=\"text-align: justify;\">Por el Sindicato de Trabajadores del Ingenio San Isidro, Mariano Cuenca -quien tiene 47 procesos penales por estar al frente de la lucha de los trabajadores-, manifest\u00f3 la emoci\u00f3n y felicidad de estar compartiendo sus luchas con tantos compa\u00f1eros y compa\u00f1eras: \u00abhoy los trabajadores estamos viviendo momentos muy dif\u00edciles, estamos siendo golpeados por un gobierno oligarca que pretende que cedamos derechos y avanzar con nuestros convenios colectivos\u00bb.<\/p>\n<p style=\"text-align: justify;\"><a href=\"http:\/\/www.ctainternacionales.org\/wp-content\/uploads\/2016\/12\/161130-azucareros-baires-nota4.jpg\"><img loading=\"lazy\" decoding=\"async\" class=\"aligncenter size-thumbnail wp-image-3744\" src=\"http:\/\/www.ctainternacionales.org\/wp-content\/uploads\/2016\/12\/161130-azucareros-baires-nota4-350x226.jpg\" alt=\"161130-azucareros-baires-nota4\" width=\"350\" height=\"226\" \/><\/a><\/p>\n<p style=\"text-align: justify;\">Claudio Colque, de El Tabacal explic\u00f3 que los compa\u00f1eros est\u00e1n viviendo una situaci\u00f3n muy complicada ante el ajuste y la creciente inflaci\u00f3n, donde los salarios se ven cada vez m\u00e1s afectados: \u00abSi hacen falta 100 d\u00edas de paros, lo vamos hacer porque no vamos a entregar nuestra lucha\u00bb, ratific\u00f3 Colque.<\/p>\n<p style=\"text-align: justify;\">Las columnas de compa\u00f1eros y compa\u00f1eras de los Ingenios junto a la CTA Aut\u00f3noma, CTA Capital y provincia de Buenos Aires, ATE, UST, el Frente Salvador Herrera, la CCC, Unidad Popular, entre otros, se movilizaron a trav\u00e9s de Carlos Pellegrini hacia la Avenida Santa Fe, donde se encuentra la Casa de la Provincia de Jujuy.<\/p>\n<p style=\"text-align: justify;\">Ante un edificio completamente vallado, y rodeados de efectivos de la polic\u00eda, Victor De Gennaro habl\u00f3 sobre el trabajo realizado por el equipo del Observatorio del Derecho Social coordinado por su director Horacio Meguira: \u00abEl informe habla sobre la situaci\u00f3n ambiental, social y econ\u00f3mica de los ingenios y de c\u00f3mo se enriquecen las empresas tratando de ahogar la lucha de los trabajadores\u00bb. Asimismo explic\u00f3 que la creciente criminalizaci\u00f3n no es m\u00e1s que una respuesta a los niveles organizativos que han conseguido los azucareros en a\u00f1os de lucha: \u00absigan adelante con la conformaci\u00f3n de la Federaci\u00f3n Azucarera Regional, que si responden a eso, vamos a salir a la calle tambi\u00e9n ac\u00e1 en Capital para demostrar que si tocan a uno, nos tocan a todos\u00bb.<\/p>\n<p style=\"text-align: justify;\"><a href=\"http:\/\/www.ctainternacionales.org\/wp-content\/uploads\/2016\/12\/161130-azucareros-baires-nota1.jpg\"><img loading=\"lazy\" decoding=\"async\" class=\"aligncenter size-thumbnail wp-image-3745\" src=\"http:\/\/www.ctainternacionales.org\/wp-content\/uploads\/2016\/12\/161130-azucareros-baires-nota1-350x199.jpg\" alt=\"161130-azucareros-baires-nota1\" width=\"350\" height=\"199\" \/><\/a><\/p>\n<p style=\"text-align: justify;\">N\u00e9stor Bautista, Secretario Gremial del Sindicato de Trabajadores del Ingenio La Esperanza trajo el saludo de los 1300 compa\u00f1eros que se encuentran en La Esperanza, trabajando en la defensa del Ingenio y de las fuentes de trabajo: \u00abpara nosotros es un sue\u00f1o cumplido poder traer a la gran Capital nuestra propuesta, y hacerles saber a ustedes c\u00f3mo est\u00e1 actuando el poder pol\u00edtico de Morales para dejarnos afuera del circuito de trabajo. Pero como estamos resistiendo, no van a poder cumplir con su cometido\u00bb.<\/p>\n<p style=\"text-align: justify;\">El \u00faltimo orador de la jornada fue Rafael Vargas, Secretario General del Sindicato de Obreros y Empleados del Az\u00facar del Ingenio Ledesma: \u00abqueremos decirle p\u00fablicamente a Blaquier que no le tenemos miedo, y que de la misma forma que hemos denunciado su participaci\u00f3n en delitos de lesa humanidad, ahora no nos va a temblar la voz en decir que considera m\u00e1quinas a sus trabajadores que est\u00e1n en el campo\u00bb, dijo Vargas a la vez que denunci\u00f3 que Blaquier controla minuciosamente todas las acciones del sindicato, en vanos intentos de debilitar la organizaci\u00f3n de los trabajadores.<\/p>\n","protected":false},"excerpt":{"rendered":"Con el objetivo de nacionalizar el conflicto de los azucareros de Salta y Jujuy, en defensa de su leg\u00edtimo derecho a organizarse, la \n<a class=\"moretag\" href=\"https:\/\/ctainternacionales.org\/?p=3743\"> [...]<\/a>","protected":false},"author":1,"featured_media":0,"comment_status":"closed","ping_status":"closed","sticky":false,"template":"","format":"standard","meta":{"ngg_post_thumbnail":0,"footnotes":""},"categories":[],"tags":[],"class_list":["post-3743","post","type-post","status-publish","format-standard","hentry"],"_links":{"self":[{"href":"https:\/\/ctainternacionales.org\/index.php?rest_route=\/wp\/v2\/posts\/3743","targetHints":{"allow":["GET"]}}],"collection":[{"href":"https:\/\/ctainternacionales.org\/index.php?rest_route=\/wp\/v2\/posts"}],"about":[{"href":"https:\/\/ctainternacionales.org\/index.php?rest_route=\/wp\/v2\/types\/post"}],"author":[{"embeddable":true,"href":"https:\/\/ctainternacionales.org\/index.php?rest_route=\/wp\/v2\/users\/1"}],"replies":[{"embeddable":true,"href":"https:\/\/ctainternacionales.org\/index.php?rest_route=%2Fwp%2Fv2%2Fcomments&post=3743"}],"version-history":[{"count":1,"href":"https:\/\/ctainternacionales.org\/index.php?rest_route=\/wp\/v2\/posts\/3743\/revisions"}],"predecessor-version":[{"id":3746,"href":"https:\/\/ctainternacionales.org\/index.php?rest_route=\/wp\/v2\/posts\/3743\/revisions\/3746"}],"wp:attachment":[{"href":"https:\/\/ctainternacionales.org\/index.php?rest_route=%2Fwp%2Fv2%2Fmedia&parent=3743"}],"wp:term":[{"taxonomy":"category","embeddable":true,"href":"https:\/\/ctainternacionales.org\/index.php?rest_route=%2Fwp%2Fv2%2Fcategories&post=3743"},{"taxonomy":"post_tag","embeddable":true,"href":"https:\/\/ctainternacionales.org\/index.php?rest_route=%2Fwp%2Fv2%2Ftags&post=3743"}],"curies":[{"name":"wp","href":"https:\/\/api.w.org\/{rel}","templated":true}]}}