{"id":3735,"date":"2016-11-03T11:40:27","date_gmt":"2016-11-03T14:40:27","guid":{"rendered":"http:\/\/www.ctainternacionales.org\/?p=3735"},"modified":"2016-11-03T11:40:45","modified_gmt":"2016-11-03T14:40:45","slug":"por-la-democracia-y-contra-el-neoliberalismo","status":"publish","type":"post","link":"https:\/\/ctainternacionales.org\/?p=3735","title":{"rendered":"Por la Democracia y contra el Neoliberalismo"},"content":{"rendered":"<p style=\"text-align: justify;\">El Tratado de Comercio sobre Servicios (TISA), el Tratado del Trans-Pac\u00edfico (TTP), el Acuerdo de Cooperaci\u00f3n del Atl\u00e1ntico (TTIP), sumados a los avisos de inter\u00e9s por firmar un acuerdo de libre comercio con Estados Unidos por parte de ministros del gabinete argentino en una reciente visita a Washington, son muestras cabales que el libre comercio no est\u00e1 muerto y que las clases dominantes contin\u00faan buscando estos acuerdos.<!--more--><\/p>\n<p style=\"text-align: justify;\"><a href=\"http:\/\/www.ctainternacionales.org\/wp-content\/uploads\/2016\/11\/foto12-3-25000.jpg\"><img loading=\"lazy\" decoding=\"async\" class=\"aligncenter size-thumbnail wp-image-3736\" src=\"http:\/\/www.ctainternacionales.org\/wp-content\/uploads\/2016\/11\/foto12-3-25000-350x238.jpg\" alt=\"foto12-3-25000\" width=\"350\" height=\"238\" \/><\/a><\/p>\n<p style=\"text-align: justify;\">Este panorama no nos detiene en nuestra lucha por sociedades m\u00e1s justas. En noviembre del 2015, reunidos en La Habana, la Confederaci\u00f3n Sindical de las Am\u00e9ricas (CSA) en alianza con movimientos sociales de todo el continente, conmemoramos el d\u00e9cimo aniversario de la derrota del ALCA.<\/p>\n<p style=\"text-align: justify;\">Ese encuentro sirvi\u00f3 para reflexionar sobre lo que fue la lucha continental m\u00e1s ambiciosa que hemos tenido en tres d\u00e9cadas, pero tambi\u00e9n para pensar en los retos actuales que tenemos y en la necesidad de retomar la senda de la movilizaci\u00f3n a nivel continental.<\/p>\n<p style=\"text-align: justify;\">Tumbar ese tratado de libre comercio en 2005 fue una lucha conjunta de sindicatos, movimientos sociales y gobiernos.<\/p>\n<p style=\"text-align: justify;\">Hoy la situaci\u00f3n es muy diferente, con gobiernos progresistas amenazados por el avance de la derecha a nivel mundial y especialmente en nuestra regi\u00f3n.<\/p>\n<p style=\"text-align: justify;\">Los gobiernos de derecha actuales, con el macrismo como punta de lanza, nos traen agendas ya conocidas, rompiendo con los intentos, d\u00e9biles estructuralmente, de integraci\u00f3n que intentamos en la \u00faltima d\u00e9cada, y retomando la agenda del libre comercio.<\/p>\n<p style=\"text-align: justify;\">Ante esto, es momento de reaccionar.<\/p>\n<p style=\"text-align: justify;\">Es momento de volver a movilizarnos a nivel continental, con un objetivo com\u00fan, y con una perspectiva de lucha independiente del ritmo de los procesos pol\u00edtico-electorales.<\/p>\n<p style=\"text-align: justify;\">No somos indiferentes a \u00e9stos, pero necesitamos mantenernos activos en las calles, que son nuestra principal fuente de poder.<\/p>\n<p style=\"text-align: justify;\">En este contexto, el 4 de noviembre se llevar\u00e1 adelante la Jornada Continental por la Democracia y contra el Neoliberalismo, con actos, movilizaciones y eventos en todo el continente.<\/p>\n<p style=\"text-align: justify;\">En Argentina, estaremos volviendo a Mar del Plata, como hace una d\u00e9cada, para gritar fuerte que el neoliberalismo no tiene lugar en nuestras sociedades y que vamos a pelear no s\u00f3lo por la democracia que tenemos, sino por la profundizaci\u00f3n de la democracia en nuestros pa\u00edses.<\/p>\n<p style=\"text-align: justify;\">Adem\u00e1s de gritar \u00a1Ni un paso atr\u00e1s!, vamos a reafirmar que no nos conformamos con lo logrado, con lo posible, y vamos por lo necesario.<\/p>\n","protected":false},"excerpt":{"rendered":"El Tratado de Comercio sobre Servicios (TISA), el Tratado del Trans-Pac\u00edfico (TTP), el Acuerdo de Cooperaci\u00f3n del Atl\u00e1ntico (TTIP), sumados a los avisos \n<a class=\"moretag\" href=\"https:\/\/ctainternacionales.org\/?p=3735\"> [...]<\/a>","protected":false},"author":1,"featured_media":0,"comment_status":"closed","ping_status":"closed","sticky":false,"template":"","format":"standard","meta":{"ngg_post_thumbnail":0,"footnotes":""},"categories":[],"tags":[],"class_list":["post-3735","post","type-post","status-publish","format-standard","hentry"],"_links":{"self":[{"href":"https:\/\/ctainternacionales.org\/index.php?rest_route=\/wp\/v2\/posts\/3735","targetHints":{"allow":["GET"]}}],"collection":[{"href":"https:\/\/ctainternacionales.org\/index.php?rest_route=\/wp\/v2\/posts"}],"about":[{"href":"https:\/\/ctainternacionales.org\/index.php?rest_route=\/wp\/v2\/types\/post"}],"author":[{"embeddable":true,"href":"https:\/\/ctainternacionales.org\/index.php?rest_route=\/wp\/v2\/users\/1"}],"replies":[{"embeddable":true,"href":"https:\/\/ctainternacionales.org\/index.php?rest_route=%2Fwp%2Fv2%2Fcomments&post=3735"}],"version-history":[{"count":1,"href":"https:\/\/ctainternacionales.org\/index.php?rest_route=\/wp\/v2\/posts\/3735\/revisions"}],"predecessor-version":[{"id":3737,"href":"https:\/\/ctainternacionales.org\/index.php?rest_route=\/wp\/v2\/posts\/3735\/revisions\/3737"}],"wp:attachment":[{"href":"https:\/\/ctainternacionales.org\/index.php?rest_route=%2Fwp%2Fv2%2Fmedia&parent=3735"}],"wp:term":[{"taxonomy":"category","embeddable":true,"href":"https:\/\/ctainternacionales.org\/index.php?rest_route=%2Fwp%2Fv2%2Fcategories&post=3735"},{"taxonomy":"post_tag","embeddable":true,"href":"https:\/\/ctainternacionales.org\/index.php?rest_route=%2Fwp%2Fv2%2Ftags&post=3735"}],"curies":[{"name":"wp","href":"https:\/\/api.w.org\/{rel}","templated":true}]}}