{"id":3725,"date":"2016-10-25T11:59:25","date_gmt":"2016-10-25T14:59:25","guid":{"rendered":"http:\/\/www.ctainternacionales.org\/?p=3725"},"modified":"2016-10-25T12:01:39","modified_gmt":"2016-10-25T15:01:39","slug":"puerto-iguazu-el-grito-de-lucha-contra-el-neoliberalismo","status":"publish","type":"post","link":"https:\/\/ctainternacionales.org\/?p=3725","title":{"rendered":"Puerto Iguaz\u00fa: El grito de lucha contra el neoliberalismo"},"content":{"rendered":"<p style=\"text-align: justify;\">El 21 de octubre se llev\u00f3 a cabo un encuentro internacional en la ciudad de Puerto Iguaz\u00fa, Misiones como parte de las actividades de la Jornada Continental por la Democracia y Contra el Neoliberalismo que tendr\u00e1 como punto c\u00falmine el 4 de noviembre pr\u00f3ximo, con actividades a nivel regional, nacional, y local.<!--more--><\/p>\n<p style=\"text-align: justify;\"><a href=\"http:\/\/www.ctainternacionales.org\/wp-content\/uploads\/2016\/10\/foto01-13.jpg\"><img loading=\"lazy\" decoding=\"async\" class=\"aligncenter size-thumbnail wp-image-3726\" src=\"http:\/\/www.ctainternacionales.org\/wp-content\/uploads\/2016\/10\/foto01-13-350x188.jpg\" alt=\"foto01-13\" width=\"350\" height=\"188\" \/><\/a><\/p>\n<p style=\"text-align: justify;\">La actividad comenz\u00f3 con un seminario internacional que cont\u00f3 con la participaci\u00f3n de compa\u00f1eros y compa\u00f1eras trabajadores de Argentina, Paraguay, Brasil y Uruguay. Estuvieron presentes delegaciones internacionales de las centrales paraguayas CUT-Aut\u00e9ntica y CUT, la CUT Brasil, PIT-CNT del Uruguay, como as\u00ed tambi\u00e9n delegaciones de las tres centrales argentinas, de la Confederaci\u00f3n Sindical de las Am\u00e9ricas (CSA), de la Coordinadora de Centrales Sindicales del Cono Sur (CCSCS), y de la Confederaci\u00f3n Latinoamericana y del Caribe de Trabajadores Estatales (CLATE).<\/p>\n<p style=\"text-align: justify;\">A las delegaciones internacionales se sum\u00f3 la presencia de compa\u00f1eros y compa\u00f1eras de la seccional de ATE y CTA-A Puerto Iguaz\u00fa, del secretario General de la CTA-A Misiones Jorge \u00abKoki\u00bb Duarte; del emblem\u00e1tico dirigente de la CTA Iguaz\u00fa, Edgardo Landa; de Juan \u00abChito\u00bb Pasaman, Secretario de Organizaci\u00f3n de la Central misionera entre otros compa\u00f1eros de Puerto Iguaz\u00fa y de Posadas. De CTA-A provincia de Buenos Aires y de Capital Federal llegaron tambi\u00e9n numerosos compa\u00f1eros y compa\u00f1eras que viajaron una gran cantidad de horas para poder hacerse presentes. Asimismo participaron compa\u00f1eros estudiantes secundarios de la FENAES del Paraguay, compa\u00f1eros y compa\u00f1eras de la CCC, de Patria Grande- Alba, entre otros.<\/p>\n<p style=\"text-align: justify;\">En el encuentro se busc\u00f3 habilitar el intercambio y debatir en un contexto fraterno para dar respuestas a los avances en la regi\u00f3n del Neoliberalismo y organizarnos en una alianza amplia de unidad para defender la soberan\u00eda y la democracia de nuestros pueblos.<\/p>\n<p style=\"text-align: justify;\">El puntapi\u00e9 inicial del seminario tuvo lugar a partir de las exposiciones de los dirigentes sindicales que all\u00ed estaban presentes y comenz\u00f3 con el saludo y la bienvenida de Lucas Loza, Secretario General de ATE Puerto Iguaz\u00fa y Secretario adjunto de CTA.<\/p>\n<p style=\"text-align: justify;\"><a href=\"http:\/\/www.ctainternacionales.org\/wp-content\/uploads\/2016\/10\/CTA4352.jpg\"><img loading=\"lazy\" decoding=\"async\" class=\"aligncenter size-thumbnail wp-image-3727\" src=\"http:\/\/www.ctainternacionales.org\/wp-content\/uploads\/2016\/10\/CTA4352-350x223.jpg\" alt=\"_cta4352\" width=\"350\" height=\"223\" \/><\/a><\/p>\n<p style=\"text-align: justify;\">Las palabras de apertura estuvieron a cargo de Adolfo \u201c Fito\u201d Aguirre, Secretario de Relaciones Internacionales de la CTA-Aut\u00f3noma, quien expres\u00f3 un profundo agradecimiento a todo el equipo de la seccional de Puerto Iguaz\u00fa por recibir a un amplio contingente de compa\u00f1eros del Cono Sur con una fraterna hospitalidad. Subray\u00f3 la necesidad de una reflexi\u00f3n colectiva para decidir c\u00f3mo orientar la movilizaci\u00f3n popular, que como es parte de nuestra identidad, nunca debe cesar. \u201cHoy las t\u00e9cnicas de asalto al Estado son cada vez m\u00e1s refinadas, con participaci\u00f3n estelar del poder medi\u00e1tico y judicial, se trata de nuevas tecnolog\u00edas de dominaci\u00f3n de un capitalismo globalizado. Son las transnacionales que ya est\u00e1n ac\u00e1 las que amenazan nuestro trabajo y condiciones de vida. Por eso debemos reflexionar y revisar nuestra estrategia, ya no alcanza con lo posible, debemos pasar a un mundo necesario porque este mundo no aguanta. Y para ello tenemos que conmocionar al pueblo para vencer a las transnacionales que pretenden ponernos de rodillas. Hoy estamos m\u00e1s organizados y decidimos encontrarnos aqu\u00ed y movilizarnos para cambiar este modelo\u201d.<\/p>\n<p style=\"text-align: justify;\">Ana Aguilera, representante del PIT-CNT de Uruguay, destac\u00f3 la responsabilidad hist\u00f3rica del movimiento sindical y su capacidad de transformar el mundo porque \u201cest\u00e1 en todas partes, sabiendo que el \u00fanico camino, la \u00fanica respuesta es la unidad para luchar contra la precarizaci\u00f3n, la violencia que sufrimos las mujeres. No podemos regalarle la cabeza de los m\u00e1s pobres a las clases dominantes. Luchamos por una sociedad sin explotados ni explotadores\u00bb.<\/p>\n<p style=\"text-align: justify;\"><a href=\"http:\/\/www.ctainternacionales.org\/wp-content\/uploads\/2016\/10\/CTA4604.jpg\"><img loading=\"lazy\" decoding=\"async\" class=\"aligncenter size-thumbnail wp-image-3728\" src=\"http:\/\/www.ctainternacionales.org\/wp-content\/uploads\/2016\/10\/CTA4604-350x196.jpg\" alt=\"_cta4604\" width=\"350\" height=\"196\" \/><\/a><\/p>\n<p style=\"text-align: justify;\">Rafael Freire, Secretario de Pol\u00edtica Econ\u00f3mica y Desarrollo Sustentable de la Confederaci\u00f3n Sindical de las Am\u00e9ricas (CSA), afirm\u00f3 \u201cen primer lugar, quiero felicitar a las mujeres argentinas que hicieron una de las movilizaciones m\u00e1s grandes del planeta el pasado 19 de octubre y denunciaron el patriarcado y la violencia. No habr\u00e1 democracia con mujeres violadas, con el machismo y el patriarcado\u201d. Y agreg\u00f3 \u201cla buena noticia es que hoy aqu\u00ed no estamos de rodillas, estamos de pie y luchando. Estamos junto a militantes que viajaron muchos kil\u00f3metros para estar aqu\u00ed, movimientos sociales, sindicatos, tenemos condiciones para luchar. Por eso nos reunimos el a\u00f1o pasado en La Habana y decidimos luchar por la democracia, contra los autoritarismos y los golpes, en contra de los tratados de libre comercio y las transnacionales, en contra del neoliberalismo y por la soberan\u00eda de nuestros pueblos. La idea de la jornada es que no se termine el 4 de noviembre, es que siga. Nosotros producimos documentos de trabajo y la idea es que cada sindicato cada movimiento pueda trasladar eso en formaci\u00f3n pol\u00edtica, para que cada trabajador sepa contra qu\u00e9 debemos luchar. Queremos otro mundo necesario donde las personas y no las finanzas sean el centro\u00bb.<\/p>\n<p style=\"text-align: justify;\">Roberto Baradel, Secretario de Relaciones Internacionales de la CTA de los Trabajadores, expres\u00f3 \u201ctenemos un desaf\u00edo que surge luego de nuestra experiencia de derrota al ALCA, porque las grandes empresas vuelven al ataque para gobernar con el neoliberalismo. Debemos fortalecer nuestra unidad y luchar contra ese gran enemigo a partir del sujeto pol\u00edtico que somos los trabajadores\u00bb.<\/p>\n<p style=\"text-align: justify;\"><a href=\"http:\/\/www.ctainternacionales.org\/wp-content\/uploads\/2016\/10\/CTA5396-2.jpg\"><img loading=\"lazy\" decoding=\"async\" class=\"aligncenter size-thumbnail wp-image-3729\" src=\"http:\/\/www.ctainternacionales.org\/wp-content\/uploads\/2016\/10\/CTA5396-2-350x233.jpg\" alt=\"_cta5396-2\" width=\"350\" height=\"233\" \/><\/a><\/p>\n<p style=\"text-align: justify;\">Luis Bazzano, Secretario General de la Confederaci\u00f3n Latinoamericana de Trabajadores del Estado, afirm\u00f3 que \u201cnuestra lucha es una lucha permanente y constante contra las estrategias del gran capital. Creemos en la verdadera integraci\u00f3n de los pueblos latinoamericanos y tenemos una gran preocupaci\u00f3n por la situaci\u00f3n del continente, la modificaci\u00f3n de la correlaci\u00f3n de fuerzas, que se quiera hacer retroceder en los derechos conquistados. Recuperamos la experiencia de Uruguay donde la lucha intensa de los trabajadores en las calles pudo persuadir al gobierno para salir del TISA. As\u00ed como estuvimos en Mar del Plata para derrotar el ALCA, estaremos presente para dar la pelea. Viva la unidad de los trabajadores\u201d.<\/p>\n<p style=\"text-align: justify;\">Bernardo Rojas, Presidente de la Central Unitaria de Trabajadores Autentica (CUT-A) de Paraguay, tambi\u00e9n se dirigi\u00f3 a los presentes. Expres\u00f3 que \u201ceste es un momento oportuno para reagruparnos, porque el enemigo no duerme en los laureles. Hay un peligro de conculcar las conquistas de trabajadores. Y a eso le respondemos reafirmando nuestra postura de defensa inclaudicable de los trabajadores. Tenemos la responsabilidad como dirigentes que estamos a la cabeza, de redoblar el esfuerzo\u00bb.<\/p>\n<p style=\"text-align: justify;\">Antonio Jara, Secretario General de la Coordinadora de Centrales Sindicales del Cono Sur (CCSCS), tom\u00f3 la palabra y sentenci\u00f3 \u201choy debemos jugar un papel importante como lo hicimos en la lucha contra el ALCA. Estos tratados de libre comercio son a\u00fan peores que el ALCA, el esfuerzo se redobla pero nuestra lucha no se agota. Vamos a presentar una denuncia a las canciller\u00edas para que se aplique la cl\u00e1usula democr\u00e1tica a Brasil, porque en Brasil no hay democracia, el gobierno de temer es ilegal e ilegitimo.\u201d<\/p>\n<p style=\"text-align: justify;\">Tambi\u00e9n estuvo presente la compa\u00f1era Aniell de la Central \u00danica de Trabajadores (CUT) de Brasil, que salud\u00f3 la lucha de las mujeres argentinas contra la violencia machista y destac\u00f3 la presencia de las delegaciones de diversos puntos del Cono Sur. Y a greg\u00f3 \u201ces preciso dar cada vez m\u00e1s voz a los j\u00f3venes, a los trabajadores rurales de las ciudades. Tenemos una gran tarea de integraci\u00f3n de lucha, esta jornada va a traer esperanza\u201d.<\/p>\n<p style=\"text-align: justify;\"><a href=\"http:\/\/www.ctainternacionales.org\/wp-content\/uploads\/2016\/10\/foto17-56da7.jpg\"><img loading=\"lazy\" decoding=\"async\" class=\"aligncenter size-thumbnail wp-image-3730\" src=\"http:\/\/www.ctainternacionales.org\/wp-content\/uploads\/2016\/10\/foto17-56da7-350x255.jpg\" alt=\"foto17-56da7\" width=\"350\" height=\"255\" \/><\/a><\/p>\n<p style=\"text-align: justify;\">Luego del intenso trabajo en el seminario, tuvo lugar la concentraci\u00f3n en la Plaza \u201cSan Martin\u201d de la ciudad de Iguaz\u00fa a las 17 horas. Comenzaron a llegar compa\u00f1eros militantes de las distintas y m\u00faltiples organizaciones; cada uno con su bandera o estandarte fusion\u00e1ndose en una \u00fanica columna con destino al Hito de las Tres Fronteras. Al cabo de uno minutos se conform\u00f3 una columna que refleja la riqueza, heterogeneidad y la diversidad de la Jornada; y con la convicci\u00f3n de que los pueblos no est\u00e1n dispuestos a renunciar ni ceder frente a las pol\u00edticas ni sistemas que precaricen la vida o pongan en riesgo sus soberan\u00edas o democracias.<\/p>\n<p style=\"text-align: justify;\">El emblem\u00e1tico Hito de la Triple Frontera donde confluyen los R\u00edos Iguaz\u00fa y Paran\u00e1, escenario natural que por s\u00ed mismo desaf\u00eda las fronteras y los l\u00edmites del capitalismo es donde las costas de Brasil y Paraguay de fondo y las m\u00faltiples expresiones fueron testigos del acto central. All\u00ed fueron reafirmados los pilares de la Jornada y a las 20hs. se realiz\u00f3 un festival que dio cierre a una intensa jornada que consolida la unidad de los pueblos y comunidades. Campesinos, estudiantes, y trabajadores sin importar los l\u00edmites impuestos por fronteras debatieron propuestas y se organizaron a favor de la integraci\u00f3n, por las democracias, las soberan\u00edas y la defensa de derechos fundamentales que permitan una vida digna.<\/p>\n<p style=\"text-align: justify;\">* Equipo de Comunicaci\u00f3n de la Secretar\u00eda de Relaciones Internacionales de la CTA<\/p>\n<p style=\"text-align: justify;\">Fotografia Walter Piedras<\/p>\n","protected":false},"excerpt":{"rendered":"El 21 de octubre se llev\u00f3 a cabo un encuentro internacional en la ciudad de Puerto Iguaz\u00fa, Misiones como parte de las actividades \n<a class=\"moretag\" href=\"https:\/\/ctainternacionales.org\/?p=3725\"> [...]<\/a>","protected":false},"author":1,"featured_media":0,"comment_status":"closed","ping_status":"closed","sticky":false,"template":"","format":"standard","meta":{"ngg_post_thumbnail":0,"footnotes":""},"categories":[],"tags":[],"class_list":["post-3725","post","type-post","status-publish","format-standard","hentry"],"_links":{"self":[{"href":"https:\/\/ctainternacionales.org\/index.php?rest_route=\/wp\/v2\/posts\/3725","targetHints":{"allow":["GET"]}}],"collection":[{"href":"https:\/\/ctainternacionales.org\/index.php?rest_route=\/wp\/v2\/posts"}],"about":[{"href":"https:\/\/ctainternacionales.org\/index.php?rest_route=\/wp\/v2\/types\/post"}],"author":[{"embeddable":true,"href":"https:\/\/ctainternacionales.org\/index.php?rest_route=\/wp\/v2\/users\/1"}],"replies":[{"embeddable":true,"href":"https:\/\/ctainternacionales.org\/index.php?rest_route=%2Fwp%2Fv2%2Fcomments&post=3725"}],"version-history":[{"count":3,"href":"https:\/\/ctainternacionales.org\/index.php?rest_route=\/wp\/v2\/posts\/3725\/revisions"}],"predecessor-version":[{"id":3733,"href":"https:\/\/ctainternacionales.org\/index.php?rest_route=\/wp\/v2\/posts\/3725\/revisions\/3733"}],"wp:attachment":[{"href":"https:\/\/ctainternacionales.org\/index.php?rest_route=%2Fwp%2Fv2%2Fmedia&parent=3725"}],"wp:term":[{"taxonomy":"category","embeddable":true,"href":"https:\/\/ctainternacionales.org\/index.php?rest_route=%2Fwp%2Fv2%2Fcategories&post=3725"},{"taxonomy":"post_tag","embeddable":true,"href":"https:\/\/ctainternacionales.org\/index.php?rest_route=%2Fwp%2Fv2%2Ftags&post=3725"}],"curies":[{"name":"wp","href":"https:\/\/api.w.org\/{rel}","templated":true}]}}