{"id":3721,"date":"2016-10-12T13:35:38","date_gmt":"2016-10-12T16:35:38","guid":{"rendered":"http:\/\/www.ctainternacionales.org\/?p=3721"},"modified":"2016-10-12T13:35:38","modified_gmt":"2016-10-12T16:35:38","slug":"hacia-la-jornada-continental-por-la-democracia-y-contra-el-neoliberalismo","status":"publish","type":"post","link":"https:\/\/ctainternacionales.org\/?p=3721","title":{"rendered":"Hacia la Jornada Continental por la Democracia y contra el Neoliberalismo"},"content":{"rendered":"<p style=\"text-align: justify;\">La ciudad de Puerto de Iguaz\u00fa, en Misiones, ser\u00e1 el escenario donde se realice una importante actividad en el marco de la Jornada Continental por la Democracia y contra el Neoliberalismo, el pr\u00f3ximo 21 de octubre, convocada por la CTA-Aut\u00f3noma junto a la Confederaci\u00f3n Sindical de las Am\u00e9ricas (CSA).<!--more--><\/p>\n<div class=\"crayon article-texte-21436 textoa\" style=\"text-align: justify;\">\n<p><a href=\"http:\/\/www.ctainternacionales.org\/wp-content\/uploads\/2016\/10\/Afiche-Logo-CTA_1_.jpg\"><img loading=\"lazy\" decoding=\"async\" class=\"aligncenter size-full wp-image-3722\" src=\"http:\/\/www.ctainternacionales.org\/wp-content\/uploads\/2016\/10\/Afiche-Logo-CTA_1_.jpg\" alt=\"afiche-logo-cta_1_\" width=\"283\" height=\"400\" \/><\/a><\/p>\n<p>La actividad se desarrollar\u00e1 en tres momentos: la Jornada comenzar\u00e1 con un Encuentro Internacional de 10 a 13 horas con referentes de centrales de trabajadores y movimientos sociales de Argentina, Paraguay y Brasil, y con la presencia de organizaciones de toda Am\u00e9rica Latina con el objetivo de intercambiar informaci\u00f3n acerca de la coyuntura actual y del avance del neoliberalismo en nuestra regi\u00f3n de cara a construir una gran movilizaci\u00f3n para el 4 de noviembre. Luego se realizar\u00e1 una marcha a las 17 horas desde la Plaza San Mart\u00edn para confluir en un acto central en el Hito de las tres fronteras a las 18,00, donde tambi\u00e9n habr\u00e1n intervenciones art\u00edsticas y musicales.<\/p>\n<p>Sobre la importancia de realizar esta actividad en la triple frontera Adolfo \u201cFito\u201d Aguirre, Secretario de Relaciones Internacionales expres\u00f3: \u201cLa triple frontera es un lugar estrat\u00e9gico para defender la integraci\u00f3n y la soberan\u00eda de nuestros pueblos frente al avance de un modelo neoliberal que est\u00e1 afectando duramente a los tres pa\u00edses hermanos y que busca recurrir a la militarizaci\u00f3n de la regi\u00f3n para garantizar su continuidad\u201d.<\/p>\n<p>La Jornada Continental es una iniciativa amplia de articulaci\u00f3n en la que participa la CTA-Aut\u00f3noma y la CSA junto a otras centrales sindicales, movimientos sociales, campesinos y feministas con el objetivo de hacer frente a los embates del modelo neoliberal que est\u00e1 arremetiendo en la regi\u00f3n, operando a trav\u00e9s de empresas multinacionales y tratados de libre comercio de nueva generaci\u00f3n. Este modelo viene acompa\u00f1ado por golpes a la democracia, como sucedi\u00f3 con el Golpe en Brasil, con un avance de la militarizaci\u00f3n y con ataques a la integraci\u00f3n regional.<\/p>\n<p>Por ello se ha trabajado en una agenda de la campa\u00f1a que est\u00e1 organizada alrededor de tres ejes: la lucha contra el libre comercio y las transnacionales; la profundizaci\u00f3n de los procesos democr\u00e1ticos y la defensa de las soberan\u00edas; y la integraci\u00f3n desde los pueblos.<\/p>\n<p>Este encuentro, as\u00ed como el lanzamiento de la Jornada el pasado 27 de septiembre en el anfiteatro de ATE y los distintos talleres y actividades que se han venido realizando desde la CTA-A en este sentido, tiene como objetivo confluir en una gran movilizaci\u00f3n en el marco de la Jornada Continental por la Democracia y contra el Neoliberalismo para el 4 de noviembre, cuando se conmemora los once a\u00f1os del hist\u00f3rico No al ALCA, para decir: \u00a1Ni un paso atr\u00e1s! Porque los Pueblos seguimos en lucha por nuestra integraci\u00f3n, autodeterminaci\u00f3n y soberan\u00eda contra el libre comercio y las transnacionales.<\/p>\n<\/div>\n<div style=\"text-align: justify;\">* Equipo de Comunicaci\u00f3n de la Secretar\u00eda de Relaciones Internacionales de la CTA<\/div>\n","protected":false},"excerpt":{"rendered":"La ciudad de Puerto de Iguaz\u00fa, en Misiones, ser\u00e1 el escenario donde se realice una importante actividad en el marco de la Jornada \n<a class=\"moretag\" href=\"https:\/\/ctainternacionales.org\/?p=3721\"> [...]<\/a>","protected":false},"author":1,"featured_media":0,"comment_status":"closed","ping_status":"closed","sticky":false,"template":"","format":"standard","meta":{"ngg_post_thumbnail":0,"footnotes":""},"categories":[],"tags":[],"class_list":["post-3721","post","type-post","status-publish","format-standard","hentry"],"_links":{"self":[{"href":"https:\/\/ctainternacionales.org\/index.php?rest_route=\/wp\/v2\/posts\/3721","targetHints":{"allow":["GET"]}}],"collection":[{"href":"https:\/\/ctainternacionales.org\/index.php?rest_route=\/wp\/v2\/posts"}],"about":[{"href":"https:\/\/ctainternacionales.org\/index.php?rest_route=\/wp\/v2\/types\/post"}],"author":[{"embeddable":true,"href":"https:\/\/ctainternacionales.org\/index.php?rest_route=\/wp\/v2\/users\/1"}],"replies":[{"embeddable":true,"href":"https:\/\/ctainternacionales.org\/index.php?rest_route=%2Fwp%2Fv2%2Fcomments&post=3721"}],"version-history":[{"count":1,"href":"https:\/\/ctainternacionales.org\/index.php?rest_route=\/wp\/v2\/posts\/3721\/revisions"}],"predecessor-version":[{"id":3723,"href":"https:\/\/ctainternacionales.org\/index.php?rest_route=\/wp\/v2\/posts\/3721\/revisions\/3723"}],"wp:attachment":[{"href":"https:\/\/ctainternacionales.org\/index.php?rest_route=%2Fwp%2Fv2%2Fmedia&parent=3721"}],"wp:term":[{"taxonomy":"category","embeddable":true,"href":"https:\/\/ctainternacionales.org\/index.php?rest_route=%2Fwp%2Fv2%2Fcategories&post=3721"},{"taxonomy":"post_tag","embeddable":true,"href":"https:\/\/ctainternacionales.org\/index.php?rest_route=%2Fwp%2Fv2%2Ftags&post=3721"}],"curies":[{"name":"wp","href":"https:\/\/api.w.org\/{rel}","templated":true}]}}