{"id":3716,"date":"2016-10-05T11:55:42","date_gmt":"2016-10-05T14:55:42","guid":{"rendered":"http:\/\/www.ctainternacionales.org\/?p=3716"},"modified":"2016-10-05T12:00:18","modified_gmt":"2016-10-05T15:00:18","slug":"el-no-gano-en-el-plebiscito-por-la-paz","status":"publish","type":"post","link":"https:\/\/ctainternacionales.org\/?p=3716","title":{"rendered":"El \u2018No\u2019 gan\u00f3 en el Plebiscito por la Paz"},"content":{"rendered":"<p style=\"text-align: justify;\">el No se impuso por 50,23% en el plebiscito sobre los acuerdos entre el gobierno de Santos y las FARC. Cabe destacar que este resultado se dio en el marco de una amplia abstenci\u00f3n sonde se presentaron a votar s\u00f3lo el 37% de los votantes activos, el No se impuso por una ajustada diferencia con el 50,23% de los votos sobre el S\u00ed, una escasa diferencia de 60.000 votos sobre un total 13.000.000.<br \/>\nEl resultado implic\u00f3 un rev\u00e9s para el presidente Santos, ya que con este acuerdo se jugaba plebiscitar su figura y su mandato ante la baja popularidad de su gobierno y se la crisis econ\u00f3mica que atraviesa el pa\u00eds. Pero el rev\u00e9s no afecta solo al presidente Santos, sino tambi\u00e9n a los distintos actores internacionales que se involucraron en los acuerdos: el imperialismo estadounidense participo mediante un enviado especial en los acuerdos de La Habana y Obama pretend\u00eda adjudicarse la Paz, como parte de su Gobierno. El No implico, por lo tanto, tambi\u00e9n, un rev\u00e9s para la pol\u00edtica de reposicionamiento del imperialismo de EEUU que se hab\u00eda iniciado con la pol\u00edtica exterior \u201cde apertura\u201d con Cuba, y que inclu\u00eda el giro a la derecha de Argentina. El golpe institucional en Brasil y las presiones para una transici\u00f3n Poschavista en Venezuela.<br \/>\nDel otro lado, por la opci\u00f3n del NO aparece el ex presidente El ex presidente Alvaro Uribe, aparece como el principal ganador al haber sido qui\u00e9n encabez\u00f3 el voto por el NO a los acuerdos, que reclamaba t\u00e9rminos m\u00e1s duros en la negociaci\u00f3n. El plebiscito era vinculante en cuanto al contenido de los acuerdos pero no sobre el proceso de di\u00e1logo entre el gobierno y las FARC, por lo que de momento quedan inhabilitadas las condiciones del acuerdo firmado en La Habana, y se deber\u00eda abrir una nueva ronda de negociaciones, aunque a\u00fan no se saben los plazos ni las condiciones.<\/p>\n<p style=\"text-align: justify;\"><a href=\"http:\/\/www.ctainternacionales.org\/wp-content\/uploads\/2016\/10\/b790c652312644b82d636d1bba534bfd.jpg\"><img loading=\"lazy\" decoding=\"async\" class=\"aligncenter size-thumbnail wp-image-3718\" src=\"http:\/\/www.ctainternacionales.org\/wp-content\/uploads\/2016\/10\/b790c652312644b82d636d1bba534bfd-350x234.jpg\" alt=\"b790c652312644b82d636d1bba534bfd\" width=\"350\" height=\"234\" \/><\/a><br \/>\nLa opci\u00f3n por el No encarno muchas voces que expresaban: \u00ab\u00bfPor qu\u00e9 los guerrilleros no van a ir presos? Si quieren dejar las armas que las dejen. Si quieren entrar en pol\u00edtica que entren, pero que primero vayan a la c\u00e1rcel\u00bb o \u00bfPor qu\u00e9 un guerrillero va a recibir un subsidio de 1.300.000 pesos? (450 d\u00f3lares) \u00bfY yo qu\u00e9? Yo gano 700.000 pesos (242 d\u00f3lares) y nunca mat\u00e9 ni secuestr\u00e9 a nadie\u00bb, era una de las frases m\u00e1s repetidas por gente de a pie en referencia a la ayuda econ\u00f3mica que el gobierno le iba a entregar a los desmovilizados para que se reintegraran a la sociedad. Cuestionamientos todos, que Santos no pudo resolver a favor del Si, como quedo evidenciado, aunque reiteramos, que no con una gran diferencia en las urnas.<br \/>\nTras conocerse los resultados del plesbicito, La Farc se expres\u00f3 a trav\u00e9s de su m\u00e1ximo comandante, Rodrigo Lodo\u00f1o. En sus palabras: \u201c\u00bbCon el resultado de hoy sabemos que nuestro reto como movimiento pol\u00edtico es todav\u00eda m\u00e1s grande y nos requiere m\u00e1s fuertes para construir la paz estable y duradera\u00bby que \u00abLas FARC-EP mantienen su voluntad de paz y reiteran su disposici\u00f3n de usar solamente la palabra como arma de construcci\u00f3n hacia futuro\u00bb. No cabe duda, luego de leer estas palabras que La Farc quiere reconvertirse a un partido pol\u00edtico del R\u00e9gimen Colombiano y que por ello est\u00e1n dispuestos a abrir alg\u00fan tipo de negociaci\u00f3n.<br \/>\nPor su parte, Santos, dando un poco de luz a la incertidumbre imperante y con una derecha fortalecida a pesar de lo ajustado del resultado y declar\u00f3: \u201cMa\u00f1ana mismo convocar\u00e9 a todas las fuerzas pol\u00edticas y en particular a las que se manifestaron por el \u2019No\u2019 para escucharlas, para abrir espacios de di\u00e1logo y determinar el camino a seguir\u00bb.<\/p>\n<p><strong>Comunicado de las FARC-EP luego de los resultados del plebiscito<\/strong><\/p>\n<p><a href=\"http:\/\/www.ctainternacionales.org\/wp-content\/uploads\/2016\/10\/2955874dabdd61fd763b543a1fbf3447_L.jpg\"><img loading=\"lazy\" decoding=\"async\" class=\"aligncenter size-full wp-image-3717\" src=\"http:\/\/www.ctainternacionales.org\/wp-content\/uploads\/2016\/10\/2955874dabdd61fd763b543a1fbf3447_L.jpg\" alt=\"2955874dabdd61fd763b543a1fbf3447_l\" width=\"330\" height=\"300\" \/><\/a><br \/>\n\u00abLas Fuerzas Armadas Revolucionarias de Colombia\u2013Ej\u00e9rcito del Pueblo (FARC-EP), lamentan profundamente que el poder destructivo de los que siembran odio y rencor hayan influido en la opini\u00f3n de la poblaci\u00f3n colombiana.<\/p>\n<p>Con el resultado de hoy, sabemos que nuestro reto como movimiento pol\u00edtico es todav\u00eda m\u00e1s grande y nos requiere mas fuertes para construir la paz estable y duradera.<\/p>\n<p>Las FARC-EP mantienen su voluntad de paz y reiteran su disposici\u00f3n de usar solamente la palabra como arma de construcci\u00f3n hacia el futuro.<\/p>\n<p>Al pueblo colombiano que sue\u00f1a con la paz, que cuente con nosotros.<\/p>\n<p>&nbsp;<\/p>\n","protected":false},"excerpt":{"rendered":"el No se impuso por 50,23% en el plebiscito sobre los acuerdos entre el gobierno de Santos y las FARC. Cabe destacar que \n<a class=\"moretag\" href=\"https:\/\/ctainternacionales.org\/?p=3716\"> [...]<\/a>","protected":false},"author":1,"featured_media":0,"comment_status":"closed","ping_status":"closed","sticky":false,"template":"","format":"standard","meta":{"ngg_post_thumbnail":0,"footnotes":""},"categories":[],"tags":[],"class_list":["post-3716","post","type-post","status-publish","format-standard","hentry"],"_links":{"self":[{"href":"https:\/\/ctainternacionales.org\/index.php?rest_route=\/wp\/v2\/posts\/3716","targetHints":{"allow":["GET"]}}],"collection":[{"href":"https:\/\/ctainternacionales.org\/index.php?rest_route=\/wp\/v2\/posts"}],"about":[{"href":"https:\/\/ctainternacionales.org\/index.php?rest_route=\/wp\/v2\/types\/post"}],"author":[{"embeddable":true,"href":"https:\/\/ctainternacionales.org\/index.php?rest_route=\/wp\/v2\/users\/1"}],"replies":[{"embeddable":true,"href":"https:\/\/ctainternacionales.org\/index.php?rest_route=%2Fwp%2Fv2%2Fcomments&post=3716"}],"version-history":[{"count":1,"href":"https:\/\/ctainternacionales.org\/index.php?rest_route=\/wp\/v2\/posts\/3716\/revisions"}],"predecessor-version":[{"id":3719,"href":"https:\/\/ctainternacionales.org\/index.php?rest_route=\/wp\/v2\/posts\/3716\/revisions\/3719"}],"wp:attachment":[{"href":"https:\/\/ctainternacionales.org\/index.php?rest_route=%2Fwp%2Fv2%2Fmedia&parent=3716"}],"wp:term":[{"taxonomy":"category","embeddable":true,"href":"https:\/\/ctainternacionales.org\/index.php?rest_route=%2Fwp%2Fv2%2Fcategories&post=3716"},{"taxonomy":"post_tag","embeddable":true,"href":"https:\/\/ctainternacionales.org\/index.php?rest_route=%2Fwp%2Fv2%2Ftags&post=3716"}],"curies":[{"name":"wp","href":"https:\/\/api.w.org\/{rel}","templated":true}]}}