{"id":3711,"date":"2016-10-05T11:21:07","date_gmt":"2016-10-05T14:21:07","guid":{"rendered":"http:\/\/www.ctainternacionales.org\/?p=3711"},"modified":"2016-10-05T11:55:58","modified_gmt":"2016-10-05T14:55:58","slug":"bienes-comunes-y-modelo-productivo-encuentro-nacional-en-salta","status":"publish","type":"post","link":"https:\/\/ctainternacionales.org\/?p=3711","title":{"rendered":"Bienes comunes y modelo productivo Encuentro Nacional en Salta"},"content":{"rendered":"<p style=\"text-align: justify;\">Convocado desde la CTA Aut\u00f3noma de Salta con el aval de la Mesa Nacional, se llev\u00f3 a cabo el Encuentro Nacional en Defensa de los Bienes Comunes, la Soberan\u00eda y el Patrimonio Nacional los d\u00edas 29 y 30 de septiembre. Participaron los secretarios generales de las CTA locales de la provincia de Salta, encabezados por el titular de la Central salte\u00f1a, Vuenaventura David, y una importante delegaci\u00f3n de vecinos de la localidad del Galp\u00f3n que luchan en contra de instalaci\u00f3n de la f\u00e1brica de explosivos (Nitratos Austin).<!--more--><\/p>\n<p style=\"text-align: justify;\"><a href=\"http:\/\/www.ctainternacionales.org\/wp-content\/uploads\/2016\/10\/thumbnail_WP_20160930_12_46_14_Pro_5b1_5d.jpg\"><img loading=\"lazy\" decoding=\"async\" class=\"aligncenter size-thumbnail wp-image-3714\" src=\"http:\/\/www.ctainternacionales.org\/wp-content\/uploads\/2016\/10\/thumbnail_WP_20160930_12_46_14_Pro_5b1_5d-350x197.jpg\" alt=\"thumbnail_wp_20160930_12_46_14_pro_5b1_5d\" width=\"350\" height=\"197\" \/><\/a>Estuvieron presentes Adolfo \u00abFito\u00bb Aguirre, secretario de Relaciones Internacionales de la CTA Aut\u00f3noma Nacional; Rita Liempe, secretaria de Relaciones con los Pueblos Originarios de la CTA-A Nacional; Cecilia Fern\u00e1ndez Lisso de ATE Nacional y del \u00c1rea de Salud del Instituto de Estudios sobre Estado y Participaci\u00f3n IDEP; Jos\u00e9 Luis Rotger de CTA-A Tucum\u00e1n; Fabiana Villafa\u00f1e de CTA-A Mendoza; del MOCASE-Ah\u00ed Veremo\/Agua Amarga Santiago del Estero; Oscar Delgado de Yuyo Colorado Salta y en representaci\u00f3n de CAPOMA-DD.HH Ledesma Jujuy; Autoconvocados del R\u00edo Juramento; VAPUMAS El Galp\u00f3n-Salta; compa\u00f1ero\/as de ATE provincial, Maria Lapasset de Unidad Popular (UP), de las centrales locales de Pichanal, Tartagal, Urundel, Cerrillos, Met\u00e1n, Moldes, Colonia santa Rosa y Salvador Mazza y la Comisi\u00f3n Directiva Provincial de CTA-A Salta encabezada por el secretario General Vuenaventura David, entre otros asistentes.<\/p>\n<p style=\"text-align: justify;\">En la jornada del d\u00eda jueves 29, las actividades comenzaron a partir de las 15 hasta las 20 horas, luego de la apertura y presentaci\u00f3n de las delegaciones, se hizo una introducci\u00f3n a la tem\u00e1tica, a cargo de Cecilia Fern\u00e1ndez Lisso del \u00e1rea de salud del IDEP. Al respecto, hizo referencia sobre los problemas ambientales de la extracci\u00f3n y fracking, y sobre las enfermedades y malformaciones en las personas a causa de los desechos mineros.<\/p>\n<p style=\"text-align: justify;\">La abogada Silvina Borla trat\u00f3 sobre la lucha de vecinos del El Galp\u00f3n contra la planta de nitrato Austin, el avasallamiento y represi\u00f3n por parte de la empresa y medios municipales hacia los compa\u00f1eros que denunciaban la planta y est\u00e1n en el acampe permanente frente al ingreso a la planta (RN 16 Km. 653), las diversas denuncias por el alto impacto ambiental que perjudica a los habitantes de las zonas aleda\u00f1as , ya que la planta Austin no contaba con los requisitos para ser habilitada, no cumpl\u00eda con la ley 7070 de Protecci\u00f3n Ambiental de la Provincia de Salta, infringiendo el art. 46 sobre la formulaci\u00f3n de normas t\u00e9cnicas ambientales.<\/p>\n<p style=\"text-align: justify;\">Por otro lado tambi\u00e9n trae aparejado la escasez del recurso h\u00eddrico para las zonas pobladas, la planta tiene libre uso de los acu\u00edferos, una situaci\u00f3n bastante compleja que a pesar de los diferentes obst\u00e1culos luego de cuatros a\u00f1os de pelea los vecinos siguen defendiendo sus derechos, su pueblo y recursos naturales.<\/p>\n<p style=\"text-align: justify;\">Para finalizar la primera jornada se integraron las comisiones de trabajo que trataban 3 temas: 1.- Medio Ambiente, a cargo de Liliana Carracedo (secretaria de Organizaci\u00f3n de la CTA-A local), abord\u00f3 temas sobre contaminaci\u00f3n de agua, aire, tierras, desmontes, impacto ambiental, social y cultural-pueblos originarios. 2.- Mineria, a cargo de Cecilia Fern\u00e1ndez Lisso, extracion y fracking, explotaci\u00f3n de minerales y metales, contaminaci\u00f3n y perjuicios. 3. Energ\u00eda, a cargo de Jos\u00e9 Luis Rotger, balance sobre el uso y consumo de recursos energ\u00e9ticos, el antes y despu\u00e9s de la energ\u00eda renovable solar, e\u00f3lica, hidr\u00e1ulica, y no renovable como el gas, petr\u00f3leo.<\/p>\n<p style=\"text-align: justify;\">Todas las comisiones determinaron en que los bienes comunes son un derecho humano, y coincidieron en c\u00f3mo construir esa fortaleza, esa unidad de lucha en defensa de nuestros bienes comunes, tomando como antecedentes C\u00f3rdoba\u2013Monsanto,San Juan y la Barrick Gold-Jachal, Misiones-represas, entre otros casos m\u00e1s puntuales.<\/p>\n<p style=\"text-align: justify;\">El d\u00eda viernes 30 y ya culminando con el Encuentro Nacional, se termin\u00f3 de trabajar con las comisiones y se procedi\u00f3 a lectura de las conclusiones, las cuales en la brevedad de ser pasadas en limpio se compartir\u00e1 como documento a todos los que asistieron a las jornadas.<\/p>\n<p style=\"text-align: justify;\">Al respecto, Adolfo \u00abFito\u00bb Aguirre, secretario de Relaciones Internacionales de la Central Nacional manifest\u00f3 su preocupaci\u00f3n sobre esta realidad y que muchos todav\u00eda no son conscientes de lo que verdaderamente est\u00e1 pasando con los recursos en nuestro pa\u00eds. \u00abHoy el eje es disputar la riqueza, y nosotros para cortar el ciclo de la pobreza tenemos que encontrar otra forma de distribuci\u00f3n de riqueza para equilibrar, por eso la Consulta Popular sobre los Bienes Comunes tiene que ser fuerte y determinante\u201d, expres\u00f3.<\/p>\n<p style=\"text-align: justify;\">Para Aguirre, la contaminaci\u00f3n mata. La Enc\u00edclica papal difundida el a\u00f1o pasado sobre el tema fue demasiado contundente como para seguir mirando para otro lado. \u201cFrancisco no solo les habl\u00f3 a las pr\u00f3ximas generaciones, a las que le podr\u00edamos dejar escombros y muerte, sino que con toda claridad relacion\u00f3 a la cuesti\u00f3n ambiental con la dominaci\u00f3n econ\u00f3mica que se ejerce hacia los pa\u00edses en desarrollo y en los que aplican tecnolog\u00edas contaminantes basadas en combustibles f\u00f3siles, que rechazamos desde un primer momento\u201d.<\/p>\n<p style=\"text-align: justify;\">Hubo acuerdo en la necesidad de continuar estos encuentros. El pr\u00f3ximo se realizar\u00e1 en la segunda quincena de noviembre en la ciudad de Tucum\u00e1n. El Encuentro Nacional se realiz\u00f3 en la sede de ATE Salta.<\/p>\n<p style=\"text-align: justify;\">El secretario General de la CTA salte\u00f1a, Vuenaventura David, puso de relieve la importancia de la convocatoria que, afirm\u00f3, \u00abnos permite no s\u00f3lo tener un diagn\u00f3stico de la pol\u00edtica devastadora de nuestros bienes comunes por parte de los grupos econ\u00f3micos con la complicidad del Gobierno Nacional y las administraciones provinciales y municipales, sino comenzar a organizarnos en un espacio multisectorial que est\u00e9 en capacidad de dar una respuesta contundente en defensa de nuestro patrimonio nacional y la salud de nuestra gente\u00bb.<\/p>\n<p style=\"text-align: justify;\"><a href=\"http:\/\/www.ctainternacionales.org\/wp-content\/uploads\/2016\/10\/14518445_10154101030989037_1088603480_n.jpg\"><img loading=\"lazy\" decoding=\"async\" class=\"aligncenter size-full wp-image-3712\" src=\"http:\/\/www.ctainternacionales.org\/wp-content\/uploads\/2016\/10\/14518445_10154101030989037_1088603480_n.jpg\" alt=\"14518445_10154101030989037_1088603480_n\" width=\"300\" height=\"400\" \/><\/a>Seg\u00fan el dirigente, \u00ablas mineras y las otras empresas que explotan los recursos de nuestra naturaleza le dejan a las futuras generaciones pobreza, enfermedades producto de la tierra o agua contaminada, transformadores o antenas de alta tensi\u00f3n que expuesto a largo plazo provoca c\u00e1ncer. Dejan envenenado el aire y enferma a la poblaci\u00f3n\u00bb.<\/p>\n<p style=\"text-align: justify;\">David dijo que \u00aben los pr\u00f3ximos d\u00edas vamos a difundir las conclusiones a las que arrib\u00f3 cada una de las comisiones de trabajo y seguiremos coordinando desde la CTA Aut\u00f3noma de Salta todo este movimiento que cuestiona a lo largo y ancho de nuestro pa\u00eds el modelo extractivista, sojero y dependiente\u00bb.<\/p>\n<p style=\"text-align: justify;\">* Equipo de Comunicaci\u00f3n de la CTA Salta<\/p>\n","protected":false},"excerpt":{"rendered":"Convocado desde la CTA Aut\u00f3noma de Salta con el aval de la Mesa Nacional, se llev\u00f3 a cabo el Encuentro Nacional en Defensa \n<a class=\"moretag\" href=\"https:\/\/ctainternacionales.org\/?p=3711\"> [...]<\/a>","protected":false},"author":1,"featured_media":0,"comment_status":"closed","ping_status":"closed","sticky":false,"template":"","format":"standard","meta":{"ngg_post_thumbnail":0,"footnotes":""},"categories":[],"tags":[],"class_list":["post-3711","post","type-post","status-publish","format-standard","hentry"],"_links":{"self":[{"href":"https:\/\/ctainternacionales.org\/index.php?rest_route=\/wp\/v2\/posts\/3711","targetHints":{"allow":["GET"]}}],"collection":[{"href":"https:\/\/ctainternacionales.org\/index.php?rest_route=\/wp\/v2\/posts"}],"about":[{"href":"https:\/\/ctainternacionales.org\/index.php?rest_route=\/wp\/v2\/types\/post"}],"author":[{"embeddable":true,"href":"https:\/\/ctainternacionales.org\/index.php?rest_route=\/wp\/v2\/users\/1"}],"replies":[{"embeddable":true,"href":"https:\/\/ctainternacionales.org\/index.php?rest_route=%2Fwp%2Fv2%2Fcomments&post=3711"}],"version-history":[{"count":1,"href":"https:\/\/ctainternacionales.org\/index.php?rest_route=\/wp\/v2\/posts\/3711\/revisions"}],"predecessor-version":[{"id":3715,"href":"https:\/\/ctainternacionales.org\/index.php?rest_route=\/wp\/v2\/posts\/3711\/revisions\/3715"}],"wp:attachment":[{"href":"https:\/\/ctainternacionales.org\/index.php?rest_route=%2Fwp%2Fv2%2Fmedia&parent=3711"}],"wp:term":[{"taxonomy":"category","embeddable":true,"href":"https:\/\/ctainternacionales.org\/index.php?rest_route=%2Fwp%2Fv2%2Fcategories&post=3711"},{"taxonomy":"post_tag","embeddable":true,"href":"https:\/\/ctainternacionales.org\/index.php?rest_route=%2Fwp%2Fv2%2Ftags&post=3711"}],"curies":[{"name":"wp","href":"https:\/\/api.w.org\/{rel}","templated":true}]}}