{"id":3707,"date":"2016-09-23T12:31:07","date_gmt":"2016-09-23T15:31:07","guid":{"rendered":"http:\/\/www.ctainternacionales.org\/?p=3707"},"modified":"2016-09-23T12:32:37","modified_gmt":"2016-09-23T15:32:37","slug":"vivos-se-los-llevaron-vivos-los-queremos","status":"publish","type":"post","link":"https:\/\/ctainternacionales.org\/?p=3707","title":{"rendered":"\u201cVivos se los llevaron, vivos los queremos\u201d"},"content":{"rendered":"<p>Ayotzinapa forma parte de una larga historia de terrorismo de Estado, represi\u00f3n e infamia en M\u00e9xico. La masacre en Iguala y la impunidad que rodea el caso, es representativa del Narco Estado mexicano, donde desaparecen 13 personas por d\u00eda. Cristina Bautista, mam\u00e1 de Benjam\u00edn Ascencio Bautista, march\u00f3 como hace 40 a\u00f1os lo hicieron nuestras Madres, por verdad y justicia y la aparici\u00f3n con vida de sus hijos. Lo hizo en la ronda de las Madres de Plaza de Mayo, quienes leyeron los nombres y apellidos de los 43 estudiantes normalistas desaparecidos de Ayotzinapa.<!--more--><\/p>\n<p style=\"text-align: justify;\">40 a\u00f1os despu\u00e9s, el mismo reclamo frente a las mismas pr\u00e1cticas terroristas, gira alrededor de la pir\u00e1mide de Mayo. Abrazada a Nora Corti\u00f1as y a Mirta Baravalle y con la presencia de Carolina Ocar, secretaria de Comunicaci\u00f3n de la CTA-A y Adolfo \u201cFito\u201d Aguirre, secretario de Relaciones Internacionales de la Central y compa\u00f1eros y compa\u00f1eras de CTA provincia de Buenos Aires, Cristina Bautista exigi\u00f3: \u201cVivos se los llevaron, vivos los queremos\u201d y volvi\u00f3 a denunciar la complicidad del Gobierno con el narcotr\u00e1fico.<\/p>\n<p style=\"text-align: justify;\"><a href=\"http:\/\/www.ctainternacionales.org\/wp-content\/uploads\/2016\/09\/Foto03-21.jpg\"><img loading=\"lazy\" decoding=\"async\" class=\"aligncenter size-thumbnail wp-image-3708\" src=\"http:\/\/www.ctainternacionales.org\/wp-content\/uploads\/2016\/09\/Foto03-21-350x197.jpg\" alt=\"foto03-21\" width=\"350\" height=\"197\" \/><\/a><\/p>\n<p style=\"text-align: justify;\">Es que en M\u00e9xico la impunidad es total y el pa\u00eds est\u00e1 hundido en una espiral de violencia de proporciones genocidas. En el caso de Ayotzinapa el gobierno federal intenta ocultar por todos los medios que se trat\u00f3 de un crimen de Estado y ha desestimado las pruebas que el Grupo Interdisciplinario de Expertas y Expertos Independientes present\u00f3 en sus dos informes. Desde la Asamblea de Mexicanos y mexicanas en la Argentina \u201cExigimos que se sigan las l\u00edneas de investigaci\u00f3n que desarroll\u00f3 el GIEI que apuntan a la responsabilidad del Estado y de los militares y polic\u00eda como ejecutores de este crimen\u201d.<\/p>\n<p style=\"text-align: justify;\">\u201cEl Gobierno es el responsable de la desaparici\u00f3n de nuestros hijos. Como madres y padres insistimos que nuestros hijos est\u00e1n vivos, vivos se los llevaron, vivos los queremos. Queremos saber la verdad de d\u00f3nde est\u00e1n nuestros hijos\u201d, reclam\u00f3 Cristina Bautista, mam\u00e1 de Benjam\u00edn Ascencio Bautista, uno de los 43 estudiantes normalistas desaparecidos.<\/p>\n<p style=\"text-align: justify;\"><a href=\"http:\/\/www.ctainternacionales.org\/wp-content\/uploads\/2016\/09\/Foto01-42.jpg\"><img loading=\"lazy\" decoding=\"async\" class=\"aligncenter size-thumbnail wp-image-3709\" src=\"http:\/\/www.ctainternacionales.org\/wp-content\/uploads\/2016\/09\/Foto01-42-350x263.jpg\" alt=\"foto01-42\" width=\"350\" height=\"263\" \/><\/a><\/p>\n<p style=\"text-align: justify;\">Tanto Nora Corti\u00f1as como Mirta Baravalle, madres de Plaza de Mayo L\u00ednea Fundadora, reivindicaron la lucha y la b\u00fasqueda de las madres y padres de Ayotzinapa y denunciaron la pol\u00edtica del Narco Estado en M\u00e9xico que cotidianamente lleva adelante pr\u00e1cticas de terrorismo de Estado.<\/p>\n<p style=\"text-align: justify;\">Luego de finalizar la ronda, los compa\u00f1eros de CTA Provincia de Buenos Aires le entregaron a Cristina un chaleco de la Central que conmemora la lucha contra la dictadura argentina y exige la reaparici\u00f3n de Jorge Julio L\u00f3pez.<\/p>\n<p style=\"text-align: justify;\">Las actividades por la semana por Ayotzipnapa serguir\u00e1n este viernes con una pegatina en la calle M\u00e9xico y el lunes 26 a las 10 habr\u00e1 una conferencia de prensa en el Serpaj (Piedras 730) porque a las 16 se marchar\u00e1 del Obelisco a la Canciller\u00eda.<\/p>\n<p style=\"text-align: justify;\">CONVOCAN: Asamblea de Mexicanxs en Argentina, Madres de Plaza de Mayo L\u00ednea Fundadora, Asociaci\u00f3n de ExDetenidos Desaparecidos, CTA Aut\u00f3noma, Red de Solidaridad con Chiapas Buenos Aires, Partido por la Revoluci\u00f3n y el Comunismo, Federaci\u00f3n de Organizaciones de Base &#8211; FOB BS AS, Nuevo Mas, Equipo Argentino de Trabajo e Investigaci\u00f3n Psicosocial, Tinta Lim\u00f3n Ediciones, Equipo de Educaci\u00f3n Popular Pa\u00f1uelos en Rebeld\u00eda, Movimiento Popular La Dignidad, Frente Popular Dar\u00edo Santill\u00e1n, Resumen Latinoamericano, Convergencia Socialista de Combate, Congreso de los Pueblos de Colombia Capitulo Argentina, CORREPI, Leningrado, Juventud de Hombre Nuevo, Organizaci\u00f3n Pol\u00edtica Hombre Nuevo, Frente Juvenil Hagamos lo Imposible, Tendencia Piquetera Revolucionaria, Frente de Estudiantes en Lucha, Amaranto UBA.<\/p>\n<p style=\"text-align: justify;\">Agencia CTA Nicol\u00e1s Honigesz In\u00e9s Hayes<\/p>\n<p style=\"text-align: justify;\">Fotograf\u00edas: Walter Piedras<\/p>\n","protected":false},"excerpt":{"rendered":"Ayotzinapa forma parte de una larga historia de terrorismo de Estado, represi\u00f3n e infamia en M\u00e9xico. La masacre en Iguala y la impunidad \n<a class=\"moretag\" href=\"https:\/\/ctainternacionales.org\/?p=3707\"> [...]<\/a>","protected":false},"author":1,"featured_media":0,"comment_status":"closed","ping_status":"closed","sticky":false,"template":"","format":"standard","meta":{"ngg_post_thumbnail":0,"footnotes":""},"categories":[],"tags":[],"class_list":["post-3707","post","type-post","status-publish","format-standard","hentry"],"_links":{"self":[{"href":"https:\/\/ctainternacionales.org\/index.php?rest_route=\/wp\/v2\/posts\/3707","targetHints":{"allow":["GET"]}}],"collection":[{"href":"https:\/\/ctainternacionales.org\/index.php?rest_route=\/wp\/v2\/posts"}],"about":[{"href":"https:\/\/ctainternacionales.org\/index.php?rest_route=\/wp\/v2\/types\/post"}],"author":[{"embeddable":true,"href":"https:\/\/ctainternacionales.org\/index.php?rest_route=\/wp\/v2\/users\/1"}],"replies":[{"embeddable":true,"href":"https:\/\/ctainternacionales.org\/index.php?rest_route=%2Fwp%2Fv2%2Fcomments&post=3707"}],"version-history":[{"count":1,"href":"https:\/\/ctainternacionales.org\/index.php?rest_route=\/wp\/v2\/posts\/3707\/revisions"}],"predecessor-version":[{"id":3710,"href":"https:\/\/ctainternacionales.org\/index.php?rest_route=\/wp\/v2\/posts\/3707\/revisions\/3710"}],"wp:attachment":[{"href":"https:\/\/ctainternacionales.org\/index.php?rest_route=%2Fwp%2Fv2%2Fmedia&parent=3707"}],"wp:term":[{"taxonomy":"category","embeddable":true,"href":"https:\/\/ctainternacionales.org\/index.php?rest_route=%2Fwp%2Fv2%2Fcategories&post=3707"},{"taxonomy":"post_tag","embeddable":true,"href":"https:\/\/ctainternacionales.org\/index.php?rest_route=%2Fwp%2Fv2%2Ftags&post=3707"}],"curies":[{"name":"wp","href":"https:\/\/api.w.org\/{rel}","templated":true}]}}