{"id":3693,"date":"2016-09-19T14:03:48","date_gmt":"2016-09-19T17:03:48","guid":{"rendered":"http:\/\/www.ctainternacionales.org\/?p=3693"},"modified":"2016-09-19T14:35:22","modified_gmt":"2016-09-19T17:35:22","slug":"3693","status":"publish","type":"post","link":"https:\/\/ctainternacionales.org\/?p=3693","title":{"rendered":"\u201cPepe\u201d Mujica estuvo por aqu\u00ed. Vino a darle  un saludito a la paz de Colombia"},"content":{"rendered":"<p>\u201cPepe\u201d Mujica estuvo por aqu\u00ed. Vino a darle\u00a0un saludito a la paz de Colombia<\/p>\n<p>Por Ricardo Aricapa<\/p>\n<p style=\"text-align: justify;\">Jos\u00e9 \u201cPepe\u201d Mujica, ex presidente de Uruguay, dedicado ahora en su retiro a cantarle al mundo sus verdades, pis\u00f3 suelo antioque\u00f1o desde la tarde del mi\u00e9rcoles 14 de septiembre, veinticuatro horas antes del compromiso que le esperaba, y para el cual viaj\u00f3 desde su natal Montevideo: ser el orador central de la Jornada Internacional por el \u00abS\u00ed\u00bb en el plebiscito, convocada en Plaza Mayor de Medell\u00edn por las centrales sindicales colombianas y el movimiento sindical internacional.<!--more--><\/p>\n<p style=\"text-align: justify;\"><a href=\"http:\/\/www.ctainternacionales.org\/wp-content\/uploads\/2016\/09\/1473986652_650005_1473986769_noticia_normal.jpg\"><img loading=\"lazy\" decoding=\"async\" class=\"aligncenter size-thumbnail wp-image-3694\" src=\"http:\/\/www.ctainternacionales.org\/wp-content\/uploads\/2016\/09\/1473986652_650005_1473986769_noticia_normal-350x197.jpg\" alt=\"1473986652_650005_1473986769_noticia_normal\" width=\"350\" height=\"197\" \/><\/a><\/p>\n<p style=\"text-align: justify;\">A su llegada al aeropuerto Jos\u00e9 Mar\u00eda C\u00f3rdoba, \u201cPepe\u201d Mujica fue recibido por un s\u00e9quito en el que se encontraban los presidentes de las centrales sindicales \u2013sus anfitriones\u2013 y la se\u00f1ora Ministra de Trabajo, Clara L\u00f3pez, quien quiso tambi\u00e9n sumarse, a nombre del Gobierno, a la bienvenida a tan ilustre visitante, a quien todos le manifestaron agradecimientos por su relevante gesto de respaldo al proceso de paz y al \u201cS\u00ed\u201d en el pr\u00f3ximo plebiscito.<br \/>\n\u201cPepe\u201d Mujica. A su derecha V\u00edctor B\u00e1ez, de la CSA.<\/p>\n<p style=\"text-align: justify;\">Ya para ese momento su presencia en la ciudad hab\u00eda generado mucha expectativa. Las redes sociales trinaron todo el d\u00eda el nombre de Mujica y el evento en Plaza Mayor, y por un momento fue tendencia nacional. Nada de extra\u00f1ar trat\u00e1ndose de un acto de promoci\u00f3n de la paz presidido precisamente por un hombre que personifica la paz, y que de a poco se ha ido convirtiendo en un s\u00edmbolo mundial del pacifismo, como en su momento lo fueron Mandela, la Madre Teresa de Calcuta, Mart\u00edn Luther King, figuras de esa talla.<\/p>\n<p style=\"text-align: justify;\">Fue su segunda visita a Medell\u00edn en menos de un a\u00f1o. A finales del 2015 estuvo como expositor central de la Conferencia Latinoamericana y Caribe\u00f1a de la Clacso, que tuvo como sede a Medell\u00edn, tambi\u00e9n en Plaza Mayor, con lleno apote\u00f3sico. Esa vez fue menos la gente que alcanz\u00f3 a entrar al recinto, que la que se qued\u00f3 por fuera resignada a verlo en una pantalla gigante. Por eso se esperaba que en esta ocasi\u00f3n ocurriera lo mismo.<\/p>\n<p style=\"text-align: justify;\">Se realiz\u00f3 en Medell\u00edn, y no en Bogot\u00e1 \u2013que era lo l\u00f3gico por ser esta la capital de la rep\u00fablica\u2013 por una raz\u00f3n fortuita y absolutamente ineludible: Mujica no soporta el fr\u00edo y la altura de Bogot\u00e1, su m\u00e9dico no se lo permite. Es que no estamos hablando de una figura del rock star, sino de un venerable abuelo. Mujica tiene 81 a\u00f1os, y un cuerpo que ha sufrido el desgaste de la dura vida que le toc\u00f3 llevar, y que muy pocos presidentes de un pa\u00eds pueden contar. Para empezar, los seis balazos que le meti\u00f3 la polic\u00eda cuando el comando guerrillero al que \u00e9l pertenec\u00eda preparaba un asalto bancario; y los quince a\u00f1os que, sumandos, pas\u00f3 en la c\u00e1rcel.<\/p>\n<p style=\"text-align: justify;\">Y hasta mejor fue hacerlo en Medell\u00edn, concluyeron los organizadores del evento, por el reto que implicaba. Todo un desaf\u00edo a nivel simb\u00f3lico, dado que la capital de Antioquia es la capital del \u201cNo\u201d en el plebiscito, por la gran ascendencia que aqu\u00ed tiene el ex presidente y hoy senador \u00c1lvaro Uribe V\u00e9lez, el comandante del \u201cNo\u201d. Un buen escenario pues para medir los alientos del \u201cS\u00ed\u201d.<\/p>\n<p style=\"text-align: justify;\">Primer acto. Encuentro con los sindicalistas<\/p>\n<p style=\"text-align: justify;\">Para la ma\u00f1ana del jueves las centrales sindicales organizaron una reuni\u00f3n privada con Mujica, a la cual asistieron dirigentes de los sindicatos m\u00e1s importantes, y los delegados del sindicalismo internacional que vinieron a respaldar el \u201cS\u00ed\u201d en el plebiscito.<br \/>\n\u201cPepe\u201d Mujica con los representantes de los trabajadores.<\/p>\n<p style=\"text-align: justify;\">Unos cien sindicalistas asistieron a la reuni\u00f3n, exactamente el n\u00famero que cupo en el auditorio del piso once del centro comercial San Diego, donde se realiz\u00f3; casi de manera clandestina, para evitar que la noticia se colara a la prensa y colapsara el reciento. No vali\u00f3, se alcanzaron a colar varios periodistas y dos c\u00e1maras de televisi\u00f3n.<\/p>\n<p style=\"text-align: justify;\">Al lado de Mujica, en la mesa principal, se sentaron Jaap Wienen, Secretario General adjunto de la Confederaci\u00f3n Sindical Internacional, organizaci\u00f3n que representa a 180 millones de trabajadores en los cinco continentes; V\u00edctor B\u00e1ez, Secretario General de la Confederaci\u00f3n Sindical de las Am\u00e9ricas, y los presidentes de las centrales colombianas; Luis Alejandro Pedraza, Julio Roberto G\u00f3mez y Miguel Morantes. Y en primera fila del auditorio se sentaron los delegados de las confederaciones internacionales UGT, USO y Comisiones Obreras, de Espa\u00f1a; CUT y UGT de Brasil; CTA Aut\u00e9ntica de Argentina, CNT de Uruguay, CGT de Francia y CCC de B\u00e9lgica.<\/p>\n<p style=\"text-align: justify;\">Y all\u00ed, con esa lenta cadencia uruguaya con la que Mujica siempre habla, y con ese tono enf\u00e1tico que pone en cada una de las frases que salen de su boca, que se ve peque\u00f1a en medio de su cara grande, dijo, como siempre, cosas inteligentes y sabias, y hasta divertidas por momentos.<\/p>\n<p style=\"text-align: justify;\">Dijo, despu\u00e9s de referirse brevemente a su vida guerrillera en la d\u00e9cada de los a\u00f1os 60, que \u00e9l no fue presidente de Uruguay por haber sido tupamaro, sino a pesar de serlo. La gente no lo vot\u00f3 por su pasado, lo vot\u00f3 porque \u00e9l se rompi\u00f3 el alma y gast\u00f3 a\u00f1os recorriendo el pa\u00eds tratando de entender los problemas sociales. \u201cPorque los pueblos eligen a quien creen que les conviene para el ma\u00f1ana, votan por lo que sue\u00f1an, no por el ayer\u201d, asegur\u00f3.<\/p>\n<p style=\"text-align: justify;\">\u201cLa paz no es un fen\u00f3meno hacia atr\u00e1s, no es del ayer. Los hombres tenemos la tendencia de mirar para atr\u00e1s, aunque la naturaleza nos coloc\u00f3 los ojos adelante, para mirar al frente no atr\u00e1s\u201d, agreg\u00f3, refiri\u00e9ndose concretamente al proceso de paz que se cocina en Colombia, el mismo que el pr\u00f3ximo 2 de octubre tendr\u00e1 su meta de largada con el plebiscito, cuando el pa\u00eds empezar\u00e1 a correr la etapa m\u00e1s importante en muchos a\u00f1os: la etapa de la paz, con premio de llegada fuera de categor\u00eda, para decirlo en t\u00e9rminos cicl\u00edsticos, hoy tan de moda.<\/p>\n<p style=\"text-align: justify;\">Hoy lo que tienen que hacer los colombianos, sigui\u00f3 diciendo Mujica, es pasar la p\u00e1gina, dejar atr\u00e1s el miedo, y que sea el pueblo el que decida lo que quiere en el futuro:<\/p>\n<p style=\"text-align: justify;\">\u201cEn Colombia est\u00e1 presente el miedo, que es hijo de la historia. Hay miedo por un lado y miedo por el otro. Hay gente con miedo porque est\u00e1 pensado hacia atr\u00e1s. Creen que las Farc se van a tomar el poder pasado ma\u00f1ana, que va a florecer el narcotr\u00e1fico y ser\u00e1 el apocalipsis. Es lo mismo que dec\u00edan de nosotros por haber sido guerrilleros, como si el pueblo colombiano fuera una manga de corderos que cualquiera lleva del hocico. Eso es despreciar al pueblo\u201d, enfatiz\u00f3.<\/p>\n<p style=\"text-align: justify;\">Y una pregunta que al final le hicieron desde el auditorio, referida a c\u00f3mo hay que considerar a los pregoneros del \u201cNo\u201d, Mujica aconsej\u00f3 tolerancia. Tolerancia de los del \u201cS\u00ed\u201d hacia los del \u201cNo\u201d, y viceversa. Porque no es apostrofando como se convence al otro, a nadie se convence despreci\u00e1ndolo. A quienes est\u00e1n equivocados hay que entenderlos, porque la paz es una construcci\u00f3n colectiva, y a los del \u201cNo\u201d tambi\u00e9n los vamos a necesitar ma\u00f1ana para construir la paz.<\/p>\n<p style=\"text-align: justify;\">Y como para acentuar esta opini\u00f3n, se ech\u00f3 un cuento, o mejor una par\u00e1bola \u2013por momentos Mujica habla en par\u00e1bolas, como Jesucristo\u2013 que bien pinta lo que piensa acerca del trato entre contrario. Este fue el cuento que se ech\u00f3:<\/p>\n<p style=\"text-align: justify;\">Cuando los espa\u00f1oles y portugueses llegaron a las pampas del sur de Am\u00e9rica, trajeron el caballo, y con \u00e9ste el m\u00e9todo para amansarlo, a palo, a la fuerza. Cuando esos caballos quedaron sueltos y se empezaron a reproducir en los pastizales de la pampa, los ind\u00edgenas, que no conoc\u00edan el caballo, tuvieron que inventarse la manera de amansarlos. \u00bfY qu\u00e9 hicieron? Cogieron el pasto que m\u00e1s les gustaba, lo juntaron y se lo dieron a los caballos en sombra, para que comieran c\u00f3modos, y mientras lo hac\u00edan los acariciaban y los acariciaban hasta que as\u00ed los domaban. Pero m\u00e1s importante que eso: los hac\u00edan sus amigos, de modo que cuando el ind\u00edgena ca\u00eda herido en batalla, el caballo se quedaba ah\u00ed a su lado, acompa\u00f1\u00e1ndolo, como se acompa\u00f1a a un amigo. Eso dijo.<\/p>\n<p style=\"text-align: justify;\">Segundo acto. Cita en Plaza Mayor<\/p>\n<p style=\"text-align: justify;\">En el Pabell\u00f3n Blanco de Plaza Mayor se dispusieron 4 mil sillas, de esas blancas de pl\u00e1stico, que se ocuparon casi en su totalidad antes de las 5 de la tarde, hora en que empez\u00f3 el evento. S\u00f3lo que esta vez no hubo necesidad de poner la pantalla gigante afuera. Todos cupieron adentro, sentados. Gente de todas las edades, de todas las condiciones y todas las razas que habitan la ciudad; gente joven en su gran mayor\u00eda, estudiantes de universidades y bachillerato; muchachos de morral al hombro y ni\u00f1as en uniforme de colegio.<\/p>\n<p style=\"text-align: justify;\">Prueba de que la mayor\u00eda era gente joven, fue la gran ovaci\u00f3n que recibi\u00f3 Mujica cuando hizo su ingreso al Pabell\u00f3n Blanco. Solo los j\u00f3venes aclaman de esa manera tan copiosa y desabrochada, con br\u00edos sinceros. Y lo seguir\u00e1n aclamando con r\u00e1fagas de aplausos a lo largo de los 51 minutos que dur\u00f3 su discurso, a raz\u00f3n de r\u00e1fagas cada 3 minutos, en promedio. Selfie con \u201cPepe\u201d Mujica en Plaza Mayor.<\/p>\n<p style=\"text-align: justify;\">Lo cual no es de extra\u00f1ar, habida cuenta que Mujica para los j\u00f3venes viene siendo una especie de profeta contempor\u00e1neo, un hombre que, a sus 81 a\u00f1os, por alguna extra\u00f1a raz\u00f3n tiene el poder de conectarse con ellos, decirles cosas que entienden y aceptan. El lenguaje de la paz y el amor, lo llama \u00e9l.<\/p>\n<p style=\"text-align: justify;\">Es m\u00e1s, los que menos hab\u00eda en el recinto eran trabajadores miembros de los sindicatos, que fueron los convocantes. Los que asistieron se perdieron en ese mar de cabecitas que se extendi\u00f3 a lo largo y ancho del Pabell\u00f3n Blanco. En muchos a\u00f1os no se registraba un evento sindical con tan masiva asistencia de personas no sindicalistas. Otro \u201cmilagro\u201d que habr\u00e1 que anotarle a Mujica a su paso por Medell\u00edn.<\/p>\n<p style=\"text-align: justify;\">En este punto hay que decir que no ocurri\u00f3 un impase que se tem\u00eda: que el ex presidente \u00c1lvaro Uribe, meg\u00e1fono en mano, apareciera en Plaza Mayor al frente de un grupo de ciudadanos promotores de la campa\u00f1a por el \u201cNo\u201d en el plebiscito. Y se tem\u00eda porque en las redes sociales estuvo circulando un trino supuestamente de Uribe, en el que anunciaba ese prop\u00f3sito.<\/p>\n<p style=\"text-align: justify;\">Nunca se supo si fue un trino leg\u00edtimo o no (a estas alturas de la campa\u00f1a plebiscitaria todo, o nada, se puede creer), pero lo cierto fue que Uribe no apareci\u00f3 en Plaza Mayor. Sencillamente porque no estaba en Medell\u00edn, estaba en Armenia, desde donde volvi\u00f3 a trinar en la tarde, esta vez para descalificar por guerrillero a \u201cPepe\u201d Mujica y rechazar su presencia en Medell\u00edn, acus\u00e1ndolo de estar haci\u00e9ndole un mandado al presidente Santos.<\/p>\n<p style=\"text-align: justify;\">Quienes s\u00ed atendieron el llamado de su l\u00edder y aparecieron en Plaza Mayor, fue un grupo peque\u00f1o de personas, unas 4 o 5, que con un meg\u00e1fono estuvieron un rato pregonando sus consignas por el \u201cNo\u201d, no sin cierta dosis de osad\u00eda y valent\u00eda, hay que reconocerlo, pues era claro que estaban en un lugar absolutamente equivocado. Como nadie les par\u00f3 bolas, finalmente se aburrieron y se fueron. Digamos que pusieron un toque de impertinencia que alcanz\u00f3 a agitar un tris el ambiente de la tarde, que valga decirlo, estuvo preciosa, perfecta para la segunda cita de Mujica con los medellinenses.<\/p>\n<p style=\"text-align: justify;\">En efecto, el aire estaba limpio y el sol brillaba arriba entre nubes de invierno. Un cielo hermoso, el mismo que en horas de la madrugada nos hab\u00eda entregado un espect\u00e1culo maravilloso: un arco iris como hac\u00eda much\u00edsimo tiempo no se ve\u00eda en la ciudad. No faltar\u00e1 quien diga que ese fue el saludo del cielo a la presencia de \u201cPepe\u201d Mujica en Medell\u00edn. No faltar\u00e1.<\/p>\n<p style=\"text-align: justify;\">ANEXO<\/p>\n<p style=\"text-align: justify;\"><a href=\"http:\/\/www.ctainternacionales.org\/wp-content\/uploads\/2016\/09\/Csb32iKWIAAK4GU.jpg.300x225.6.jpg\"><img loading=\"lazy\" decoding=\"async\" class=\"aligncenter size-full wp-image-3698\" src=\"http:\/\/www.ctainternacionales.org\/wp-content\/uploads\/2016\/09\/Csb32iKWIAAK4GU.jpg.300x225.6.jpg\" alt=\"csb32ikwiaak4gu-jpg-300x225-6\" width=\"300\" height=\"225\" \/><\/a><\/p>\n<p style=\"text-align: justify;\">El siguiente es un extracto de las frases, sentencias, par\u00e1bolas y pensamientos que dej\u00f3 \u201cPepe\u201d Mujica a su paso por Medell\u00edn:<\/p>\n<p style=\"text-align: justify;\">Sobre la guerra:<\/p>\n<p style=\"text-align: justify;\">La antropolog\u00eda nos dice que hay dos constantes del hombre a lo largo de su historia. Por todas partes y en toda \u00e9poca la criatura humana invent\u00f3 algo en qu\u00e9 creer. Es una necesidad interior. Somos naturalmente utopistas porque no existe utop\u00eda superior a las religiones que inventa el hombre. Y \u00a1ojo!, que no desprecio a las religiones.<\/p>\n<p style=\"text-align: justify;\">La segunda constante es que el hombre es un animalito belicoso, muy belicoso. Ha habido muchas m\u00e1s guerras que civilizaciones. Y eso se puede explicar porque la guerra es la madre de todas las cosas. Por ella el hombre primitivo invent\u00f3 la herradura para el caballo, la p\u00f3lvora, la cuerda tensada, la aplicaci\u00f3n de las leyes de la f\u00edsica, etc. Pero en el mundo actual tenemos la posibilidad t\u00e9cnica de acabar con la vida arriba del planeta, y eso no es hip\u00f3tesis ni novela. El 5% del arsenal at\u00f3mico que hay en los silos alcanza para terminar con la vida.<\/p>\n<p style=\"text-align: justify;\">Una cosa es acostumbrarse a convivir con la guerra, como quien se acostumbra a convivir con una enfermedad cr\u00f3nica, y otra muy distinta es sacarse el fantasma de la guerra y concentrar las fuerzas en el mejoramiento de las condiciones de la sociedad. Porque la guerra debe ser es contra la pobreza, contra el hambre, contra la falta de ense\u00f1anza\u2026<\/p>\n<p style=\"text-align: justify;\">La guerra no tiene justificaci\u00f3n, no puede ser un proyecto colectivo de sociedad. Eso pudo haber sido para las colectividades primitivas, pero no hoy, cuando el hombre tiene los conocimientos y recursos para acabar con el hambre.<\/p>\n<p style=\"text-align: justify;\">La guerra no solo es un atentado contra la vida, es tambi\u00e9n la mayor fuente de despilfarro de recursos. Dos millones de d\u00f3lares por minuto, no me canso de repetir esta cifra, es el presupuesto militar del mundo, recursos suficientes para cubrir casi todas las necesidades b\u00e1sicas de los hombres arriba de la tierra.<\/p>\n<p style=\"text-align: justify;\">Yo pertenezco a generaciones que so\u00f1aron con cambiar el mundo, y por eso yo vengo de la guerra. Conozco la soledad de los calabozos, estoy vivo por milagro, mi cuerpo es un mapa de torturas.<\/p>\n<p style=\"text-align: justify;\">Sobre la paz<\/p>\n<p style=\"text-align: justify;\">\u00bfQue hay incertidumbre, que hay riesgo en la b\u00fasqueda de la paz? Claro que s\u00ed, c\u00f3mo no lo va a haber. No se puede separar el problema de la lucha por la paz de los otros problemas. La paz no se arregla firmando unos papeles, hay que construirla, requiere un esp\u00edritu de concordia. La paz lo \u00fanico que precisa es aprende a respetar al otro en la diferencia, el que cada cual vaya por su vereda, y as\u00ed poder convivir.<\/p>\n<p style=\"text-align: justify;\">Hay que ser generosos, hay que abrir el pecho, hay que descargar el odio, hay que descargar el sentimiento de venganza, debe primar en nuestra conducta la solidaridad, el amor a la vida, el amor a la especie, a la alegr\u00eda de vivir, hay que aprender de los p\u00e1jaros, que en cada amanecer le cantan a la vida y salen a luchar por la comida.<\/p>\n<p style=\"text-align: justify;\">Lo principal es el esp\u00edritu de compromiso, hay que juntar esperanzas, pero no esperar a tener las soluciones perfectas. Hay que construir con lo que se tenga. Arist\u00f3teles daba clases debajo de un \u00e1rbol, y sac\u00f3 a Alejandro Magno.<\/p>\n<p style=\"text-align: justify;\">Lograr la paz en esta coyuntura, es abrirle puertas a la construcci\u00f3n de una esperanza colectiva, que le d\u00e9 sentido a la vida. Firmar la paz es apenas ganarse el derecho a construirla. La paz no va a resolver el problema de la pobreza. Va a haber dolor, va a haber deuda social, pero para enfrentar todo eso, tiene que haber paz. Es por el camino de la paz que habr\u00e1 condiciones para una Colombia m\u00e1s justa. El motor de arranque de esa nueva Colombia es la paz.<\/p>\n<p style=\"text-align: justify;\">El tema de la reforma agraria debe ser discutido en Colombia porque ac\u00e1 el problema de la tierra es central, sustantivo, no es cualquier cosa. Es el motor de la industrializaci\u00f3n del pa\u00eds, el plus de potencialidad agr\u00edcola. Si se va a combatir la droga, hay que tener un campesino que pueda vivir sin necesidad de cultivar plantas de coca. El cultivo de \u00e9sta ha sido el refugio de la pobreza. \u00bfQu\u00e9 va a sembrar ma\u00edz si apenas le da la d\u00e9cima parte de lo que da la planta de droga? Es un fen\u00f3meno econ\u00f3mico que hay que combatir en la base. El campesino dejar\u00e1 de cultivar coca cuando tengo la alternativa de vivir decentemente con otros trabajos.<\/p>\n<p style=\"text-align: justify;\">La causa de la paz solo puede equipararse a la causa del amor. Son las dos cosas fundamentales arriba de la tierra.<\/p>\n<p style=\"text-align: justify;\">Sobre los del \u201cS\u00ed\u201d y los del \u201cNo\u201d<\/p>\n<p>La naturaleza nos hace semejantes pero distintos, siempre habr\u00e1 diferencias. Hay que aprender a caminar con diferencias, y no pretender atrapar al que discrepa. No sembrar venganza con quien piensa diferente. Como seres humanos somos gregarios y necesitamos la sociedad. Inevitablemente va a haber conflictos, pero los conflictos se negocian, se dialogan, ese es el papel superior de la pol\u00edtica.<\/p>\n<p style=\"text-align: justify;\">Los que pregonan el \u201cNo\u201d son tambi\u00e9n nuestros hermanos, son colombianos, parte de esta naci\u00f3n, nacieron aqu\u00ed y aqu\u00ed tendr\u00e1n que construir, con ellos hay que entenderse ma\u00f1ana y pasado ma\u00f1ana.<\/p>\n<p style=\"text-align: justify;\">Sobre el valor de la vida<\/p>\n<p style=\"text-align: justify;\">Nunca lo olviden: no hay fortuna mayor que el milagro de estar vivos. La vida es para cada uno de nosotros la riqueza mayor, es un milagro. Por eso no podemos comulgar con la idea de que esto es un valle de l\u00e1grimas que nos conducir\u00e1 al para\u00edso. Ac\u00e1 en la tierra est\u00e1 el para\u00edso y est\u00e1 el infierno, depende de nosotros. No podemos padecer la historia, tenemos que empezar a ser gestores de nuestra propia historia.<\/p>\n<p style=\"text-align: justify;\">Quien ame la vida tiene que luchar por el progreso de la humanidad. El progreso no est\u00e1 en los cartuchos de balas ni en los fusiles, est\u00e1 en el patio de las universidades, en la distribuci\u00f3n de la riqueza, en la libertad, en el derecho a la diferencia y en aprender a respetarnos esa diferencia, y sobre todo en tener un margen de tiempo importante para hacer con cada una de nuestras vidas lo que se nos ocurra, sin joder a nadie.<\/p>\n<p style=\"text-align: justify;\">Palabras a los j\u00f3venes<\/p>\n<p style=\"text-align: justify;\">Lo importante en la vida no es no perder, sino volver a empezar. La vida siempre es volver a empezar, tener la frescura de vivirla al tope, y aceptar que hay fracasos, pero que no son el final, no son el fin del mundo mientras estemos vivos.<\/p>\n<p style=\"text-align: justify;\">Me propuse vivir ligero de equipaje, sin muchas cosas materiales para poder tener tiempo libre, para hacer lo que me gusta. Soy consciente que soy un viejo raro, porque en un mundo consumista vivo con mucha sobriedad. En la soledad del calabozo aprend\u00ed que para ser feliz son pocas las cosas que se precisan, y que felicidad est\u00e1 aqu\u00ed, en la cabeza, y no en el bolsillo. Aprend\u00ed que cuando t\u00fa compras algo, lo compras con dinero que has ganado con tiempo de tu vida. Quiere decir que no compras con plata sino con el tiempo de tu vida.<\/p>\n<p style=\"text-align: justify;\">Y aprend\u00ed, que la libertad no es una palabra extra\u00f1a. La libertad es ese tiempo de tu vida que tienes libre para hacer las cosas que tu elijes y te gustan. Necesitas tiempo para ser libre y vivir, para las cosas m\u00e1s sagradas de la vida: la familia, los hijos, el amor, un mill\u00f3n de amigos. Cuando no tengas eso, no tendr\u00e1s nada, as\u00ed tengas toda la plata en el bolsillo. No te dejes robar la libertad, aseg\u00farate tener tiempo para vivir. Al hoyo vas a llegar igual, no te apures.<\/p>\n<p style=\"text-align: justify;\">A los j\u00f3venes les quiero transmitir que la vida es hermosa, y es doblemente hermosa si existe una causa. Les quiero decir que sepan perder, pero perder con dignidad, y puedan volver a empezar una y otra vez. Muchachos, un d\u00eda ser\u00e1n viejos, y cuando lo sean, en alg\u00fan momento se tendr\u00e1n que mirar al espejo y hacer un balance sobre qu\u00e9 ha sido de sus vidas.<\/p>\n<p style=\"text-align: justify;\">Publicado 17 de septiembre de 2016.<\/p>\n","protected":false},"excerpt":{"rendered":"\u201cPepe\u201d Mujica estuvo por aqu\u00ed. Vino a darle\u00a0un saludito a la paz de Colombia Por Ricardo Aricapa Jos\u00e9 \u201cPepe\u201d Mujica, ex presidente de \n<a class=\"moretag\" href=\"https:\/\/ctainternacionales.org\/?p=3693\"> [...]<\/a>","protected":false},"author":1,"featured_media":0,"comment_status":"closed","ping_status":"closed","sticky":false,"template":"","format":"standard","meta":{"ngg_post_thumbnail":0,"footnotes":""},"categories":[],"tags":[],"class_list":["post-3693","post","type-post","status-publish","format-standard","hentry"],"_links":{"self":[{"href":"https:\/\/ctainternacionales.org\/index.php?rest_route=\/wp\/v2\/posts\/3693","targetHints":{"allow":["GET"]}}],"collection":[{"href":"https:\/\/ctainternacionales.org\/index.php?rest_route=\/wp\/v2\/posts"}],"about":[{"href":"https:\/\/ctainternacionales.org\/index.php?rest_route=\/wp\/v2\/types\/post"}],"author":[{"embeddable":true,"href":"https:\/\/ctainternacionales.org\/index.php?rest_route=\/wp\/v2\/users\/1"}],"replies":[{"embeddable":true,"href":"https:\/\/ctainternacionales.org\/index.php?rest_route=%2Fwp%2Fv2%2Fcomments&post=3693"}],"version-history":[{"count":5,"href":"https:\/\/ctainternacionales.org\/index.php?rest_route=\/wp\/v2\/posts\/3693\/revisions"}],"predecessor-version":[{"id":3700,"href":"https:\/\/ctainternacionales.org\/index.php?rest_route=\/wp\/v2\/posts\/3693\/revisions\/3700"}],"wp:attachment":[{"href":"https:\/\/ctainternacionales.org\/index.php?rest_route=%2Fwp%2Fv2%2Fmedia&parent=3693"}],"wp:term":[{"taxonomy":"category","embeddable":true,"href":"https:\/\/ctainternacionales.org\/index.php?rest_route=%2Fwp%2Fv2%2Fcategories&post=3693"},{"taxonomy":"post_tag","embeddable":true,"href":"https:\/\/ctainternacionales.org\/index.php?rest_route=%2Fwp%2Fv2%2Ftags&post=3693"}],"curies":[{"name":"wp","href":"https:\/\/api.w.org\/{rel}","templated":true}]}}