{"id":3690,"date":"2016-09-19T13:50:03","date_gmt":"2016-09-19T16:50:03","guid":{"rendered":"http:\/\/www.ctainternacionales.org\/?p=3690"},"modified":"2016-09-19T15:56:43","modified_gmt":"2016-09-19T18:56:43","slug":"los-multiples-frentes-de-la-lucha-contra-el-poder-corporativo","status":"publish","type":"post","link":"https:\/\/ctainternacionales.org\/?p=3690","title":{"rendered":"Los m\u00faltiples frentes de la lucha contra el poder corporativo"},"content":{"rendered":"<p style=\"text-align: justify;\">El \u2018Mini Davos\u2019 organizado por el gobierno argentino es una se\u00f1al de los tiempos que corren en nuestro pa\u00eds y en Am\u00e9rica Latina. Los Estados est\u00e1n cada vez m\u00e1s sujetos a una dependencia tremenda sobre las empresas multinacionales, tanto las que tienen origen en el extranjero como aquellas de origen nacional.<!--more--><\/p>\n<p style=\"text-align: justify;\"><a href=\"http:\/\/www.ctainternacionales.org\/wp-content\/uploads\/2016\/09\/protesta-mini-davos-680x365.jpeg\"><img loading=\"lazy\" decoding=\"async\" class=\"aligncenter size-thumbnail wp-image-3691\" src=\"http:\/\/www.ctainternacionales.org\/wp-content\/uploads\/2016\/09\/protesta-mini-davos-680x365-350x188.jpeg\" alt=\"protesta-mini-davos-680x365\" width=\"350\" height=\"188\" \/><\/a><\/p>\n<p style=\"text-align: justify;\">La diferencia entre una \u2018burgues\u00eda nacional\u2019 y las empresas extranjeras pr\u00e1cticamente es inexistente. Techint no tiene pr\u00e1cticas distintas que Arcelor Mittal, y todas compiten en lo que perciben como un mercado mundial. Esto afecta a nuestras sociedades de diferentes formas: ataques a derechos laborales, baja recaudaci\u00f3n impositiva, \u2018dumping social\u2019, y profundizaci\u00f3n de la dependencia. La incapacidad de los Estados de generar una estrategia de desarrollo propia est\u00e1 \u00edntimamente relacionada con la subordinaci\u00f3n a las estrategias de las multinacionales.<\/p>\n<p style=\"text-align: justify;\">Un reciente estudio de la Comisi\u00f3n Econ\u00f3mica para Am\u00e9rica Latina y el Caribe (CEPAL) en conjunto con la organizaci\u00f3n no-gubernamental Oxfam enfoca sobre el grave problema de la evasi\u00f3n impositiva en nuestra regi\u00f3n. El principal problema que tienen en t\u00e9rminos de recaudaci\u00f3n son los fraudes con los impuestos a la renta de las grandes empresas. En la regi\u00f3n, ese impuesto representa el 5% del PBI, mientras que en los pa\u00edses desarrollados supera el 11%. La proliferaci\u00f3n de los para\u00edsos fiscales, expuesta en los Panama Papers, deja a los Estados sin capacidad de recaudaci\u00f3n y dependiendo de la renta extra\u00edda a los trabajadores. Esto afecta el bienestar general, y en especial la capacidad de financiar pol\u00edticas p\u00fablicas en estados nacionales, provinciales y municipales. Un ejemplo claro en el caso argentino es el impuesto a las ganancias, que recae sobre los trabajadores en su gran mayor\u00eda, mientras que las transacciones financieras fluyen libremente sin ninguna recaudaci\u00f3n impositiva que las afecte.<\/p>\n<p style=\"text-align: justify;\">Desde el movimiento sindical se est\u00e1 produciendo una reacci\u00f3n que tiene varias aristas. No existe hoy organizaci\u00f3n sindical internacional que no tenga como objetivo de lucha a las grandes corporaciones. Tanto la Confederaci\u00f3n Sindical Internacional como las diferentes Federaciones Globales (de servicios, industria, etc.) han puesto el eje de sus luchas en las corporaciones m\u00e1s importantes.<\/p>\n<p style=\"text-align: justify;\">Esta lucha debe tener varias formas. Por una lado debe existir la denuncia respecto a las escandalosas condiciones de trabajo a la que son expuestos millones de trabajadores en el mundo. Esta denuncia no puede ser solitaria, y tiene que ir acompa\u00f1ada de un esfuerzo redoblado por organizar a esos trabajadores en los lugares de trabajo. Sin presencia en los lugares de la producci\u00f3n ser\u00e1 muy dif\u00edcil evitar que esas situaciones de explotaci\u00f3n se repitan.<\/p>\n<p style=\"text-align: justify;\">Por \u00faltimo, la estrategia sindical tiene que tener un componente orientado hacia el Estado, a la presi\u00f3n sobre los reg\u00edmenes impositivos y a que se erradiquen los para\u00edsos fiscales que son amparados por grandes potencias. En esta misma l\u00ednea debe continuar el esfuerzo para que no se ataque el derecho a huelga, un componente clave para combatir a estas corporaciones.<\/p>\n<p style=\"text-align: justify;\">El reciente caso de Apple y la multa impuesta por la Uni\u00f3n Europea por evasi\u00f3n impositiva muestra un camino posible a seguir. Apple deber\u00e1 pagar 13 mil millones de euros a Irlanda por evasi\u00f3n impositiva en los \u00faltimos a\u00f1os. Pero este no es el \u00fanico problema para la empresa. Las f\u00e1bricas de Foxconn (donde se arman los Iphone en China) est\u00e1n teniendo los mayores niveles de conflictividad en m\u00e1s de 3 d\u00e9cadas. Esta doble presi\u00f3n tiene que ser acompa\u00f1ada por los sindicatos en el resto del mundo, y puede llegar a marcar un cambio en la perspectiva negativa que nos dejaron todos estos a\u00f1os de avance neoliberal.<\/p>\n<p style=\"text-align: justify;\">Adolfo Fito Aguirre Secretario de Internacionales CTA-A<\/p>\n<p style=\"text-align: justify;\">INTERVENCION COMPLETA DE PEPE MUJICA EN COLOMBIA<\/p>\n<audio class=\"wp-audio-shortcode\" id=\"audio-3690-1\" preload=\"none\" style=\"width: 100%;\" controls=\"controls\"><source type=\"audio\/mpeg\" src=\"http:\/\/www.ctainternacionales.org\/wp-content\/uploads\/2016\/09\/Intervenci\u00f3n-De-Pepe-Mujica-En-Medellin-Encuentro-Por-La-Paz_283110482_soundcloud.mp3?_=1\" \/><a href=\"http:\/\/www.ctainternacionales.org\/wp-content\/uploads\/2016\/09\/Intervenci\u00f3n-De-Pepe-Mujica-En-Medellin-Encuentro-Por-La-Paz_283110482_soundcloud.mp3\">http:\/\/www.ctainternacionales.org\/wp-content\/uploads\/2016\/09\/Intervenci\u00f3n-De-Pepe-Mujica-En-Medellin-Encuentro-Por-La-Paz_283110482_soundcloud.mp3<\/a><\/audio>\n","protected":false},"excerpt":{"rendered":"El \u2018Mini Davos\u2019 organizado por el gobierno argentino es una se\u00f1al de los tiempos que corren en nuestro pa\u00eds y en Am\u00e9rica Latina. \n<a class=\"moretag\" href=\"https:\/\/ctainternacionales.org\/?p=3690\"> [...]<\/a>","protected":false},"author":1,"featured_media":0,"comment_status":"closed","ping_status":"closed","sticky":false,"template":"","format":"standard","meta":{"ngg_post_thumbnail":0,"footnotes":""},"categories":[],"tags":[],"class_list":["post-3690","post","type-post","status-publish","format-standard","hentry"],"_links":{"self":[{"href":"https:\/\/ctainternacionales.org\/index.php?rest_route=\/wp\/v2\/posts\/3690","targetHints":{"allow":["GET"]}}],"collection":[{"href":"https:\/\/ctainternacionales.org\/index.php?rest_route=\/wp\/v2\/posts"}],"about":[{"href":"https:\/\/ctainternacionales.org\/index.php?rest_route=\/wp\/v2\/types\/post"}],"author":[{"embeddable":true,"href":"https:\/\/ctainternacionales.org\/index.php?rest_route=\/wp\/v2\/users\/1"}],"replies":[{"embeddable":true,"href":"https:\/\/ctainternacionales.org\/index.php?rest_route=%2Fwp%2Fv2%2Fcomments&post=3690"}],"version-history":[{"count":2,"href":"https:\/\/ctainternacionales.org\/index.php?rest_route=\/wp\/v2\/posts\/3690\/revisions"}],"predecessor-version":[{"id":3705,"href":"https:\/\/ctainternacionales.org\/index.php?rest_route=\/wp\/v2\/posts\/3690\/revisions\/3705"}],"wp:attachment":[{"href":"https:\/\/ctainternacionales.org\/index.php?rest_route=%2Fwp%2Fv2%2Fmedia&parent=3690"}],"wp:term":[{"taxonomy":"category","embeddable":true,"href":"https:\/\/ctainternacionales.org\/index.php?rest_route=%2Fwp%2Fv2%2Fcategories&post=3690"},{"taxonomy":"post_tag","embeddable":true,"href":"https:\/\/ctainternacionales.org\/index.php?rest_route=%2Fwp%2Fv2%2Ftags&post=3690"}],"curies":[{"name":"wp","href":"https:\/\/api.w.org\/{rel}","templated":true}]}}