{"id":3678,"date":"2016-09-09T09:18:29","date_gmt":"2016-09-09T12:18:29","guid":{"rendered":"http:\/\/www.ctainternacionales.org\/?p=3678"},"modified":"2016-09-09T09:19:19","modified_gmt":"2016-09-09T12:19:19","slug":"argentina-el-dia-del-inmigrante","status":"publish","type":"post","link":"https:\/\/ctainternacionales.org\/?p=3678","title":{"rendered":"Argentina el d\u00eda del inmigrante."},"content":{"rendered":"<p style=\"text-align: justify;\">El 4 de Septiembre \u00a0fue establecida por un decreto de 1949 para recordar y enaltecer las tradiciones de las distintas colectividades que viven en nuestro pa\u00eds, y recuerda la disposici\u00f3n dictada por el Primer Triunvirato en 1812, que ten\u00eda la intenci\u00f3n de fomentar la inmigraci\u00f3n y ofrecer \u201csu inmediata protecci\u00f3n a los individuos de todas las naciones y a sus familias que deseen fijar su domicilio en el territorio\u201d.<\/p>\n<p style=\"text-align: justify;\"><a href=\"http:\/\/www.ctainternacionales.org\/wp-content\/uploads\/2016\/09\/inmi.jpg\"><img loading=\"lazy\" decoding=\"async\" class=\"aligncenter size-thumbnail wp-image-3679\" src=\"http:\/\/www.ctainternacionales.org\/wp-content\/uploads\/2016\/09\/inmi-350x259.jpg\" alt=\"inmi\" width=\"350\" height=\"259\" \/><\/a>En aquella \u00e9poca cuando se hablaba de inmigraci\u00f3n se hac\u00eda foco casi exclusivamente en la inmigraci\u00f3n europea que luego en diversas oleadas fueron poblando el pa\u00eds, trabajando en el desarrollo agr\u00edcola primero, y luego realizando diversas ocupaciones conforme tambi\u00e9n iba creciendo su participaci\u00f3n pol\u00edtica en nuestro pa\u00eds.<\/p>\n<p style=\"text-align: justify;\">La Constituci\u00f3n Argentina de 1994 mantiene el Pre\u00e1mbulo de la Constituci\u00f3n de 1853 donde se expresa \u201c&#8230;, promover el bienestar general, y asegurar los beneficios de la libertad, para nosotros, para nuestra posteridad, y para todos los hombres del mundo que quieran habitar el suelo argentino&#8230;\u201d. Sin embargo, a trav\u00e9s de la historia de nuestro pa\u00eds hemos visto como la inmigraci\u00f3n no fue siempre bien recibida, lo que depend\u00eda fundamentalmente del origen de aquellos migrantes. Mientras por un lado la inmigraci\u00f3n europea continu\u00f3 siendo percibida como generadora del progreso, la inmigraci\u00f3n proveniente de pa\u00edses hermanos latinoamericanos fue abordada desde el poder p\u00fablico (y reforzada desde los medios de comunicaci\u00f3n) como un problema de seguridad nacional. Una excepci\u00f3n a esta \u201cregla\u201d, la dio la Ley de residencia de 1902, cuando con la intenci\u00f3n de controlar el malestar social, se habilit\u00f3 al gobierno a expulsar inmigrantes sin juicio previo. Aquella ley ten\u00eda un claro objetivo: reprimir al movimiento obrero organizado y estigmatizar a aquellos trabajadores identificados con el socialismo y el anarquismo que llegaban desde una Europa convulsionada pol\u00edticamente.<\/p>\n<p style=\"text-align: justify;\">La ley 22.439, conocida como \u00abLey Videla\u00bb, fue otro instrumento del cual la Dictadura militar se dot\u00f3 para ejercer el control social, considerando a los inmigrantes como un peligro para la seguridad nacional. Bajo este paradigma se negaron derechos humanos fundamentales, y se procedi\u00f3 a la detenci\u00f3n y expulsi\u00f3n de inmigrantes sin que se respeten las garant\u00edas procesales b\u00e1sicas. Esta ley estuvo vigente tambi\u00e9n a lo largo de m\u00e1s de 20 a\u00f1os de democracia, y sirvi\u00f3 como sustento jur\u00eddico a una concepci\u00f3n que ten\u00eda eco tambi\u00e9n en los medios de comunicaci\u00f3n y en parte de la opini\u00f3n p\u00fablica: el extranjero constitu\u00eda un peligro para la sociedad siendo uno de los principales focos de la criminalidad a la vez que atenta contra la estabildiad y las condiciones de trabajo de la mano de obra nacional, toda vez que ocupan los trabajos disponibles y le quitan posibilidades de empleo a los argentinos.<\/p>\n<p style=\"text-align: justify;\">Este argumento aunque expresamente falaz y discriminatorio, es el que predomin\u00f3 durante muchos a\u00f1os en nuestro pa\u00eds, y el que estigmatiz\u00f3 a los imigrantes de pa\u00edses fronterizos quienes caracterizaron las migraciones en nuestro pa\u00eds en las \u00faltimas d\u00e9cadas.<\/p>\n<p style=\"text-align: justify;\">La ley 25.871 sancionada en el a\u00f1o 2003 y reglamentada por el decreto 616\/10, vino a cambiar este paradigma, gracias a un fuerte trabajo y un consenso amplio de sectores pol\u00edticos, sociales y acad\u00e9micos. A partir de esta nueva ley se dio paso a una visi\u00f3n basada en una \u00f3ptica de derechos humanos, donde el migrante es ante todo un sujeto de derechos, dejando atr\u00e1s la concepci\u00f3n que asociaba inmigraci\u00f3n con criminalidad. Nuestra ley constituye un modelo para el mundo sobre como tratar las migraciones basada en derechos.<\/p>\n<p style=\"text-align: justify;\">Sin embargo, pocos d\u00edas atr\u00e1s conocimos la noticia de la creaci\u00f3n de un centro de detenci\u00f3n de para migrantes en Argentina. Producto de un Convenio tripartito entre la Direcci\u00f3n Nacional de Migraciones, el Ministerio de Seguridad de la Naci\u00f3n y el Ministerio de Seguridad y Justicia de la Ciudad Aut\u00f3noma de Buenos Aires, se entreg\u00f3 en comodato un predio para ser utilizado a los fines de retener a aquellos inmigrantes en situaci\u00f3n irregular en nuestro pa\u00eds como paso previo a la expulsi\u00f3n, donde la Polic\u00eda Federal ser\u00eda la encargada del traslado y custodia de los extranjeros detenidos. M\u00e1s all\u00e1 de las desmentidas oficiales sobre si este centro constituye una c\u00e1rcel o no, lo cierto es que este hecho preocupa por la connotaci\u00f3n que su mera existencia implica. El discurso de que sufrimos una \u201cinmigraci\u00f3n descontrolada\u201d desde nuestros pa\u00edses vecinos es un argumento al que han recurrido en reiteradas oportunidades quienes hoy se encuentran en el gobierno. En tiempo de crisis econ\u00f3mica y social, los dedos acusatorios que necesitan de un chivo expiatorio para explicar los conflictos que atraviesa un pa\u00eds han encontrado siempre en los extranjeros al blanco m\u00e1s f\u00e1cil. La creaci\u00f3n de este centro nos preocupa y nos ocupa ya que vuelve a asociar la inmigraci\u00f3n con la criminalidad. Estaremos alertas para denunciar cualquier intento para estigmatizar a aquellos inmigrantes que quieran residir en nuestro pa\u00eds y que busque vulnerar los derechos leg\u00edtimamente conquistados.<\/p>\n<p style=\"text-align: justify;\">Por ello desde la Coordinadora de Centrales Sindicales del Cono Sur (CCSCS) hemos expresado nuestra denuncia y alerta a la regi\u00f3n, sobre este hecho que significa un retroceso para nuestro pa\u00eds y para la integraci\u00f3n regional.<\/p>\n","protected":false},"excerpt":{"rendered":"El 4 de Septiembre \u00a0fue establecida por un decreto de 1949 para recordar y enaltecer las tradiciones de las distintas colectividades que viven \n<a class=\"moretag\" href=\"https:\/\/ctainternacionales.org\/?p=3678\"> [...]<\/a>","protected":false},"author":1,"featured_media":0,"comment_status":"closed","ping_status":"closed","sticky":false,"template":"","format":"standard","meta":{"ngg_post_thumbnail":0,"footnotes":""},"categories":[],"tags":[],"class_list":["post-3678","post","type-post","status-publish","format-standard","hentry"],"_links":{"self":[{"href":"https:\/\/ctainternacionales.org\/index.php?rest_route=\/wp\/v2\/posts\/3678","targetHints":{"allow":["GET"]}}],"collection":[{"href":"https:\/\/ctainternacionales.org\/index.php?rest_route=\/wp\/v2\/posts"}],"about":[{"href":"https:\/\/ctainternacionales.org\/index.php?rest_route=\/wp\/v2\/types\/post"}],"author":[{"embeddable":true,"href":"https:\/\/ctainternacionales.org\/index.php?rest_route=\/wp\/v2\/users\/1"}],"replies":[{"embeddable":true,"href":"https:\/\/ctainternacionales.org\/index.php?rest_route=%2Fwp%2Fv2%2Fcomments&post=3678"}],"version-history":[{"count":1,"href":"https:\/\/ctainternacionales.org\/index.php?rest_route=\/wp\/v2\/posts\/3678\/revisions"}],"predecessor-version":[{"id":3680,"href":"https:\/\/ctainternacionales.org\/index.php?rest_route=\/wp\/v2\/posts\/3678\/revisions\/3680"}],"wp:attachment":[{"href":"https:\/\/ctainternacionales.org\/index.php?rest_route=%2Fwp%2Fv2%2Fmedia&parent=3678"}],"wp:term":[{"taxonomy":"category","embeddable":true,"href":"https:\/\/ctainternacionales.org\/index.php?rest_route=%2Fwp%2Fv2%2Fcategories&post=3678"},{"taxonomy":"post_tag","embeddable":true,"href":"https:\/\/ctainternacionales.org\/index.php?rest_route=%2Fwp%2Fv2%2Ftags&post=3678"}],"curies":[{"name":"wp","href":"https:\/\/api.w.org\/{rel}","templated":true}]}}