{"id":3675,"date":"2016-08-25T12:47:29","date_gmt":"2016-08-25T15:47:29","guid":{"rendered":"http:\/\/www.ctainternacionales.org\/?p=3675"},"modified":"2016-08-25T12:47:29","modified_gmt":"2016-08-25T15:47:29","slug":"csa-y-csi-apoyan-el-si-en-el-plebiscito-sobre-los-acuerdos-de-la-paz-en-colombia","status":"publish","type":"post","link":"https:\/\/ctainternacionales.org\/?p=3675","title":{"rendered":"CSA y CSI apoyan el S\u00cd en el Plebiscito sobre los Acuerdos de la Paz en Colombia"},"content":{"rendered":"<p style=\"text-align: justify;\">Centrales afiliadas de la CSA y la CSI en Colombia realizaron, junto a otras organizaciones, una Jornada Nacional por la Paz donde lanzaron la campa\u00f1a por el S\u00cd en el plebiscito consultivo sobre los Acuerdos de Paz en el pa\u00eds.<\/p>\n<p style=\"text-align: justify;\">Las negociaciones entre el gobierno del presidente Santos con las guerrillas de las FARC est\u00e1n llegando a unos acuerdos que incluyen la finalizaci\u00f3n de la guerra en la b\u00fasqueda de una paz estable y duradera, los cuales deber\u00e1n ser refrendados por un Plebiscito en el que los colombianos tendr\u00e1n la opci\u00f3n de votar S\u00cd para aprobarlos cuando est\u00e9n firmados, o NO.<\/p>\n<p style=\"text-align: justify;\">V\u00edctor B\u00e1ez, secretario general de la CSA, que estuvo participando de la Jornada en representaci\u00f3n de la CSA y la CSI reafirm\u00f3 el apoyo de las dos organizaciones a los Acuerdos de Paz en Colombia, presentando tambi\u00e9n el apoyo internacional al S\u00cd en el Plebiscito.<\/p>\n<p style=\"text-align: justify;\">\u201cLa promesa de la paz es la esperanza de las generaciones futuras. El apoyo de los sindicatos por la paz es cr\u00edtico y m\u00e1s all\u00e1 de la consulta de una paz duradera, requerir\u00e1 la inclusi\u00f3n de los sindicatos y la sociedad civil para asegurar que los beneficios de la paz generen empleo y la cohesi\u00f3n social. Los felicitamos y llevamos el esp\u00edritu de los 180 millones de miembros en todo el mundo para estar a su lado en apoyo al S\u00cd- S\u00cd para la paz, S\u00cd para el trabajo, S\u00cd a una Colombia unificada y pr\u00f3spera\u201d, fue el mensaje enviado por Sharan Burrow, Secretaria General de la CSI a la Jornada y le\u00edda por B\u00e1ez.<\/p>\n<p style=\"text-align: justify;\"><a href=\"http:\/\/www.ctainternacionales.org\/wp-content\/uploads\/2016\/08\/unnamed235.jpg.468x246.6.jpg\"><img loading=\"lazy\" decoding=\"async\" class=\"aligncenter size-thumbnail wp-image-3676\" src=\"http:\/\/www.ctainternacionales.org\/wp-content\/uploads\/2016\/08\/unnamed235.jpg.468x246.6-350x184.jpg\" alt=\"unnamed235.jpg.468x246.6\" width=\"350\" height=\"184\" \/><\/a><\/p>\n<p style=\"text-align: justify;\">\u201cNo queremos la paz de los cementerios. Queremos una activa, feliz y participativa paz con los sindicatos pudiendo negociar sin ning\u00fan tipo de amenaza. Tambi\u00e9n abogamos por la reparaci\u00f3n colectiva a los sindicatos, con el fin de garantizar que, a partir de ahora, los y las trabajadoras puedan organizarse, hablar y negociar sin temer ning\u00fan tipo de represalia\u00bb, se\u00f1al\u00f3 V\u00edctor.<\/p>\n<p style=\"text-align: justify;\">Miguel Morantes, presidente de la CTC declar\u00f3 el apoyo de la central al S\u00cd: \u201cEl apoyo de la CTC es por el S\u00cd al plebiscito por la Paz y la justicia social en Colombia. Reiteramos nuestra convocatoria a todos los miembros de la CTC y a los y las trabajadoras por votar por el S\u00cd en el Plebiscito sobre los Acuerdos de Paz en Colombia\u201d.<\/p>\n<p style=\"text-align: justify;\">En el mismo sentido el compa\u00f1ero Luis Alejandro Pedraza, presidente de la CUT, que afirm\u00f3: \u201cComo a un important\u00edsimo n\u00famero de organizaciones sociales y pol\u00edticas, nos anima la esperanza de que, con los acuerdos de paz, se propicien los espacios democr\u00e1ticos para contribuir sin violencia a la reconstrucci\u00f3n de la naci\u00f3n, por esta raz\u00f3n es que la CUT sin ambages trabajar\u00e1 por el S\u00cd en el Plebiscito sobre los Acuerdos de Paz en Colombia\u201d.<\/p>\n<p style=\"text-align: justify;\">Todav\u00eda no hay fecha para el refer\u00e9ndum, pero se calcula que podr\u00eda ser en octubre o principios de noviembre.<\/p>\n","protected":false},"excerpt":{"rendered":"Centrales afiliadas de la CSA y la CSI en Colombia realizaron, junto a otras organizaciones, una Jornada Nacional por la Paz donde lanzaron \n<a class=\"moretag\" href=\"https:\/\/ctainternacionales.org\/?p=3675\"> [...]<\/a>","protected":false},"author":1,"featured_media":0,"comment_status":"closed","ping_status":"closed","sticky":false,"template":"","format":"standard","meta":{"ngg_post_thumbnail":0,"footnotes":""},"categories":[],"tags":[],"class_list":["post-3675","post","type-post","status-publish","format-standard","hentry"],"_links":{"self":[{"href":"https:\/\/ctainternacionales.org\/index.php?rest_route=\/wp\/v2\/posts\/3675","targetHints":{"allow":["GET"]}}],"collection":[{"href":"https:\/\/ctainternacionales.org\/index.php?rest_route=\/wp\/v2\/posts"}],"about":[{"href":"https:\/\/ctainternacionales.org\/index.php?rest_route=\/wp\/v2\/types\/post"}],"author":[{"embeddable":true,"href":"https:\/\/ctainternacionales.org\/index.php?rest_route=\/wp\/v2\/users\/1"}],"replies":[{"embeddable":true,"href":"https:\/\/ctainternacionales.org\/index.php?rest_route=%2Fwp%2Fv2%2Fcomments&post=3675"}],"version-history":[{"count":1,"href":"https:\/\/ctainternacionales.org\/index.php?rest_route=\/wp\/v2\/posts\/3675\/revisions"}],"predecessor-version":[{"id":3677,"href":"https:\/\/ctainternacionales.org\/index.php?rest_route=\/wp\/v2\/posts\/3675\/revisions\/3677"}],"wp:attachment":[{"href":"https:\/\/ctainternacionales.org\/index.php?rest_route=%2Fwp%2Fv2%2Fmedia&parent=3675"}],"wp:term":[{"taxonomy":"category","embeddable":true,"href":"https:\/\/ctainternacionales.org\/index.php?rest_route=%2Fwp%2Fv2%2Fcategories&post=3675"},{"taxonomy":"post_tag","embeddable":true,"href":"https:\/\/ctainternacionales.org\/index.php?rest_route=%2Fwp%2Fv2%2Ftags&post=3675"}],"curies":[{"name":"wp","href":"https:\/\/api.w.org\/{rel}","templated":true}]}}