{"id":3664,"date":"2016-08-12T11:35:01","date_gmt":"2016-08-12T14:35:01","guid":{"rendered":"http:\/\/www.ctainternacionales.org\/?p=3664"},"modified":"2016-08-12T11:40:37","modified_gmt":"2016-08-12T14:40:37","slug":"solidaridad-internacional-con-la-jornada-de-lucha-de-la-cta-a","status":"publish","type":"post","link":"https:\/\/ctainternacionales.org\/?p=3664","title":{"rendered":"Solidaridad internacional con la Jornada de Lucha de la CTA-A"},"content":{"rendered":"<p style=\"text-align: justify;\">La masiva movilizaci\u00f3n de la CTA-A a Plaza de Mayo cont\u00f3 con la presencia de Sharan Burrow y V\u00edctor B\u00e1ez Mosqueira, m\u00e1ximos dirigentes del sindicalismo internacional. Pero adem\u00e1s durante la jornada se recibieron comunicaciones de diferentes dirigentes sindicales y organizaciones gremiales de todo el mundo. \u201cViva la CTA-A\u201d dijo Burrow durante la hist\u00f3rica marcha.<!--more--><\/p>\n<p style=\"text-align: justify;\">Adolfo \u201cFito\u201d Aguirre, Secretario de Relaciones Internacionales present\u00f3 a los dirigentes del sindicalismo mundial: \u201ccomo somos una clase solidaria con las luchas de los trabajadores en todo el mundo, es un orgullo tener ac\u00e1 a la Secretaria General de la CSI\u201d.<\/p>\n<p style=\"text-align: justify;\"><a href=\"http:\/\/www.ctainternacionales.org\/wp-content\/uploads\/2016\/08\/internacionales-2.jpg\"><img loading=\"lazy\" decoding=\"async\" class=\"aligncenter size-thumbnail wp-image-3666\" src=\"http:\/\/www.ctainternacionales.org\/wp-content\/uploads\/2016\/08\/internacionales-2-350x231.jpg\" alt=\"internacionales-2\" width=\"350\" height=\"231\" \/><\/a><\/p>\n<p style=\"text-align: justify;\">Bajo un cielo azul, sin nubes, acompa\u00f1ando los reclamos de la CTA-A por un mundo m\u00e1s justo, Sharan Burrow manifest\u00f3: \u201cMuchas gracias por defender los derechos de los trabajadores y trabajadoras de todo el mundo. Decimos no al ajuste, no a la baja de los salarios y s\u00ed a abrir las paritarias. Privados, p\u00fablicos, trabajadores del sector informal todos unidos, ese es el esp\u00edritu de Argentina\u201d.<\/p>\n<p style=\"text-align: justify;\">Dirigente del sindicato de docentes de Australia, Burrow es Secretaria General de la Confederaci\u00f3n Sindical Internacional (CSI) desde 2010. La CSI representa a 180 millones de trabajadores y trabajadoras en 333 organizaciones afiliadas nacionales en 162 pa\u00edses y territorios.<\/p>\n<p style=\"text-align: justify;\">En relaci\u00f3n al ajuste brutal que est\u00e1 sufriendo el pueblo argentino, la dirigente se\u00f1al\u00f3: \u201cLas pol\u00edticas de ajuste han deteriorado las econom\u00edas en todo el mundo, no dejen que la codicia corporativa les arrebate derechos\u201d.<\/p>\n<p style=\"text-align: justify;\">A su lado, V\u00edctor B\u00e1ez Mosqueira, Secretario General de la Confederaci\u00f3n Sindical de las Am\u00e9ricas (CSA), que representa a 60 millones de trabajadores y trabajadoras en 23 pa\u00edses, agreg\u00f3, parafraseando a los trabajadores organizados de Panam\u00e1: \u201cLa pelea se hace peleando. Tenemos que decir basta porque la lucha contra la pobreza se hace con m\u00e1s derechos, no con recorte\u201d.<\/p>\n<p style=\"text-align: justify;\"><a href=\"http:\/\/www.ctainternacionales.org\/wp-content\/uploads\/2016\/08\/burrow-sharan.jpg\"><img loading=\"lazy\" decoding=\"async\" class=\"aligncenter size-thumbnail wp-image-3667\" src=\"http:\/\/www.ctainternacionales.org\/wp-content\/uploads\/2016\/08\/burrow-sharan-350x253.jpg\" alt=\"burrow-sharan\" width=\"350\" height=\"253\" \/><\/a><\/p>\n<p style=\"text-align: justify;\">Julio Salazar, Secretario General de la USO de Espa\u00f1a, escribi\u00f3: \u201cEstimados compa\u00f1eros de CTA: recibid el apoyo solidario de la USO de Espa\u00f1a por el \u00e9xito en la Jornada Nacional de Lucha que este 11 de agosto vais a llevar a cabo contra las pol\u00edticas ultraliberales del gobierno de Macri\u201d.<\/p>\n<p style=\"text-align: justify;\">\u201cComo sabes bien cont\u00e1is con todo nuestro apoyo y solidaridad en vuestra lucha contra los recortes de derechos y medidas de ajuste que el gobierno de Macri se ha propuesto llevar adelante para empobrecer a\u00fan m\u00e1s a la clase trabajadora y seguir favoreciendo al capital. Os deseamos una exitosa Jornada Nacional de Lucha. Vuestra lucha es nuestra lucha, viva la solidaridad internacional!\u201d, fueron las palabras que mand\u00f3 Laura Gonz\u00e1lez de Txabarri, Secretaria de Relaciones Internacionales de ELA.<\/p>\n<p style=\"text-align: justify;\">Desde el sindicato italiano de los trabajadores de servicios p\u00fablicos, Enzo Bernardo escribi\u00f3: \u201cLa Fp CGIL, el sindicato italiano de los trabajadores de servicios p\u00fablicos, est\u00e1 al lado de los trabajadoras y trabajadores argentinos en el D\u00eda de Lucha, por sus reivindicaciones importantes, muchas de las cuales, en este momento dif\u00edcil, tambi\u00e9n afectan a los trabajadores italianos y europeos\u201d.<a href=\"http:\/\/www.ctainternacionales.org\/wp-content\/uploads\/2016\/08\/baez-victor.jpg\"><img loading=\"lazy\" decoding=\"async\" class=\"aligncenter size-thumbnail wp-image-3665\" src=\"http:\/\/www.ctainternacionales.org\/wp-content\/uploads\/2016\/08\/baez-victor-350x246.jpg\" alt=\"baez-victor\" width=\"350\" height=\"246\" \/><\/a><\/p>\n<p style=\"text-align: justify;\">Joao Felicio, Presidente de la CSI mand\u00f3 estas palabras: \u201cCon la grave crisis del sistema capitalista en 2008 que persiste hasta los d\u00edas de hoy, la agenda neoliberal gana cada d\u00eda m\u00e1s espacio. El programa de ajuste econ\u00f3mico propuesto por el gobierno de Mauricio Macri refuerza esa nueva onda conservadora y neoliberal que ataca a la poblaci\u00f3n con desempleo masivo, aumento de la tarifa de los servicios p\u00fablicos, p\u00e9rdida real de los salarios, adem\u00e1s de la creciente inflaci\u00f3n\u201d.<\/p>\n<p style=\"text-align: justify;\">En esa misma l\u00ednea resalt\u00f3: \u201cEn este d\u00eda que es organizada la Jornada Nacional de Lucha gustar\u00eda, en nombre de la CSI, expresar mi total solidaridad con el movimiento sindical y el pueblo argentino que viene sufriendo estos ataques. La lucha por mejores condiciones de vida y de trabajo es prioridad para nosotros y es necesario unir nuestros esfuerzos para que juntos consigamos avanzar rumbo a una agenda m\u00e1s progresista, con justicia social, igualdad y derechos garantizados. Que la Jornada Nacional de Lucha tenga suceso en sus movilizaciones en defensa de los intereses de la clase trabajadora argentina! La lucha continua!\u201d.<\/p>\n<p><iframe loading=\"lazy\" title=\"CTA-A - El11 de agosto el campo popular se moviliza contra el ajuste-\" width=\"747\" height=\"420\" src=\"https:\/\/www.youtube.com\/embed\/KtM2jBoNyAM?feature=oembed\" frameborder=\"0\" allow=\"accelerometer; autoplay; clipboard-write; encrypted-media; gyroscope; picture-in-picture; web-share\" allowfullscreen><\/iframe><\/p>\n<p>&nbsp;<\/p>\n<p>&nbsp;<\/p>\n<p>&nbsp;<\/p>\n","protected":false},"excerpt":{"rendered":"La masiva movilizaci\u00f3n de la CTA-A a Plaza de Mayo cont\u00f3 con la presencia de Sharan Burrow y V\u00edctor B\u00e1ez Mosqueira, m\u00e1ximos dirigentes \n<a class=\"moretag\" href=\"https:\/\/ctainternacionales.org\/?p=3664\"> [...]<\/a>","protected":false},"author":1,"featured_media":0,"comment_status":"closed","ping_status":"closed","sticky":false,"template":"","format":"standard","meta":{"ngg_post_thumbnail":0,"footnotes":""},"categories":[],"tags":[],"class_list":["post-3664","post","type-post","status-publish","format-standard","hentry"],"_links":{"self":[{"href":"https:\/\/ctainternacionales.org\/index.php?rest_route=\/wp\/v2\/posts\/3664","targetHints":{"allow":["GET"]}}],"collection":[{"href":"https:\/\/ctainternacionales.org\/index.php?rest_route=\/wp\/v2\/posts"}],"about":[{"href":"https:\/\/ctainternacionales.org\/index.php?rest_route=\/wp\/v2\/types\/post"}],"author":[{"embeddable":true,"href":"https:\/\/ctainternacionales.org\/index.php?rest_route=\/wp\/v2\/users\/1"}],"replies":[{"embeddable":true,"href":"https:\/\/ctainternacionales.org\/index.php?rest_route=%2Fwp%2Fv2%2Fcomments&post=3664"}],"version-history":[{"count":3,"href":"https:\/\/ctainternacionales.org\/index.php?rest_route=\/wp\/v2\/posts\/3664\/revisions"}],"predecessor-version":[{"id":3670,"href":"https:\/\/ctainternacionales.org\/index.php?rest_route=\/wp\/v2\/posts\/3664\/revisions\/3670"}],"wp:attachment":[{"href":"https:\/\/ctainternacionales.org\/index.php?rest_route=%2Fwp%2Fv2%2Fmedia&parent=3664"}],"wp:term":[{"taxonomy":"category","embeddable":true,"href":"https:\/\/ctainternacionales.org\/index.php?rest_route=%2Fwp%2Fv2%2Fcategories&post=3664"},{"taxonomy":"post_tag","embeddable":true,"href":"https:\/\/ctainternacionales.org\/index.php?rest_route=%2Fwp%2Fv2%2Ftags&post=3664"}],"curies":[{"name":"wp","href":"https:\/\/api.w.org\/{rel}","templated":true}]}}