{"id":3661,"date":"2016-08-10T19:21:58","date_gmt":"2016-08-10T22:21:58","guid":{"rendered":"http:\/\/www.ctainternacionales.org\/?p=3661"},"modified":"2016-08-10T19:23:04","modified_gmt":"2016-08-10T22:23:04","slug":"dirigentes-del-sindicalismo-internacional-movilizan-con-la-cta-autonoma","status":"publish","type":"post","link":"https:\/\/ctainternacionales.org\/?p=3661","title":{"rendered":"Dirigentes del sindicalismo internacional movilizan con la CTA Aut\u00f3noma"},"content":{"rendered":"<p>11 de agosto: Jornada Nacional de Lucha<\/p>\n<p>Dirigentes del sindicalismo internacional movilizan con la CTA Aut\u00f3noma<\/p>\n<p>Sharan Burrow y V\u00edctor Baez Mosqueira -m\u00e1ximos dirigentes del sindicalismo internacional- participar\u00e1n de la movilizaci\u00f3n que partir\u00e1 a las 11 de Avenida de Mayo y 9 de Julio hacia Plaza de Mayo, en el marco de la Jornada Nacional de Lucha que la CTA Aut\u00f3noma realiza este jueves.<\/p>\n<p>Burrow, dirigente del sindicato de docentes de Australia, es Secretaria General de la Confederaci\u00f3n Sindical Internacional (CSI) desde 2010. La CSI representa a 180 millones de trabajadores y trabajadoras en 333 organizaciones afiliadas nacionales en 162 pa\u00edses y territorios.<\/p>\n<p>V\u00edctor B\u00e1ez Mosqueira fue secretario general del Sindicato Bancario de Paraguay, y desde 2008 es Secretario General de la Confederaci\u00f3n Sindical de las Am\u00e9ricas (CSA), que representa a 60 millones de trabajadores y trabajadoras en 23 pa\u00edses. La CSA es la organizaci\u00f3n regional de la Confederaci\u00f3n Sindical Internacional (CSI).<a href=\"http:\/\/www.ctainternacionales.org\/wp-content\/uploads\/2016\/08\/14002413_1127221677315891_930322341_o.jpg\"><img loading=\"lazy\" decoding=\"async\" class=\"aligncenter size-thumbnail wp-image-3662\" src=\"http:\/\/www.ctainternacionales.org\/wp-content\/uploads\/2016\/08\/14002413_1127221677315891_930322341_o-350x233.jpg\" alt=\"14002413_1127221677315891_930322341_o\" width=\"350\" height=\"233\" \/><\/a><\/p>\n","protected":false},"excerpt":{"rendered":"11 de agosto: Jornada Nacional de Lucha Dirigentes del sindicalismo internacional movilizan con la CTA Aut\u00f3noma Sharan Burrow y V\u00edctor Baez Mosqueira -m\u00e1ximos \n<a class=\"moretag\" href=\"https:\/\/ctainternacionales.org\/?p=3661\"> [...]<\/a>","protected":false},"author":1,"featured_media":0,"comment_status":"closed","ping_status":"closed","sticky":false,"template":"","format":"standard","meta":{"ngg_post_thumbnail":0,"footnotes":""},"categories":[],"tags":[],"class_list":["post-3661","post","type-post","status-publish","format-standard","hentry"],"_links":{"self":[{"href":"https:\/\/ctainternacionales.org\/index.php?rest_route=\/wp\/v2\/posts\/3661","targetHints":{"allow":["GET"]}}],"collection":[{"href":"https:\/\/ctainternacionales.org\/index.php?rest_route=\/wp\/v2\/posts"}],"about":[{"href":"https:\/\/ctainternacionales.org\/index.php?rest_route=\/wp\/v2\/types\/post"}],"author":[{"embeddable":true,"href":"https:\/\/ctainternacionales.org\/index.php?rest_route=\/wp\/v2\/users\/1"}],"replies":[{"embeddable":true,"href":"https:\/\/ctainternacionales.org\/index.php?rest_route=%2Fwp%2Fv2%2Fcomments&post=3661"}],"version-history":[{"count":1,"href":"https:\/\/ctainternacionales.org\/index.php?rest_route=\/wp\/v2\/posts\/3661\/revisions"}],"predecessor-version":[{"id":3663,"href":"https:\/\/ctainternacionales.org\/index.php?rest_route=\/wp\/v2\/posts\/3661\/revisions\/3663"}],"wp:attachment":[{"href":"https:\/\/ctainternacionales.org\/index.php?rest_route=%2Fwp%2Fv2%2Fmedia&parent=3661"}],"wp:term":[{"taxonomy":"category","embeddable":true,"href":"https:\/\/ctainternacionales.org\/index.php?rest_route=%2Fwp%2Fv2%2Fcategories&post=3661"},{"taxonomy":"post_tag","embeddable":true,"href":"https:\/\/ctainternacionales.org\/index.php?rest_route=%2Fwp%2Fv2%2Ftags&post=3661"}],"curies":[{"name":"wp","href":"https:\/\/api.w.org\/{rel}","templated":true}]}}