{"id":3658,"date":"2016-08-08T14:47:37","date_gmt":"2016-08-08T17:47:37","guid":{"rendered":"http:\/\/www.ctainternacionales.org\/?p=3658"},"modified":"2016-08-08T14:49:02","modified_gmt":"2016-08-08T17:49:02","slug":"camino-a-la-jornada-continental-por-la-democracia-y-contra-el-neoliberalismo","status":"publish","type":"post","link":"https:\/\/ctainternacionales.org\/?p=3658","title":{"rendered":"Camino a la Jornada Continental por la Democracia y contra el Neoliberalismo"},"content":{"rendered":"<p style=\"text-align: justify;\">El secretario de Relaciones Internacionales de la CTA, Adolfo \u201cFito\u201d Aguirre, llam\u00f3 en C\u00f3rdoba a construir un gran movimiento popular para llevar a cabo la expresi\u00f3n nacional de la Jornada Continental por la Democracia y contra el Neoliberalismo que tendr\u00e1 lugar en noviembre pr\u00f3ximo.<!--more-->La Jornada Continental por la democracia y contra el neoliberalismo es producto de una gesta nacida de la confluencia de organizaciones y movimientos sociales del campo popular que llev\u00f3 adelante el hist\u00f3rico NO AL ALCA en 2005.<\/p>\n<p style=\"text-align: justify;\"><a href=\"http:\/\/www.ctainternacionales.org\/wp-content\/uploads\/2016\/08\/ago_1-8.jpg\"><img loading=\"lazy\" decoding=\"async\" class=\"aligncenter size-thumbnail wp-image-3659\" src=\"http:\/\/www.ctainternacionales.org\/wp-content\/uploads\/2016\/08\/ago_1-8-350x197.jpg\" alt=\"ago_1-8\" width=\"350\" height=\"197\" \/><\/a>Luego de m\u00faltiples contactos llevados adelante desde el a\u00f1o pasado que culminaron con la conmemoraci\u00f3n y reencuentro a 10 a\u00f1os del No al Alca en La Habana se debati\u00f3 all\u00ed una agenda m\u00ednima de unidad en busca de rearticular los movimientos populares para enfrentar los desaf\u00edos de esta nueva etapa. A sabiendas de que no nos es posible hacer frente a los enemigos de nuestros pueblos de manera aislada y dispersa, se concert\u00f3 esta campa\u00f1a para dar la lucha contra el libre comercio y la codicia de las empresas transnacionales, defender la profundizaci\u00f3n de los procesos democr\u00e1ticos, la integraci\u00f3n de los pueblos y su soberan\u00eda.<\/p>\n<p style=\"text-align: justify;\">Esta Jornada Continental fue presentada y transmitida por redes sociales el pasado 8 de julio en San Pablo de la mano de la Confederaci\u00f3n Sindical de las Am\u00e9ricas junto con diversas organizaciones y movimeintos sociales tales como la Coordinadora Latinoamericana de Organizaciones del Campo\/ La V\u00eda Campesina, Amigos de la Tierra Am\u00e9rica Latina y el Caribe, ALBA Movimientos, Centro Martin Luther King, Capitulo Cubano de ALBA Movimientos, Jubileo Sur\/ Am\u00e9ricas, Internacional de Servicios P\u00fablicos y la Campa\u00f1a para Desmantelar el Poder de las Transnacionales.<\/p>\n<p style=\"text-align: justify;\">Identificada la necesidad de buscar los instrumentos para combatir el neoliberalismo y la importancia de esta unidad transversal a trabajadores, sindicatos y organizaciones campesinas y sociales, fue estipulada la construcci\u00f3n de agendas nacionales y locales hasta el d\u00eda 4 de noviembre, donde se esperan actos, manifestaciones en las calles y diferentes actividades.<\/p>\n<p style=\"text-align: justify;\">En el marco de un encuentro con dirigentes de todo el pa\u00eds en C\u00f3rdoba, Fito Aguirre hizo un balance de la situaci\u00f3n pol\u00edtica latinoamericana, caracterizada por una ofensiva encabezada por los nuevos gobiernos de derecha en la regi\u00f3n, orientada principalmente a pulverizar y paralizar el MERCOSUR, sustituy\u00e9ndolo por iniciativas fundadas en el libre comercio y la desregulaci\u00f3n econ\u00f3mica.<\/p>\n<p style=\"text-align: justify;\">Por ello propuso al plenario construir el Cap\u00edtulo Nacional de la Campa\u00f1a Continental contra el Neoliberalismo y en defensa de la democracia, extendiendo la organizaci\u00f3n hacia todas las localidades y provincias para que sea un gran movimiento en toda la geografia de Argentina, que se consolide como una gran movilizacion popular.<\/p>\n<p style=\"text-align: justify;\">En este sentido, \u201cFito\u201d Aguirre destac\u00f3 que \u201cestamos teniendo contactos con organizaciones del movimiento popular para construir y lanzar el capitulo argentino de la Campa\u00f1a Continental por la Democracia y contra el Neoliberalismo. Tenemos un documento, producto de la voluntad de unidad y acci\u00f3n conjunta entre organizaciones y movimientos del campo popular que concertamos en La Habana en noviembre pasado\u201d.<\/p>\n<p style=\"text-align: justify;\">Y agreg\u00f3: \u201cLuego participamos en San Pablo del lanzamiento de la Jornada Continental. Ahora vamos por la convocatoria a escala nacional. Esto significa llevar la campa\u00f1a a todas las localidades y provincias para construir un gran movimiento. En los pr\u00f3ximos meses nos contactaremos tambi\u00e9n con organizaciones de todo el pa\u00eds, porque creemos que es necesario sumar la mayor cantidad y diversidad posible de fuerzas comprometidas con esta agenda acordada de defensa de la democracia, la soberan\u00eda, la integraci\u00f3n y contra las transnacionales as\u00ed como contra el neoliberalismo\u201d.<\/p>\n","protected":false},"excerpt":{"rendered":"El secretario de Relaciones Internacionales de la CTA, Adolfo \u201cFito\u201d Aguirre, llam\u00f3 en C\u00f3rdoba a construir un gran movimiento popular para llevar a \n<a class=\"moretag\" href=\"https:\/\/ctainternacionales.org\/?p=3658\"> [...]<\/a>","protected":false},"author":1,"featured_media":0,"comment_status":"closed","ping_status":"closed","sticky":false,"template":"","format":"standard","meta":{"ngg_post_thumbnail":0,"footnotes":""},"categories":[],"tags":[],"class_list":["post-3658","post","type-post","status-publish","format-standard","hentry"],"_links":{"self":[{"href":"https:\/\/ctainternacionales.org\/index.php?rest_route=\/wp\/v2\/posts\/3658","targetHints":{"allow":["GET"]}}],"collection":[{"href":"https:\/\/ctainternacionales.org\/index.php?rest_route=\/wp\/v2\/posts"}],"about":[{"href":"https:\/\/ctainternacionales.org\/index.php?rest_route=\/wp\/v2\/types\/post"}],"author":[{"embeddable":true,"href":"https:\/\/ctainternacionales.org\/index.php?rest_route=\/wp\/v2\/users\/1"}],"replies":[{"embeddable":true,"href":"https:\/\/ctainternacionales.org\/index.php?rest_route=%2Fwp%2Fv2%2Fcomments&post=3658"}],"version-history":[{"count":1,"href":"https:\/\/ctainternacionales.org\/index.php?rest_route=\/wp\/v2\/posts\/3658\/revisions"}],"predecessor-version":[{"id":3660,"href":"https:\/\/ctainternacionales.org\/index.php?rest_route=\/wp\/v2\/posts\/3658\/revisions\/3660"}],"wp:attachment":[{"href":"https:\/\/ctainternacionales.org\/index.php?rest_route=%2Fwp%2Fv2%2Fmedia&parent=3658"}],"wp:term":[{"taxonomy":"category","embeddable":true,"href":"https:\/\/ctainternacionales.org\/index.php?rest_route=%2Fwp%2Fv2%2Fcategories&post=3658"},{"taxonomy":"post_tag","embeddable":true,"href":"https:\/\/ctainternacionales.org\/index.php?rest_route=%2Fwp%2Fv2%2Ftags&post=3658"}],"curies":[{"name":"wp","href":"https:\/\/api.w.org\/{rel}","templated":true}]}}