{"id":3651,"date":"2016-08-04T14:56:45","date_gmt":"2016-08-04T17:56:45","guid":{"rendered":"http:\/\/www.ctainternacionales.org\/?p=3651"},"modified":"2016-08-04T16:03:36","modified_gmt":"2016-08-04T19:03:36","slug":"mexico-aplica-el-terror","status":"publish","type":"post","link":"https:\/\/ctainternacionales.org\/?p=3651","title":{"rendered":"M\u00e9xico aplica el terror"},"content":{"rendered":"<p>Por: In\u00e9s Hayes y Nicol\u00e1s Honigesz<\/p>\n<p>Miles de personas apoyan a los docentes y se movilizan en respuesta a la masacre de Oaxaca. El Gobierno busca liquidar el principal gremio de la educaci\u00f3n y avanzar con privatizaciones.<!--more--><\/p>\n<p style=\"text-align: justify;\"><a href=\"http:\/\/www.ctainternacionales.org\/wp-content\/uploads\/2016\/08\/13776002_507170479485939_3796401916281835749_n.jpg\"><img loading=\"lazy\" decoding=\"async\" class=\"aligncenter size-thumbnail wp-image-3648\" src=\"http:\/\/www.ctainternacionales.org\/wp-content\/uploads\/2016\/08\/13776002_507170479485939_3796401916281835749_n-350x240.jpg\" alt=\"13776002_507170479485939_3796401916281835749_n\" width=\"350\" height=\"240\" \/><\/a><\/p>\n<p style=\"text-align: justify;\">Cuando en la memoria inmediata todav\u00eda se reclama por los 43 estudiantes desaparecidos de la Escuela Normal Rural de Ayotzinapa, la represi\u00f3n y la masacre volvieron a sentirse en Nochixtl\u00e1n, Estado de Oaxaca. El domingo 19 de junio, cuando miles de docentes se encontraban reclamando por la derogaci\u00f3n de la reforma educativa, la polic\u00eda comenz\u00f3 con la matanza: 13 personas fueron asesinadas y 25 contin\u00faan desaparecidas; hubo un centenar de heridos y otros tantos detenidos.<br \/>\nLa lucha de los docentes mexicanos ha creado consenso y apoyo en los distintos sectores de la sociedad: trabajadores, estudiantes y el pueblo en su conjunto se sumaron a las movilizaciones de los docentes que no s\u00f3lo saben educar en las aulas sino poner el cuerpo en las calles. Desde el mismo 19 de junio, miles de mexicanos se encuentran movilizados en repudio de la Masacre de Oaxaca y en apoyo a los reclamos de los docentes. Las medidas incluyen cortes permanentes en las principales rutas, accesos a la regi\u00f3n y algunos de los puntos de la frontera con Guatemala. Pobladores de toda la zona realizan vigilias y relevos en cada uno de los cortes en apoyo activo a las movilizaciones de la Coordinadora Nacional de Trabajadores de la Educaci\u00f3n (Cnte).<\/p>\n<p style=\"text-align: justify;\"><strong>Organizaci\u00f3n para la lucha<\/strong><br \/>\nLa Cnte tiene alrededor de 200 mil afiliados en M\u00e9xico, 80 mil de ellos en Oaxaca, y es uno de los gremios latinoamericanos que durante a\u00f1os ha mantenido su lucha por mejores reivindicaciones y beneficios sociales contra las denominadas pol\u00edticas neoliberales. Como contracara, luego de la Masacre de Oaxaca el gobierno de Enrique Pe\u00f1a Nieto redobl\u00f3 la apuesta: responsabiliz\u00f3 a los docentes y a \u201cgrupos violentos\u201d por los hechos y anunci\u00f3 que la reforma educativa no est\u00e1 en la agenda y que no negociar\u00e1 ninguna ley.<br \/>\nEs evidente que desde el Ejecutivo se intenta dilatar el conflicto para generar un desgaste y luego el desmantelamiento de uno de los sectores m\u00e1s combativos del sindicalismo mexicano. Se trata de una operaci\u00f3n pol\u00edtica que combina dos factores: campa\u00f1a de prensa y represi\u00f3n, para construir un consenso que legitime el uso de la violencia estatal.<br \/>\nLo del 19 de junio no fue un episodio aislado: la represi\u00f3n y la violencia policial es la contracara de la violencia institucional ejercida desde el Gobierno con medidas que socavan los derechos de los trabajadores, como la reforma educativa de 2013 que abre la puerta al despido de miles de trabajadores docentes.<br \/>\nDesde ese a\u00f1o los educadores vienen realizando un plan de lucha contra esa reforma del gobierno de Pe\u00f1a Nieto que arremete contra la educaci\u00f3n p\u00fablica, laica y gratuita. Los sindicatos denuncian que las medidas adoptadas no son modificaciones de orden magisterial, sino que implican una reforma laboral y significan en los hechos la privatizaci\u00f3n de la educaci\u00f3n.<br \/>\nLa meritocracia como herramienta de control, al igual que en Per\u00fa, Chile y otros pa\u00edses que padecieron estas reformas, da lugar a que los docentes deban ser evaluados por distintos ex\u00e1menes y en base a la calificaci\u00f3n obtenida puedan ser re-asignados a otro establecimiento, suspendidos o despedidos. De resultar \u201cid\u00f3neos\u201d, obtendr\u00e1n contratos de plazo fijo o por tiempo determinado (de cuatro a\u00f1os). Mediante este mecanismo se violan, con complicidad judicial, lo dispuesto en el art\u00edculo 14 de la Constituci\u00f3n (a ninguna ley se dar\u00e1 efecto retroactivo en perjuicio de persona alguna), la libertad sindical, los convenios internacionales y se pierden los derechos laborales adquiridos.<br \/>\nDesde que se implement\u00f3 la reforma educativa, fueron evaluados 130 mil docentes sobre un total de 1,2 millones y m\u00e1s de 20 mil trabajadores de la educaci\u00f3n fueron obligados a jubilarse antes de tiempo.<\/p>\n<p style=\"text-align: justify;\"><strong>Privatizaci\u00f3n de la educaci\u00f3n<\/strong><br \/>\nLa nueva ley educativa establece la implementaci\u00f3n de los Consejos de Participaci\u00f3n Social, que se instalan en cada escuela y tienen por objetivo que \u201ctodos participen en las decisiones\u201d, incluso los empresarios, \u201cpara dirigir el plantel docente y no docente\u201d. La otra herramienta legal es la llamada \u201cautonom\u00eda de gesti\u00f3n\u201d. Este concepto contempla que cada escuela se pueda dirigir de manera independiente. Pero esa autonom\u00eda est\u00e1 sujeta al Consejo de Participaci\u00f3n, que se transforma en un ente gerencial de la escuela. De esta manera, cada Consejo de Participaci\u00f3n puede \u201cdefinir cuotas elevadas, pagos de uniforme, de libros de texto que no son gratuitos, cursos adicionales para los estudiantes e incluso contratar personal adicional de apoyo \u2013no docente\u2013 de empresas privadas. Los Consejos tienen la facultad, incluso, de evaluar, contratar y despedir docentes y personal no docente.<br \/>\nEl antecedente de 2009, para avanzar con las reformas en materia de electricidad, es muy esclarecedor: el ex presidente de M\u00e9xico, Felipe Calder\u00f3n, asalt\u00f3 militarmente el Sindicato Mexicano de Electricistas. Fue el principio para debilitar al \u00fanico verdadero oponente para abrir las puertas a la privatizaci\u00f3n del sector el\u00e9ctrico. Hoy la reforma educativa es la pantalla para la privatizaci\u00f3n de la educaci\u00f3n. Los poderes f\u00e1cticos a los cuales responde el gobierno de M\u00e9xico no tienen inter\u00e9s en la educaci\u00f3n ni en un supuesto recorte de presupuesto; lo que est\u00e1 en disputa es la educaci\u00f3n como mercanc\u00eda y la oportunidad de hacer de ella un negocio.<\/p>\n<p style=\"text-align: justify;\"><a href=\"http:\/\/www.ctainternacionales.org\/wp-content\/uploads\/2016\/08\/13876683_507170599485927_6662551171418270550_n.jpg\"><img loading=\"lazy\" decoding=\"async\" class=\"aligncenter size-thumbnail wp-image-3649\" src=\"http:\/\/www.ctainternacionales.org\/wp-content\/uploads\/2016\/08\/13876683_507170599485927_6662551171418270550_n-350x255.jpg\" alt=\"13876683_507170599485927_6662551171418270550_n\" width=\"350\" height=\"255\" \/><\/a><\/p>\n<p style=\"text-align: justify;\"><strong>Estado terrorista<\/strong><br \/>\nSeg\u00fan cifras oficiales, de diciembre de 2006 a noviembre de 2012 se cometieron 102.696 homicidios en el pa\u00eds y el Alto Comisionado de las Naciones Unidas hizo referencia a 151.233 hasta agosto de 2015. Aunque la cantidad anual de estos delitos se ha reducido desde 2013, la cifra sigue siendo alta. Al 30 de septiembre de 2015 el Estado mexicano reportaba 26.798 personas \u201cno localizadas\u201d o desaparecidas a nivel nacional, y en algunas entidades federativas existe una tendencia a la alza. Los datos estad\u00edsticos oficiales arrojan que en s\u00f3lo seis casos la justicia mexicana dictamin\u00f3 sentencia.<br \/>\nAlgunos datos del informe de la Comisi\u00f3n Interamericana de Derechos Humanos son incontrastables: el 14 de junio de 2014, en Tlatlaya, Estado de M\u00e9xico, se asesin\u00f3 a 22 personas, algunas de ellas presuntamente ejecutadas extrajudicialmente por miembros del ej\u00e9rcito; la muerte de civiles a manos de elementos de la Polic\u00eda Federal en Apatzing\u00e1n, Michoac\u00e1n, en enero de 2015; el supuesto enfrentamiento en los l\u00edmites entre Tanhuato y Ecuandureo, Michoac\u00e1n, en junio de 2015 en el que perdieron la vida 42 civiles y un polic\u00eda, entre otros. En los tres casos mencionados la primera versi\u00f3n de las autoridades \u2013sin que haya una investigaci\u00f3n de por medio\u2013 fue que las muertes de civiles eran el resultado de \u201cenfrentamientos entre elementos de la fuerza p\u00fablica y civiles\u201d. Con el paso del tiempo y la investigaci\u00f3n, los testimonios y los indicios apuntaron a una presunta responsabilidad directa de autoridades federales y miembros de las fuerzas armadas, quienes alterando las escenas de crimen intentaron presentar la situaci\u00f3n como si se tratara de enfrentamientos.<br \/>\nPor otra parte, el informe determin\u00f3 que el 77% de los detenidos por las Fuerzas de Seguridad fueron torturados antes de ser entregados al poder judicial. Seg\u00fan el documento, los niveles de impunidad y la falta de acceso a la justicia por parte de la poblaci\u00f3n hicieron que M\u00e9xico se convierta en uno de los pa\u00edses con mayor inseguridad jur\u00eddica y m\u00e1s alto grado de impunidad del mundo.<\/p>\n<h6 style=\"text-align: justify;\">In\u00e9s Hayes y Nicol\u00e1s Honigesz<\/h6>\n<p style=\"text-align: justify;\"><a href=\"http:\/\/www.ctainternacionales.org\/wp-content\/uploads\/2016\/08\/13880370_507170742819246_2473651233137971792_n.jpg\"><img loading=\"lazy\" decoding=\"async\" class=\"aligncenter size-thumbnail wp-image-3650\" src=\"http:\/\/www.ctainternacionales.org\/wp-content\/uploads\/2016\/08\/13880370_507170742819246_2473651233137971792_n-350x223.jpg\" alt=\"13880370_507170742819246_2473651233137971792_n\" width=\"350\" height=\"223\" \/><\/a><\/p>\n<h3 style=\"text-align: justify;\">Un Plan Colombia para M\u00e9xico<\/h3>\n<p style=\"text-align: justify;\">El gobierno de Enrique Pe\u00f1a Nieto dio continuidad a la pol\u00edtica de Seguridad Nacional implementada por Felipe Calder\u00f3n, que permite la militarizaci\u00f3n policial y la creaci\u00f3n de \u201cfuerzas especiales de lucha contra el narcotr\u00e1fico\u201d. En el presupuesto para 2017, Estados Unidos destin\u00f3 una partida de 135,5 millones de d\u00f3lares para la Iniciativa M\u00e9rida (un tratado internacional entre M\u00e9xico, pa\u00edses de Centroam\u00e9rica y Estados Unidos para \u201ccombatir el crimen organizado y el narcotr\u00e1fico\u201d). Tambi\u00e9n se lo conoce como Plan M\u00e9xico, por su paralelismo con el Plan Colombia, estructurado seg\u00fan los lineamientos del modelo de guerra antidrogas, bloqueo y uso del ej\u00e9rcito de Estados Unidos.<br \/>\nAunque el Plan M\u00e9xico no incluye la presencia del ej\u00e9rcito estadounidense, sigue el mismo modelo. Pe\u00f1a Nieto nombr\u00f3 como asesor en seguridad al general colombiano Oscar Naranjo Trujillo, ex jefe de la Polic\u00eda Nacional de Colombia. Naranjo tiene una historia contradictoria: por un lado se lo presenta como el \u201cmejor polic\u00eda del mundo\u201d (desarticul\u00f3 a los c\u00e1rteles de Cali y Medell\u00edn, y en 1993 dirigi\u00f3 la operaci\u00f3n que termin\u00f3 con la vida de Pablo Escobar), y por otro su hermano, Juan David Naranjo, est\u00e1 preso en Alemania por tr\u00e1fico de drogas.<br \/>\nHasta el momento, el plan ya se cobr\u00f3 la vida de m\u00e1s de 150 mil mexicanos y 27 mil de ellos est\u00e1n desaparecidos. Seg\u00fan los educadores, es claro que la intenci\u00f3n no es combatir el narcotr\u00e1fico, sino militarizar el pa\u00eds para ejercer un control social y represivo que acorrale la participaci\u00f3n popular, las protestas, o cualquier expresi\u00f3n o manifestaci\u00f3n que atente contra los intereses del capital.<\/p>\n<p style=\"text-align: justify;\">Nota: Ines Hayes y Nicol\u00e1s Honigesz<\/p>\n<p style=\"text-align: justify;\">Fotos: Walter Piedras<\/p>\n<p style=\"text-align: justify;\">\n","protected":false},"excerpt":{"rendered":"Por: In\u00e9s Hayes y Nicol\u00e1s Honigesz Miles de personas apoyan a los docentes y se movilizan en respuesta a la masacre de Oaxaca. \n<a class=\"moretag\" href=\"https:\/\/ctainternacionales.org\/?p=3651\"> [...]<\/a>","protected":false},"author":1,"featured_media":0,"comment_status":"closed","ping_status":"closed","sticky":false,"template":"","format":"standard","meta":{"ngg_post_thumbnail":0,"footnotes":""},"categories":[],"tags":[],"class_list":["post-3651","post","type-post","status-publish","format-standard","hentry"],"_links":{"self":[{"href":"https:\/\/ctainternacionales.org\/index.php?rest_route=\/wp\/v2\/posts\/3651","targetHints":{"allow":["GET"]}}],"collection":[{"href":"https:\/\/ctainternacionales.org\/index.php?rest_route=\/wp\/v2\/posts"}],"about":[{"href":"https:\/\/ctainternacionales.org\/index.php?rest_route=\/wp\/v2\/types\/post"}],"author":[{"embeddable":true,"href":"https:\/\/ctainternacionales.org\/index.php?rest_route=\/wp\/v2\/users\/1"}],"replies":[{"embeddable":true,"href":"https:\/\/ctainternacionales.org\/index.php?rest_route=%2Fwp%2Fv2%2Fcomments&post=3651"}],"version-history":[{"count":5,"href":"https:\/\/ctainternacionales.org\/index.php?rest_route=\/wp\/v2\/posts\/3651\/revisions"}],"predecessor-version":[{"id":3656,"href":"https:\/\/ctainternacionales.org\/index.php?rest_route=\/wp\/v2\/posts\/3651\/revisions\/3656"}],"wp:attachment":[{"href":"https:\/\/ctainternacionales.org\/index.php?rest_route=%2Fwp%2Fv2%2Fmedia&parent=3651"}],"wp:term":[{"taxonomy":"category","embeddable":true,"href":"https:\/\/ctainternacionales.org\/index.php?rest_route=%2Fwp%2Fv2%2Fcategories&post=3651"},{"taxonomy":"post_tag","embeddable":true,"href":"https:\/\/ctainternacionales.org\/index.php?rest_route=%2Fwp%2Fv2%2Ftags&post=3651"}],"curies":[{"name":"wp","href":"https:\/\/api.w.org\/{rel}","templated":true}]}}