{"id":3596,"date":"2016-08-02T00:59:32","date_gmt":"2016-08-02T03:59:32","guid":{"rendered":"http:\/\/www.ctainternacionales.org\/?p=3596"},"modified":"2016-08-02T01:02:58","modified_gmt":"2016-08-02T04:02:58","slug":"primer-encuentro-del-sindicalismo-patagonico-en-chile","status":"publish","type":"post","link":"https:\/\/ctainternacionales.org\/?p=3596","title":{"rendered":"Primer encuentro del sindicalismo patag\u00f3nico en Chile"},"content":{"rendered":"<p style=\"text-align: justify;\">Una delegaci\u00f3n de la CTA Aut\u00f3noma particip\u00f3 del Encuentro Internacional de Trabajadores, \u201cSalud p\u00fablica y Trabajo un Derecho Humano Esencial\u201d, organizado por la Central \u00danitaria de Trabajadores (CUT Chile) de Valdivia, Chile, el pasado viernes 29 de julio.<!--more--><\/p>\n<p style=\"text-align: justify;\">La comitiva estuvo encabezada por Adolfo \u201cFito\u201d Aguirre, Secretario de Relaciones Internacionales de la CTA-Aut\u00f3noma, e integrada por Hugo \u201cCachorro\u201d Godoy, Secretario General de ATE; Rodolfo Aguiar, Secretario General de ATE y de la CTA-A R\u00edo Negro; y Alejandro Garz\u00f3n, Secretario General de ATE Santa Cruz.<\/p>\n<p style=\"text-align: justify;\"><a href=\"http:\/\/www.ctainternacionales.org\/wp-content\/uploads\/2016\/08\/IMG-20160801-WA0011.jpg\" rel=\"attachment wp-att-3599\"><img loading=\"lazy\" decoding=\"async\" class=\"aligncenter size-thumbnail wp-image-3599\" src=\"http:\/\/www.ctainternacionales.org\/wp-content\/uploads\/2016\/08\/IMG-20160801-WA0011-307x190.jpg\" alt=\"IMG-20160801-WA0011\" width=\"307\" height=\"190\" \/><\/a>La cita tuvo lugar en la Universidad Austral de Valdivia, Chile, y el objetivo de la jornada fue intercambiar experiencias y miradas acerca de la salud p\u00fablica como derecho humano fundamental y su relaci\u00f3n con la esfera del trabajo, desde la perspectiva de los trabajadores. Ante un auditorio con m\u00e1s de cien dirigentes de la CUT de Chile, especialmente de la regi\u00f3n patag\u00f3nica chilena, Cachorro Godoy realiz\u00f3 en el inicio de la jornada, una exposici\u00f3n con el fin de debatir acerca del rol del Estado en relaci\u00f3n a los Derechos Humanos fundamentales. Por la tarde, Aguiar y Garz\u00f3n, expusieron la situaci\u00f3n de la salud p\u00fablica en la Patagonia argentina.<\/p>\n<p style=\"text-align: justify;\">En el encuentro se destac\u00f3 tambi\u00e9n la participaci\u00f3n de una delegaci\u00f3n de dirigentes de Comisiones Obreras (CC.OO) de Espa\u00f1a, encabezada por el Secretario General de CC.OO de Castilla y Le\u00f3n, quienes expusieron acerca de la situaci\u00f3n de la salud p\u00fablica en Espa\u00f1a. Durante la jornada los distintos expositores pusieron de relieve la importancia del rol del Estado, y la importancia de la organizaci\u00f3n de los trabajadores.<\/p>\n<p style=\"text-align: justify;\">Por otro lado, en el marco del Encuentro, la delegaci\u00f3n de la CTA-Aut\u00f3noma mantuvo tambi\u00e9n reuniones bilaterales con varios sindicatos de la CUT de Chile, en especial de la regi\u00f3n patag\u00f3nica, con el fin de afianzar la cooperaci\u00f3n regional, intercambiar acerca de los conflictos que atraviesa cada pa\u00eds, y para el fortalecimiento sindical. Siendo que es el primer encuentro donde dirigentes de la regi\u00f3n patag\u00f3nica de ambos pa\u00edses se encuentran para debatir e intercambiar experiencias, para profundizar estos intercambios se acord\u00f3 realizar un encuentro fraterno de caracter\u00edsticas similares una vez al a\u00f1o, por lo que el pr\u00f3ximo encuentro se realizar\u00e1 en los primeros meses del a\u00f1o que viene en la patagonia argentina.<a href=\"http:\/\/www.ctainternacionales.org\/wp-content\/uploads\/2016\/08\/IMG-20160801-WA0012.jpg\" rel=\"attachment wp-att-3598\"><img loading=\"lazy\" decoding=\"async\" class=\"aligncenter size-thumbnail wp-image-3598\" src=\"http:\/\/www.ctainternacionales.org\/wp-content\/uploads\/2016\/08\/IMG-20160801-WA0012-307x173.jpg\" alt=\"IMG-20160801-WA0012\" width=\"307\" height=\"173\" \/><\/a><\/p>\n<p style=\"text-align: justify;\">En el contexto de las reuniones \u00abFito\u00bb Aguirre expres\u00f3 que \u201ctenemos una regi\u00f3n com\u00fan a ambos lados de la cordillera donde hay depredaci\u00f3n de bienes naturales y de la riqueza de nuestros suelos, una presencia similar de empresas transnacionales y pol\u00edticas que van en un mismo sentido. Por ello resulta fundamental que trabajemos juntos en estrategias comunes de cooperaci\u00f3n y de intercambio, para lograr un mayor fortalecimiento sindical y de organizaci\u00f3n de los trabajadores, de cara a los desaf\u00edos que debemos afrontar en toda la regi\u00f3n patag\u00f3nica\u201d.<\/p>\n<p style=\"text-align: justify;\">* Equipo de Comunicaci\u00f3n de la Secretar\u00eda de Relaciones Internacionales de la CTA<\/p>\n","protected":false},"excerpt":{"rendered":"Una delegaci\u00f3n de la CTA Aut\u00f3noma particip\u00f3 del Encuentro Internacional de Trabajadores, \u201cSalud p\u00fablica y Trabajo un Derecho Humano Esencial\u201d, organizado por la \n<a class=\"moretag\" href=\"https:\/\/ctainternacionales.org\/?p=3596\"> [...]<\/a>","protected":false},"author":1,"featured_media":0,"comment_status":"closed","ping_status":"closed","sticky":false,"template":"","format":"standard","meta":{"ngg_post_thumbnail":0,"footnotes":""},"categories":[],"tags":[],"class_list":["post-3596","post","type-post","status-publish","format-standard","hentry"],"_links":{"self":[{"href":"https:\/\/ctainternacionales.org\/index.php?rest_route=\/wp\/v2\/posts\/3596","targetHints":{"allow":["GET"]}}],"collection":[{"href":"https:\/\/ctainternacionales.org\/index.php?rest_route=\/wp\/v2\/posts"}],"about":[{"href":"https:\/\/ctainternacionales.org\/index.php?rest_route=\/wp\/v2\/types\/post"}],"author":[{"embeddable":true,"href":"https:\/\/ctainternacionales.org\/index.php?rest_route=\/wp\/v2\/users\/1"}],"replies":[{"embeddable":true,"href":"https:\/\/ctainternacionales.org\/index.php?rest_route=%2Fwp%2Fv2%2Fcomments&post=3596"}],"version-history":[{"count":1,"href":"https:\/\/ctainternacionales.org\/index.php?rest_route=\/wp\/v2\/posts\/3596\/revisions"}],"predecessor-version":[{"id":3600,"href":"https:\/\/ctainternacionales.org\/index.php?rest_route=\/wp\/v2\/posts\/3596\/revisions\/3600"}],"wp:attachment":[{"href":"https:\/\/ctainternacionales.org\/index.php?rest_route=%2Fwp%2Fv2%2Fmedia&parent=3596"}],"wp:term":[{"taxonomy":"category","embeddable":true,"href":"https:\/\/ctainternacionales.org\/index.php?rest_route=%2Fwp%2Fv2%2Fcategories&post=3596"},{"taxonomy":"post_tag","embeddable":true,"href":"https:\/\/ctainternacionales.org\/index.php?rest_route=%2Fwp%2Fv2%2Ftags&post=3596"}],"curies":[{"name":"wp","href":"https:\/\/api.w.org\/{rel}","templated":true}]}}