{"id":3586,"date":"2016-07-13T01:16:46","date_gmt":"2016-07-13T04:16:46","guid":{"rendered":"http:\/\/www.ctainternacionales.org\/?p=3586"},"modified":"2016-07-13T01:21:55","modified_gmt":"2016-07-13T04:21:55","slug":"solidaridad-de-la-cta-autonoma-con-la-kctu-de-corea-del-sur","status":"publish","type":"post","link":"https:\/\/ctainternacionales.org\/?p=3586","title":{"rendered":"Solidaridad de la CTA Aut\u00f3noma con la KCTU de Corea del Sur"},"content":{"rendered":"<p style=\"text-align: justify;\">La justicia de Corea del Sur dictamin\u00f3 una sentencia para el presidente de la Korean Confederation of Trade Unions (KCTU), Han Sang-gyun, condenado a cinco a\u00f1os de prisi\u00f3n por diversas acusaciones de \u201cobstrucci\u00f3n<!--more--><\/p>\n<p style=\"text-align: justify;\"><a href=\"http:\/\/www.ctainternacionales.org\/wp-content\/uploads\/2016\/07\/KCTU_rally_144889827014488982702771.jpg\" rel=\"attachment wp-att-3587\"><img loading=\"lazy\" decoding=\"async\" class=\"aligncenter size-thumbnail wp-image-3587\" src=\"http:\/\/www.ctainternacionales.org\/wp-content\/uploads\/2016\/07\/KCTU_rally_144889827014488982702771-307x205.jpg\" alt=\"KCTU_rally_144889827014488982702771\" width=\"307\" height=\"205\" \/><\/a>La condena fue impuesta por el Tribunal del Distrito Central de Se\u00fal, en base a las acusaciones de la Fiscal\u00eda del Estado que guardan relaci\u00f3n con una serie de concentraciones de protesta que tuvieron lugar en 2015, incluyendo una manifestaci\u00f3n organizada el 14 de noviembre de 2015 en Se\u00fal, donde 100.000 manifestantes fueron dispersados por cerca de 20.000 agentes de la polic\u00eda utilizando gases lacrim\u00f3genos y ca\u00f1ones de agua.<\/p>\n<p style=\"text-align: justify;\">Decenas de manifestantes resultaron heridos, algunos de gravedad, y se iniciaron causas penales contra 585 l\u00edderes y miembros de la KCTU, 20 de los cuales est\u00e1n detenidos y siete han sido imputados. La secretaria General de la KCTU, Lee Young-joo permanece bajo arresto domiciliario auto-impuesto en la sede de la confederaci\u00f3n, despu\u00e9s de haber recibido una orden de detenci\u00f3n de las autoridades en diciembre.<\/p>\n<p style=\"text-align: justify;\">KCTU argumenta que la polic\u00eda comenz\u00f3 a reprimir mucho antes que los manifestantes reaccionaran. Adem\u00e1s dice que la sentencia es un ataque a los derechos humanos, incluidos los sindicales, atacando especialmente el derecho a la reuni\u00f3n y a la protesta. El gobierno Surcoreano prioriza el orden a mantener los derechos constitucionales. Esto viene adem\u00e1s acompa\u00f1ado por un constante ataque a la KCTU, cuyas oficinas fueron violentadas por la polic\u00eda de manera constante en los \u00faltimos 3 a\u00f1os.<\/p>\n<p style=\"text-align: justify;\">Adem\u00e1s del Presidente, otros l\u00edderes de KCTU enfrentan situaciones similares en el poder judicial surcoreano, sentando un precedente para futuras situaciones de movilizaci\u00f3n social en ese pa\u00eds.<\/p>\n<p style=\"text-align: justify;\">Este ser\u00e1 el tercer l\u00edder de la KCTU que es sentenciado a prisi\u00f3n por organizar movilizaciones sindicales en Corea del Sur. Esto demuestra un constante hostigamiento hacia esa central desde su creaci\u00f3n (a mediados de los \u201990) hasta la fecha.<\/p>\n<p style=\"text-align: justify;\">La KCTU organizar\u00e1 una gran movilizaci\u00f3n este 20 de julio en Se\u00fal, que ser\u00e1 acompa\u00f1ada por movilizaciones de solidaridad en todo el mundo, incluida la Argentina donde la CTA-Aut\u00f3noma marchar\u00e1 a la embajada de Corea del Sur en la Argentina el viernes 15 de julio.<\/p>\n<p style=\"text-align: justify;\">* Equipo de Comunicaci\u00f3n de la Secretar\u00eda de Relaciones Internacionales de la CTA<\/p>\n","protected":false},"excerpt":{"rendered":"La justicia de Corea del Sur dictamin\u00f3 una sentencia para el presidente de la Korean Confederation of Trade Unions (KCTU), Han Sang-gyun, condenado \n<a class=\"moretag\" href=\"https:\/\/ctainternacionales.org\/?p=3586\"> [...]<\/a>","protected":false},"author":1,"featured_media":0,"comment_status":"closed","ping_status":"closed","sticky":false,"template":"","format":"standard","meta":{"ngg_post_thumbnail":0,"footnotes":""},"categories":[],"tags":[],"class_list":["post-3586","post","type-post","status-publish","format-standard","hentry"],"_links":{"self":[{"href":"https:\/\/ctainternacionales.org\/index.php?rest_route=\/wp\/v2\/posts\/3586","targetHints":{"allow":["GET"]}}],"collection":[{"href":"https:\/\/ctainternacionales.org\/index.php?rest_route=\/wp\/v2\/posts"}],"about":[{"href":"https:\/\/ctainternacionales.org\/index.php?rest_route=\/wp\/v2\/types\/post"}],"author":[{"embeddable":true,"href":"https:\/\/ctainternacionales.org\/index.php?rest_route=\/wp\/v2\/users\/1"}],"replies":[{"embeddable":true,"href":"https:\/\/ctainternacionales.org\/index.php?rest_route=%2Fwp%2Fv2%2Fcomments&post=3586"}],"version-history":[{"count":1,"href":"https:\/\/ctainternacionales.org\/index.php?rest_route=\/wp\/v2\/posts\/3586\/revisions"}],"predecessor-version":[{"id":3588,"href":"https:\/\/ctainternacionales.org\/index.php?rest_route=\/wp\/v2\/posts\/3586\/revisions\/3588"}],"wp:attachment":[{"href":"https:\/\/ctainternacionales.org\/index.php?rest_route=%2Fwp%2Fv2%2Fmedia&parent=3586"}],"wp:term":[{"taxonomy":"category","embeddable":true,"href":"https:\/\/ctainternacionales.org\/index.php?rest_route=%2Fwp%2Fv2%2Fcategories&post=3586"},{"taxonomy":"post_tag","embeddable":true,"href":"https:\/\/ctainternacionales.org\/index.php?rest_route=%2Fwp%2Fv2%2Ftags&post=3586"}],"curies":[{"name":"wp","href":"https:\/\/api.w.org\/{rel}","templated":true}]}}