{"id":3582,"date":"2016-07-13T01:14:01","date_gmt":"2016-07-13T04:14:01","guid":{"rendered":"http:\/\/www.ctainternacionales.org\/?p=3582"},"modified":"2016-07-13T01:14:19","modified_gmt":"2016-07-13T04:14:19","slug":"lanzamiento-de-la-jornada-continental-por-la-democracia-y-contra-el-neoliberalismo-la-cta-autonoma-participo-del-foro-social-mundial-de-las-migraciones-en-brasil","status":"publish","type":"post","link":"https:\/\/ctainternacionales.org\/?p=3582","title":{"rendered":"Lanzamiento de la Jornada Continental por la Democracia y contra el Neoliberalismo La CTA Aut\u00f3noma particip\u00f3 del Foro Social Mundial de las Migraciones en Brasil"},"content":{"rendered":"<p style=\"text-align: justify;\">El s\u00e9ptimo Foro Social Mundial de las Migraciones reuni\u00f3 a m\u00e1s de 2000 participantes de todas partes del mundo, con representantes de Hait\u00ed, Mali y Palestina, como as\u00ed tambi\u00e9n del Cono Sur y Am\u00e9rica Latina. La CTA Aut\u00f3noma estuvo representada por Alejandra Angriman, Secretaria de G\u00e9nero; y Adolfo \u201cFito\u201d Aguirre, Secretario de Relaciones Internacionales.<!--more--><\/p>\n<p style=\"text-align: justify;\">Luego de una d\u00e9cada del rechazo hist\u00f3rico y multisectorial al \u00c1rea de Libre Comercio de las Am\u00e9ricas (ALCA) en Mar del Plata (2005) nuestro continente enfrenta una nueva ofensiva neoliberal.<a href=\"http:\/\/www.ctainternacionales.org\/wp-content\/uploads\/2016\/07\/Foto1.jpg\" rel=\"attachment wp-att-3583\"><img loading=\"lazy\" decoding=\"async\" class=\"aligncenter size-thumbnail wp-image-3583\" src=\"http:\/\/www.ctainternacionales.org\/wp-content\/uploads\/2016\/07\/Foto1-307x173.jpg\" alt=\"Foto1\" width=\"307\" height=\"173\" \/><\/a><\/p>\n<p style=\"text-align: justify;\">Esta ofensiva se expresa en la radicalizaci\u00f3n de las diferentes formas de apropiaci\u00f3n y despojo de los derechos de los pueblos y en ataques a los pueblos originarios, campesinas\/os, trabajadoras\/es, mujeres, j\u00f3venes y a las diversidades raciales, culturales y sexuales, que luego de luchas y resistencias recuperaron su capacidad de ser protagonistas de los procesos de cambios y transformaciones en la regi\u00f3n.<\/p>\n<p style=\"text-align: justify;\">Adicionalmente los golpes de Estado consumados en Hait\u00ed (2002), Honduras (2009), Paraguay (2012) y en curso en Brasil demuestran que el mercado que domina nuestras vidas quiere acabar con el proceso reciente de transformaci\u00f3n protagonizado por los pueblos, que result\u00f3 en m\u00e1s derechos para todas y todos, mayor inclusi\u00f3n social, soberan\u00eda sobre sus territorios y bienes comunes y con m\u00e1s formas y herramientas democr\u00e1ticas para el ejercicio pol\u00edtico y la participaci\u00f3n popular.<\/p>\n<p style=\"text-align: justify;\">Como participantes y herederos de las luchas contra los reg\u00edmenes militares en Am\u00e9rica Latina y Caribe y la violencia institucionalizada de los Estados, que en todo el continente nos levantamos contra la agenda de libre comercio, privatizaci\u00f3n, exclusi\u00f3n y pobreza representado en el derrotado proyecto neocolonial del ALCA y que buscamos construir desde nuestras resistencias respuestas para el \u201cOtro Mundo Posible\u201d hoy nos organizamos para expresar que no dejaremos que se instale en nuestro continente un nuevo ciclo de dictaduras, impuestas por poderes ejecutivos, judiciales y legislativos al servicio de los intereses del mercado capitalista.<\/p>\n<p style=\"text-align: justify;\">Debido a que los principios de la solidaridad y del internacionalismo nos unen, as\u00ed como la certeza de la necesidad de una transformaci\u00f3n sist\u00e9mica contra el capitalismo, el patriarcado, el colonialismo y el racismo, retomamos la acci\u00f3n unificada de los pueblos de las Am\u00e9ricas para oponernos a quienes insisten en su agenda de destrucci\u00f3n, desintegraci\u00f3n y exclusi\u00f3n.<\/p>\n<p style=\"text-align: justify;\">En el marco del s\u00e9ptimo Foro Social Mundial de las Migraciones, que reuni\u00f3 a m\u00e1s de 2000 participantes de todas partes del mundo, con representantes de Hait\u00ed, Mali y Palestina, como as\u00ed tambi\u00e9n del Cono Sur y Am\u00e9rica Latina; la CTA Aut\u00f3noma representada por Alejandra Angriman, Secretaria de G\u00e9nero de la CTA Aut\u00f3noma y Adolfo \u201cFito\u201d Aguirre, Secretario de Relaciones Internacionales de la CTA Aut\u00f3noma, participaron el pasado 7 de julio en una mesa multisectorial reunida en la sede de la Confederaci\u00f3n Sindical de las Am\u00e9ricas (CSA), para delinear el lanzamiento de la Jornada Continental por la Democracia y contra el Neoliberalismo durante el Foro Social Mundial de las Migraciones al d\u00eda siguiente y de cara al pr\u00f3ximo 4 de noviembre.<\/p>\n<p style=\"text-align: justify;\">Esta mesa cont\u00f3 con la participaci\u00f3n de la Confederaci\u00f3n Sindical de Trabajadores\/as de las Am\u00e9ricas, Coordinadora Latinoamericana de Organizaciones del Campo\/ La V\u00eda Campesina, Marcha Mundial de las Mujeres, Amigos de la Tierra Am\u00e9rica Latina y el Caribe, ALBA Movimientos, Centro Martin Luther King, Capitulo Cubano de ALBA Movimientos, Jubileo Sur\/ Am\u00e9ricas, Internacional de Servicios P\u00fablicos, Campa\u00f1a para Desmantelar el Poder de las Transnacionales.<\/p>\n<p style=\"text-align: justify;\">Producto de ese encuentro, el d\u00eda 8 lanzamos junto a ellos la Jornada Continental en el auditorio principal del Foro Social Mundial, que a su vez se transmiti\u00f3 en vivo por las redes sociales. Los principales ejes que se plantearon en este lanzamiento fueron la lucha contra el libre comercio y las transnacionales; la profundizaci\u00f3n de los procesos democr\u00e1ticos y la defensa de las soberan\u00edas; la Integraci\u00f3n desde los pueblos. En el panel de lanzamiento participaron Rafael Freire, Secretario de Pol\u00edtica Econ\u00f3mica y Desarrollo Sustentable de la CSA; Jorge Mu\u00f1oz Villagr\u00e1n, integrante del Comit\u00e9 Internacional del FSMM y referente de migrantes en Argentina; Misael Rodr\u00edguez, miembro de la Central de Trabajadores de Cuba, Tica Moreno, integrante de la Marcha Mundial de Mujeres; Ariovaldo Carmargo de la Central \u00danica de Trabajadores de Brasil; Francisca Rodr\u00edguez, integrante de CLOC \u2013 V\u00eda Campesina. En el marco del panel, Rafael Freire destac\u00f3 la necesidad de buscar e identificar los instrumentos para combatir el neoliberalismo y la importancia de esta unidad transversal a trabajadores, sindicatos y organizaciones campesinas y sociales. Asimismo se subray\u00f3 la importancia de los medios de comunicaci\u00f3n para construir una comunicaci\u00f3n alternativa, contra-hegem\u00f3nica. Tambi\u00e9n se sostuvo un fuerte rechazo contra el golpe en Brasil, al grito de \u201c\u00a1fuera Temer!\u201d<\/p>\n<p style=\"text-align: justify;\">Adem\u00e1s del lanzamiento, ser\u00e1n construidas agendas nacionales y locales hasta el d\u00eda 4 de noviembre, donde se esperan actos, manifestaciones en las calles y diferentes actividades. Posteriormente informaremos sobre el proceso de coordinaci\u00f3n para la pr\u00f3xima fase. Llamamos a la diversidad de organizaciones, movimientos y expresiones sociales comprometidas con la transformaci\u00f3n social a avanzar en este proceso de articulaci\u00f3n y tomar las calles de Nuestra Am\u00e9rica el 4 de noviembre de 2016 para gritar a una sola voz por nuestra integraci\u00f3n, soberan\u00eda, autodeterminaci\u00f3n y contra las transnacionales y el libre comercio.<\/p>\n<p style=\"text-align: justify;\">* Equipo de Comunicaci\u00f3n de la Secretar\u00eda de Relaciones Internacionales de la CTA<\/p>\n","protected":false},"excerpt":{"rendered":"El s\u00e9ptimo Foro Social Mundial de las Migraciones reuni\u00f3 a m\u00e1s de 2000 participantes de todas partes del mundo, con representantes de Hait\u00ed, \n<a class=\"moretag\" href=\"https:\/\/ctainternacionales.org\/?p=3582\"> [...]<\/a>","protected":false},"author":1,"featured_media":0,"comment_status":"closed","ping_status":"closed","sticky":false,"template":"","format":"standard","meta":{"ngg_post_thumbnail":0,"footnotes":""},"categories":[],"tags":[],"class_list":["post-3582","post","type-post","status-publish","format-standard","hentry"],"_links":{"self":[{"href":"https:\/\/ctainternacionales.org\/index.php?rest_route=\/wp\/v2\/posts\/3582","targetHints":{"allow":["GET"]}}],"collection":[{"href":"https:\/\/ctainternacionales.org\/index.php?rest_route=\/wp\/v2\/posts"}],"about":[{"href":"https:\/\/ctainternacionales.org\/index.php?rest_route=\/wp\/v2\/types\/post"}],"author":[{"embeddable":true,"href":"https:\/\/ctainternacionales.org\/index.php?rest_route=\/wp\/v2\/users\/1"}],"replies":[{"embeddable":true,"href":"https:\/\/ctainternacionales.org\/index.php?rest_route=%2Fwp%2Fv2%2Fcomments&post=3582"}],"version-history":[{"count":1,"href":"https:\/\/ctainternacionales.org\/index.php?rest_route=\/wp\/v2\/posts\/3582\/revisions"}],"predecessor-version":[{"id":3585,"href":"https:\/\/ctainternacionales.org\/index.php?rest_route=\/wp\/v2\/posts\/3582\/revisions\/3585"}],"wp:attachment":[{"href":"https:\/\/ctainternacionales.org\/index.php?rest_route=%2Fwp%2Fv2%2Fmedia&parent=3582"}],"wp:term":[{"taxonomy":"category","embeddable":true,"href":"https:\/\/ctainternacionales.org\/index.php?rest_route=%2Fwp%2Fv2%2Fcategories&post=3582"},{"taxonomy":"post_tag","embeddable":true,"href":"https:\/\/ctainternacionales.org\/index.php?rest_route=%2Fwp%2Fv2%2Ftags&post=3582"}],"curies":[{"name":"wp","href":"https:\/\/api.w.org\/{rel}","templated":true}]}}