{"id":3577,"date":"2016-07-07T12:38:23","date_gmt":"2016-07-07T15:38:23","guid":{"rendered":"http:\/\/www.ctainternacionales.org\/?p=3577"},"modified":"2016-07-07T12:38:52","modified_gmt":"2016-07-07T15:38:52","slug":"rajneri-argentina-es-un-simbolo-de-la-resistencia","status":"publish","type":"post","link":"https:\/\/ctainternacionales.org\/?p=3577","title":{"rendered":"Rajneri: \u00abArgentina es un s\u00edmbolo de la resistencia\u00bb"},"content":{"rendered":"<p style=\"text-align: justify;\">Ra\u00fal Rajneri, secretario de Juventud de la CTA Aut\u00f3noma, particip\u00f3 en el 9\u00ba Festival de la Resistencia en Atenas, Grecia. Participaron del festival l\u00edderes de movimientos sociales y pol\u00edticos de todo el mundo, entre ellos Leila Khaled, del Frente Popular de la Liberaci\u00f3n Palestina y la presidenta del Partido Democr\u00e1tico de los Pueblos de Kurdist\u00e1n, fueron las m\u00e1s destacadas. \u00abEstamos muy hermanados con el pueblo griego porque ellos durante las rebeliones que tuvieron en el 2008, 2009, 2010 estaban muy referenciados con lo que ocurri\u00f3 en 2001 ac\u00e1 y lo que te dec\u00edan es \u201cnosotros luchamos como lo hicieron ustedes para echar al presidente y que se vaya en helic\u00f3ptero\u201d, dijo Rajneri.<!--more--><\/p>\n<p style=\"text-align: justify;\">&#8211; \u00bfCu\u00e1les fueron las discusiones pol\u00edticas que se dieron en el Festival en Atenas?<\/p>\n<p style=\"text-align: justify;\">&#8211; Del 24 al 26 de junio, particip\u00e9 del 9\u00ba Festival Internacional de la Resistencia que se realiz\u00f3 en Atenas, Grecia. Es un evento muy importante, pol\u00edtico, cultural; hab\u00eda escenarios muy importantes con artistas de Grecia y a la vez se realizaron charlas sobre la situaci\u00f3n de Am\u00e9rica Latina, Europa y lo particular de Grecia.<\/p>\n<p style=\"text-align: justify;\"><a href=\"http:\/\/www.ctainternacionales.org\/wp-content\/uploads\/2016\/07\/oax.jpg\" rel=\"attachment wp-att-3578\"><img loading=\"lazy\" decoding=\"async\" class=\"aligncenter size-thumbnail wp-image-3578\" src=\"http:\/\/www.ctainternacionales.org\/wp-content\/uploads\/2016\/07\/oax-307x204.jpg\" alt=\"oax\" width=\"307\" height=\"204\" \/><\/a><\/p>\n<p style=\"text-align: justify;\">-Participaron personalidades destacadas tambi\u00e9n<\/p>\n<p style=\"text-align: justify;\">&#8211; S\u00ed, cabe destacar que participaron personalidades como Leila Khaled, del Frente Popular de la Liberaci\u00f3n Palestina y tambi\u00e9n estuvo la presidenta del Partido Democr\u00e1tico de los Pueblos (fueron las dos personalidades importantes del festival). Estaba la gente que organizaba, la gente del COE y una cantidad de organizaciones de Grecia, organizaciones de inmigrantes que viven en Grecia y toda una cantidad de organizaciones de Europa, por ejemplo, los de Francia contaron la rebeli\u00f3n importante que vienen protagonizando trabajadores y estudiantes de all\u00e1, tambi\u00e9n del Pa\u00eds Vasco, de Catalu\u00f1a, de Alemania, de Turqu\u00eda y muchos lugares m\u00e1s de Am\u00e9rica Latina.<\/p>\n<p style=\"text-align: justify;\">Particip\u00f3 tambi\u00e9n el embajador de Venezuela con una comitiva y adem\u00e1s hubo personalidades del \u00e1mbito de los Derechos Humanos de Puerto Rico que contaron c\u00f3mo es la pelea all\u00e1 en relaci\u00f3n a que contin\u00faan siendo una colonia yanqui. La verdad que fue muy rica y muy importante la experiencia.<\/p>\n<p style=\"text-align: justify;\"><a href=\"http:\/\/www.ctainternacionales.org\/wp-content\/uploads\/2016\/07\/IMG-20160705-WA0025.jpg\" rel=\"attachment wp-att-3579\"><img loading=\"lazy\" decoding=\"async\" class=\"aligncenter size-thumbnail wp-image-3579\" src=\"http:\/\/www.ctainternacionales.org\/wp-content\/uploads\/2016\/07\/IMG-20160705-WA0025-307x204.jpg\" alt=\"IMG-20160705-WA0025\" width=\"307\" height=\"204\" \/><\/a><\/p>\n<p style=\"text-align: justify;\">&#8211; \u00bfSe habl\u00f3 de la situaci\u00f3n por ejemplo de los j\u00f3venes y el trabajo?<\/p>\n<p style=\"text-align: justify;\">&#8211; Particularmente, cont\u00e9 un poco la situaci\u00f3n de la Argentina, la pregunta que siempre aparec\u00eda era sobre el nuevo momento con el nuevo gobierno y en relaci\u00f3n a eso c\u00f3mo es el sindicalismo en la Argentina, que es muy particular porque por ejemplo, hablando con las organizaciones turcas, dec\u00edan que ellos son el doble de habitantes que nosotros (son 80 millones) en la mitad del territorio y tienen solamente 2 millones de trabajadores sindicalizados; cuando yo les contaba que la CTA tiene 1 mill\u00f3n de afiliados no lo pod\u00edan creer y dec\u00edan \u00aborganic\u00e9monos y podemos hacer de todo\u00bb.<\/p>\n<p style=\"text-align: justify;\">La experiencia de Argentina que yo entiendo est\u00e1 marcada por el peronismo, y por la historia sindical y de lucha de la clase obrera argentina es muy particular y es muy rica, y, sobre todo, sorprende que vos vas y no conoc\u00e9s casi nada de Turqu\u00eda, algo de Europa pero ellos de Argentina conocen todo. Hablando tambi\u00e9n con italianos sab\u00edan todo de nuestra historia, de nuestra actualidad, del gobierno anterior, de este. La verdad es impresionante la referencia a nivel mundial del pueblo argentino.<\/p>\n<p style=\"text-align: justify;\">-Y en Grecia se referencian mucho con la rebeli\u00f3n popular del 2001<\/p>\n<p style=\"text-align: justify;\">&#8211; Estamos muy hermanados con el pueblo griego porque ellos durante las rebeliones que tuvieron en el 2008, 2009, 2010 estaban muy referenciados con lo que ocurri\u00f3 en 2001 ac\u00e1 y lo que te dec\u00edan es \u201cnosotros luchamos como lo hicieron ustedes para echar al presidente y que se vaya en helic\u00f3ptero\u201d. Era impactante, yo pensaba que era solamente en organizaciones pero despu\u00e9s cuando hablaba con la gente en la calle tambi\u00e9n se expresaba eso.<\/p>\n<p style=\"text-align: justify;\">En relaci\u00f3n a eso, a partir de las rebeliones que hubo en Grecia surgi\u00f3 este frente que contin\u00faa gobernando que es el Syriza y cuyo primer ministro es Tsipras, hay una desilusi\u00f3n muy grande. Syriza surgi\u00f3 de la rebeli\u00f3n, como una propuesta electoral popular de la gente, pero termin\u00f3 traicion\u00e1ndola porque la gente vot\u00f3 de manera contundente (m\u00e1s del 60%) por el no a la troika, por el no al sometimiento a la Uni\u00f3n Europea y sin embargo Tsipras traicion\u00f3 la decisi\u00f3n y el dictamen del pueblo griego.<\/p>\n<p style=\"text-align: justify;\">-\u00bfY c\u00f3mo siguen la lucha?<\/p>\n<p style=\"text-align: justify;\">&#8211; Hay desilusi\u00f3n pero al mismo tiempo se sabe que va a continuar la situaci\u00f3n de ajuste. Por ejemplo, la situaci\u00f3n de refugiados es muy fuerte en Grecia, porque digamos, Grecia ser\u00eda la frontera para la entrada a la Uni\u00f3n Europea con lo cual la Uni\u00f3n Europea en el primer momento dijo que entren los refugiados pero despu\u00e9s cuando empezaron a ser miles dijeron que no e hicieron un acuerdo econ\u00f3mico tanto con Grecia como con Turqu\u00eda para que haya campos de refugiados donde los contengan y no entren a los grandes pa\u00edses imperialistas como Alemania, Francia y dem\u00e1s con lo cual se condensa toda una situaci\u00f3n en Grecia. Adem\u00e1s nos contaban compa\u00f1eros de all\u00e1 que la situaci\u00f3n se va a ir agravando porque ha aumentado la desocupaci\u00f3n, vas por la calle y ves gente pidiendo limosnas como ac\u00e1 en Buenos Aires, gente que no tiene donde dormir. Dicen que ahora disminuy\u00f3 en parte porque antes no estaban los campos de refugiados, entonces esa gente estaba en la calle, eran miles en Atenas pero igual se sigue viendo muy fuerte eso.<\/p>\n<p style=\"text-align: justify;\">Particularmente en Grecia (que en general todos tienen vivienda) no es como ac\u00e1 que es muy fuerte la lucha por tener una vivienda, una casa propia. Ellos han podido acceder a hipotecas y a una vivienda. Lo que se ve es que tienen una muy buena vivienda con el \u00faltimo televisor, con la \u00faltima tecnolog\u00eda pero que no tienen para comer, porque no tienen trabajo. Entre las familias se ayudan y pueden salir adelante. Lo que nos contaban tambi\u00e9n es que esas hipotecas hoy son del Estado pero el d\u00eda de ma\u00f1ana pueden venderse a fondos buitres; el Estado, te puede esperar un mes, te puede esperar dos meses pero los fondos buitres no te van a esperar, es muy posible que los quieran dejar en la calle a esos miles de griegos y ah\u00ed ser\u00e1 una situaci\u00f3n que lo que dicen es que el pueblo va a resistir, va a enfrentar, porque aparte, para los griegos la casa es muy importante, cuando tienen plata invierten en construcci\u00f3n. Entonces, ya veremos qu\u00e9 es lo que sucede pero en ese contexto complicado y dif\u00edcil se ve que es un pueblo combativo y que ha enfrentado siempre.<\/p>\n<p style=\"text-align: justify;\">&#8211; \u00bfQu\u00e9 mensaje fuiste a llevar vos desde la CTA?<\/p>\n<p style=\"text-align: justify;\">&#8211; En primer lugar conocer, por ejemplo en Grecia el salario m\u00ednimo de los trabajadores es de 700 euros pero tienen un salario m\u00ednimo para la juventud, aparte del salario m\u00ednimo general que es de 600 euros y previo al salvataje europeo a Grecia, con ajuste de por medio, el salario m\u00ednimo era de 900 euros (redujeron el salario de una manera infernal), para m\u00ed en verdad fue una experiencia incre\u00edble, poder conocer eso y entender un poco m\u00e1s de las tareas internacionales de nuestra Central, de los sindicatos, el rol que jugamos de manera internacional, no hay que subestimarlo y al mismo tiempo contar la experiencia de c\u00f3mo hoy en la Argentina venimos enfrentando este fenomenal ajuste que vienen sufriendo los trabajadores y el pueblo por parte del gobierno de Macri en relaci\u00f3n a los despidos.<\/p>\n<p style=\"text-align: justify;\">Cont\u00e9 sobre el gran paro del 24 de febrero de ATE, lo que ha sido la jornada en unidad del movimiento obrero del 29 de abril con m\u00e1s de 300 mil trabajadores y tambi\u00e9n la pulseada que han llevado adelante tanto los docentes universitarios, como los estudiantes y los no docentes el \u00faltimo 12 de mayo que se movilizaron masivamente m\u00e1s de 50 mil personas y que lograron avanzar porque, en este momento de ajuste poder abrirle la mano a este gobierno es clave para que el movimiento popular pueda avanzar. Contar esa experiencia y contar un poco tambi\u00e9n la experiencia de la tradici\u00f3n sindical que tiene la Argentina (que igual ya muchos la conoc\u00edan, no tuve que contar mucho, hasta te discut\u00edan algunas cosas) fue muy importante.<\/p>\n<p style=\"text-align: justify;\">-\u00bfSe habl\u00f3 de la situaci\u00f3n en M\u00e9xico?<\/p>\n<p style=\"text-align: justify;\">&#8211; Despu\u00e9s nosotros aprovechamos ese contexto para solidarizarnos en relaci\u00f3n a los docentes de M\u00e9xico que fueron duramente reprimidos y los m\u00e1s de 12 muertos que hubo all\u00e1, hicimos un comunicado que firmaron una gran cantidad de organizaciones y al mismo tiempo difundimos por las redes a personalidades con un cartel que dec\u00eda \u201ctodos somos Oaxaca\u201d. Poder solidarizarnos con el pueblo mexicano en ese contexto es importante, por ejemplo la gente de Venezuela ten\u00eda conocimiento pero en Europa, en algunos lugares no conoc\u00edan lo que hab\u00eda sucedido un d\u00eda antes, por lo cual eso tambi\u00e9n fue muy importante. Buscamos solidarizarnos y sentir tambi\u00e9n el sufrimiento que vienen padeciendo ellos y c\u00f3mo a nivel internacional nosotros podemos generar un espacio de resistencia de lucha, de la clase obrera y de los pueblos oprimidos en el mundo.<\/p>\n<p style=\"text-align: justify;\">Fue tambi\u00e9n muy importante la experiencia de Leila Khaled y contar su experiencia en relaci\u00f3n a la lucha contra la ocupaci\u00f3n israel\u00ed. Nosotros contamos nuestra experiencia de la solidaridad que venimos haciendo ac\u00e1 con Palestina, el festival que hicimos de la juventud; las compa\u00f1eras que participaron la invitaron al encuentro de mujeres as\u00ed que fue una experiencia muy importante, muy enriquecedora y de formaci\u00f3n tambi\u00e9n. Un espacio m\u00e1s de lucha.<\/p>\n<p style=\"text-align: justify;\">* Equipo de Comunicaci\u00f3n de la CTA<\/p>\n","protected":false},"excerpt":{"rendered":"Ra\u00fal Rajneri, secretario de Juventud de la CTA Aut\u00f3noma, particip\u00f3 en el 9\u00ba Festival de la Resistencia en Atenas, Grecia. Participaron del festival \n<a class=\"moretag\" href=\"https:\/\/ctainternacionales.org\/?p=3577\"> [...]<\/a>","protected":false},"author":1,"featured_media":0,"comment_status":"closed","ping_status":"closed","sticky":false,"template":"","format":"standard","meta":{"ngg_post_thumbnail":0,"footnotes":""},"categories":[],"tags":[],"class_list":["post-3577","post","type-post","status-publish","format-standard","hentry"],"_links":{"self":[{"href":"https:\/\/ctainternacionales.org\/index.php?rest_route=\/wp\/v2\/posts\/3577","targetHints":{"allow":["GET"]}}],"collection":[{"href":"https:\/\/ctainternacionales.org\/index.php?rest_route=\/wp\/v2\/posts"}],"about":[{"href":"https:\/\/ctainternacionales.org\/index.php?rest_route=\/wp\/v2\/types\/post"}],"author":[{"embeddable":true,"href":"https:\/\/ctainternacionales.org\/index.php?rest_route=\/wp\/v2\/users\/1"}],"replies":[{"embeddable":true,"href":"https:\/\/ctainternacionales.org\/index.php?rest_route=%2Fwp%2Fv2%2Fcomments&post=3577"}],"version-history":[{"count":1,"href":"https:\/\/ctainternacionales.org\/index.php?rest_route=\/wp\/v2\/posts\/3577\/revisions"}],"predecessor-version":[{"id":3580,"href":"https:\/\/ctainternacionales.org\/index.php?rest_route=\/wp\/v2\/posts\/3577\/revisions\/3580"}],"wp:attachment":[{"href":"https:\/\/ctainternacionales.org\/index.php?rest_route=%2Fwp%2Fv2%2Fmedia&parent=3577"}],"wp:term":[{"taxonomy":"category","embeddable":true,"href":"https:\/\/ctainternacionales.org\/index.php?rest_route=%2Fwp%2Fv2%2Fcategories&post=3577"},{"taxonomy":"post_tag","embeddable":true,"href":"https:\/\/ctainternacionales.org\/index.php?rest_route=%2Fwp%2Fv2%2Ftags&post=3577"}],"curies":[{"name":"wp","href":"https:\/\/api.w.org\/{rel}","templated":true}]}}