{"id":3574,"date":"2016-07-07T12:31:45","date_gmt":"2016-07-07T15:31:45","guid":{"rendered":"http:\/\/www.ctainternacionales.org\/?p=3574"},"modified":"2016-07-07T12:31:54","modified_gmt":"2016-07-07T15:31:54","slug":"campana-continental-contra-el-neoliberalismo","status":"publish","type":"post","link":"https:\/\/ctainternacionales.org\/?p=3574","title":{"rendered":"Campa\u00f1a continental contra el neoliberalismo"},"content":{"rendered":"<p style=\"text-align: justify;\">Este 8 de julio se lanza en San Pablo, Brasil, la campa\u00f1a \u201cPor la Democracia y contra el neoliberalismo\u201d. Participar\u00e1 del encuentro Adolfo Aguirre, sec. de Relaciones Internacional de la CTA Aut\u00f3noma y referente del Foro por la Ni\u00f1ez.<\/p>\n<p style=\"text-align: justify;\">La Confederaci\u00f3n Sindical de Am\u00e9rica (CSA), desde donde se convoca a la Jornada, inform\u00f3 que esta iniciativa surgi\u00f3 del Encuentro Hemisf\u00e9rico en La Habana, en noviembre de 2015 a los 10 a\u00f1os de la derrota del ALCA, y donde se coincidi\u00f3 que \u201cnuestro continente enfrenta una nueva ofensiva neoliberal, raz\u00f3n por la que la CSA y otras organizaciones sociales est\u00e1n impulsando una Jornada Continental: \u201cPor la Democracia y contra el neoliberalismo\u201d, que permita ir sumando en el camino, teniendo en cuenta la experiencia y con base en la siguiente agenda: La lucha contra el libre comercio y las trasnacionales; La profundizaci\u00f3n de los procesos democr\u00e1ticos y la defensa de las soberan\u00edas;La Integraci\u00f3n desde los pueblos\u201d.<\/p>\n<p style=\"text-align: justify;\"><a href=\"http:\/\/www.ctainternacionales.org\/wp-content\/uploads\/2016\/07\/WhatsApp-Image-20160706.jpeg\" rel=\"attachment wp-att-3575\"><img loading=\"lazy\" decoding=\"async\" class=\"aligncenter size-thumbnail wp-image-3575\" src=\"http:\/\/www.ctainternacionales.org\/wp-content\/uploads\/2016\/07\/WhatsApp-Image-20160706-307x230.jpeg\" alt=\"WhatsApp-Image-20160706\" width=\"307\" height=\"230\" \/><\/a>Aguirre, se\u00f1al\u00f3 que \u201ces necesario que abordemos los temas estructurales, porque no podemos batallar por los derechos de los trabajadores de manera aislada o sectorial. Hay una matriz hegem\u00f3nica que opera desde estructuras econ\u00f3micas, gobiernos y que se sirve de ingenier\u00edas legales, para garantizar la rentabilidad de algunos sectores en detrimento de las mayor\u00edas populares en todo el continente\u201d.<\/p>\n<p style=\"text-align: justify;\">En ese sentido, la CSA se manifest\u00f3 en contra de la violencia institucionalizada de los Estados, contra la agenda de libre comercio, privatizaci\u00f3n, exclusi\u00f3n y pobreza en el continente. \u201cBuscamos construir desde nuestras resistencias respuestas para el \u201cOtro Mundo Posible\u201d, por eso decimos: no dejaremos que se instale en nuestro continente un nuevo ciclo de dictaduras, impuestas por poderes jur\u00eddicos y legislativos al servicio de los intereses del mercado capitalista\u201d expresaron a trav\u00e9s de un comunicado e invitaron a la centrales afiliadas a sumarse a esta Jornada. \u201cRecordamos que en el III Congreso de la CSA se aprobaron resoluciones (Resoluci\u00f3n 02 \u2013 Tratados de Libre Comercio y Tratados de Protecci\u00f3n de Inversiones; Resoluci\u00f3n 03 \u2013 Poder Corporativo, Multinacionales y Cadenas Globales de Producci\u00f3n; y Resoluci\u00f3n 05 \u2013 Alianzas Sociales). que est\u00e1n \u00edntimamente vinculadas a los objetivos de la Jornada. Adem\u00e1s del lanzamiento ser\u00e1n construidas agendas nacionales y locales hasta el d\u00eda 04 de noviembre, donde se esperan actos, manifestaciones en las calles y diferentes actividades\u201d informaron<\/p>\n","protected":false},"excerpt":{"rendered":"Este 8 de julio se lanza en San Pablo, Brasil, la campa\u00f1a \u201cPor la Democracia y contra el neoliberalismo\u201d. Participar\u00e1 del encuentro Adolfo \n<a class=\"moretag\" href=\"https:\/\/ctainternacionales.org\/?p=3574\"> [...]<\/a>","protected":false},"author":1,"featured_media":0,"comment_status":"closed","ping_status":"closed","sticky":false,"template":"","format":"standard","meta":{"ngg_post_thumbnail":0,"footnotes":""},"categories":[],"tags":[],"class_list":["post-3574","post","type-post","status-publish","format-standard","hentry"],"_links":{"self":[{"href":"https:\/\/ctainternacionales.org\/index.php?rest_route=\/wp\/v2\/posts\/3574","targetHints":{"allow":["GET"]}}],"collection":[{"href":"https:\/\/ctainternacionales.org\/index.php?rest_route=\/wp\/v2\/posts"}],"about":[{"href":"https:\/\/ctainternacionales.org\/index.php?rest_route=\/wp\/v2\/types\/post"}],"author":[{"embeddable":true,"href":"https:\/\/ctainternacionales.org\/index.php?rest_route=\/wp\/v2\/users\/1"}],"replies":[{"embeddable":true,"href":"https:\/\/ctainternacionales.org\/index.php?rest_route=%2Fwp%2Fv2%2Fcomments&post=3574"}],"version-history":[{"count":1,"href":"https:\/\/ctainternacionales.org\/index.php?rest_route=\/wp\/v2\/posts\/3574\/revisions"}],"predecessor-version":[{"id":3576,"href":"https:\/\/ctainternacionales.org\/index.php?rest_route=\/wp\/v2\/posts\/3574\/revisions\/3576"}],"wp:attachment":[{"href":"https:\/\/ctainternacionales.org\/index.php?rest_route=%2Fwp%2Fv2%2Fmedia&parent=3574"}],"wp:term":[{"taxonomy":"category","embeddable":true,"href":"https:\/\/ctainternacionales.org\/index.php?rest_route=%2Fwp%2Fv2%2Fcategories&post=3574"},{"taxonomy":"post_tag","embeddable":true,"href":"https:\/\/ctainternacionales.org\/index.php?rest_route=%2Fwp%2Fv2%2Ftags&post=3574"}],"curies":[{"name":"wp","href":"https:\/\/api.w.org\/{rel}","templated":true}]}}