{"id":3560,"date":"2016-06-29T12:14:07","date_gmt":"2016-06-29T15:14:07","guid":{"rendered":"http:\/\/www.ctainternacionales.org\/?p=3560"},"modified":"2016-06-29T12:48:48","modified_gmt":"2016-06-29T15:48:48","slug":"pasos-en-falso-acercamiento-a-la-alianza-del-pacifico-ataque-a-la-integracion","status":"publish","type":"post","link":"https:\/\/ctainternacionales.org\/?p=3560","title":{"rendered":"Pasos en falso: Acercamiento a la Alianza del Pac\u00edfico, ataque a la integraci\u00f3n"},"content":{"rendered":"<p style=\"text-align: justify;\">Pocas decisiones en pol\u00edtica pueden atribuirse al azar. Podemos decir que cada paso que un gobierno da en una determinada direcci\u00f3n configura un panorama que, visto en el largo plazo, representa una orientaci\u00f3n ideol\u00f3gica determinada. Por eso, en materia econ\u00f3mica, pol\u00edtica y social podemos relevar los dichos de nuestra canciller Malcorra y la presencia del primer mandatario Macri el pr\u00f3ximo 1 de julio en la Cumbre de Presidentes de la Alianza al Pacifico en Puerto Varas, en car\u00e1cter de observador como uno de esos pasos.<!--more--><\/p>\n<p style=\"text-align: justify;\"><a href=\"http:\/\/www.ctainternacionales.org\/wp-content\/uploads\/2015\/12\/Unknown-2.jpeg\" rel=\"attachment wp-att-3196\"><img loading=\"lazy\" decoding=\"async\" class=\"aligncenter size-full wp-image-3196\" src=\"http:\/\/www.ctainternacionales.org\/wp-content\/uploads\/2015\/12\/Unknown-2.jpeg\" alt=\"Unknown-2\" width=\"259\" height=\"194\" \/><\/a><\/p>\n<p style=\"text-align: justify;\">Si bien la decisi\u00f3n del bloque de aceptar a nuestro pa\u00eds como observador considerada en forma aislada podr\u00eda tomarnos por sorpresa, no es m\u00e1s que la decantaci\u00f3n de un proceso lento pero calculado, un acontecimiento de un conjunto de pistas que, por ejemplo, Malcorra ya nos ha develado desde su asunci\u00f3n en sus discursos p\u00fablicos. Bajo la vaga aspiraci\u00f3n de \u00abreinsertarse en el mundo\u00bb hoy vemos que se esconden m\u00faltiples intenciones:<\/p>\n<p style=\"text-align: justify;\">1) Readecuar el MERCOSUR a una definici\u00f3n estrecha y abandonada que lo interpretaba como una uni\u00f3n aduanera cl\u00e1sica en pos del libre comercio. Esto significa desbaratar cualquier contenido acu\u00f1ado hasta hoy que vincule al MERCOSUR con la integraci\u00f3n en t\u00e9rminos pol\u00edticos, sociales y culturales m\u00e1s all\u00e1 de lo econ\u00f3mico en clave neoliberal.<\/p>\n<p style=\"text-align: justify;\">2) Interpretar las posibilidades econ\u00f3micas abiertas por el MERCOSUR en t\u00e9rminos de beneficio individual y no de fortalecimiento como bloque para negociar respecto de otros bloques en el mundo.<\/p>\n<p style=\"text-align: justify;\">3) Abrir caminos hacia todas aquellas iniciativas, rechazadas en el pasado, fundadas en una idea de econom\u00eda de libre mercado, tutelada por intereses neoliberales que sobradamente han mostrado su desinter\u00e9s por las consecuencias del aperturismo extremo al comercio exterior sobre las poblaciones.<\/p>\n<p style=\"text-align: justify;\">Antes de seguir, es necesario analizar algunas de las \u00faltimas declaraciones de nuestra Canciller. Ante un plenario de comisiones en la C\u00e1mara de Diputados, la canciller Susana Malcorra afirm\u00f3 que \u00abla inserci\u00f3n para nosotros parte sin lugar a dudas del Mercosur, que es central para nuestra capacidad de insertarnos en el mundo. Advertimos una necesidad de fortalecimiento, de crecimiento y de eliminaci\u00f3n de barreras que han sido autoimpuestas\u00bb. Si bien en la ret\u00f3rica esto podr\u00eda parecer v\u00e1lido, se vuelve confuso si tenemos en cuenta que la \u00fanica manera de ser miembro pleno de la Alianza al Pac\u00edfico es abandonar una de las premisas fundamentales del MERCOSUR: seg\u00fan la decisi\u00f3n del 32\/00 del Consejo del Mercado Com\u00fan del Mercosur los pa\u00edses miembro deben negociar conjuntamente todo acuerdo comercial extra zona. As\u00ed las cosas, no hay posibilidad de que el ingreso a la Alianza del Pac\u00edfico sea a trav\u00e9s del MERCOSUR, sino s\u00f3lo en contra de \u00e9l. Malcorra sentencia sobre la Alianza del Pac\u00edfico, \u00abestamos interesados en adquirir el rol de observador. Estamos expandiendo los mecanismos para entender c\u00f3mo funcionan organismos complementarios\u00bb. Pero no se tratar\u00eda entonces de una iniciativa complementaria sino antag\u00f3nica al MERCOSUR, tal como lo conocemos hoy.<\/p>\n<p style=\"text-align: justify;\">La segunda manera en la que podemos salir de este atolladero de contradicciones es poner estos gestos y declaraciones en el contexto de un cambio de \u00e9poca que derive en un cambio de orientaci\u00f3n del MERCOSUR. Es que ya existe el antecedente del pedido de Uruguay para negociar en forma unilateral acuerdos econ\u00f3micos en contexto de las negociaciones MERCOSUR &#8211; UE. A este panorama se le agregan los recientes dichos del nuevo ministro interino de Relaciones Exteriores de Brasil, Jos\u00e9 Serra, sobre \u00abactualizar y flexibilizar el MERCOSUR\u00bb, as\u00ed su concepci\u00f3n del Mercosur como una uni\u00f3n aduanera que termin\u00f3 siendo un obst\u00e1culo a acuerdos bilaterales de comercio. No podemos obviar estos hechos como parte de un giro copernicano en pol\u00edtica exterior por parte de los principales Estados Miembro del MERCOSUR. Un acuerdo entre ellos para aunar fuerzas y redireccionar este mecanismo de integraci\u00f3n podr\u00eda acabar en su flexibilizaci\u00f3n y en un reposicionamiento geopol\u00edtico que eche por tierra los avances en torno a consolidarlo como una iniciativa pol\u00edtica, cultural, social y comercial propia desde el Cono Sur. En este sentido s\u00ed podemos aceptar que la \u00abreinserci\u00f3n en el mundo\u00bb ocurra a trav\u00e9s del MERCOSUR, pero se tratar\u00eda ya de un MERCOSUR de nuevo tipo, adaptado a los intereses m\u00e1s nefastos de liberalizaci\u00f3n econ\u00f3mica.<\/p>\n<p style=\"text-align: justify;\">Entonces, una reorientaci\u00f3n de la pol\u00edtica comercial exterior como la que propone el gobierno de Macri es proclive a deshacer los avances logrados en materia de integraci\u00f3n y complementariedad como bloque que significa el MERCOSUR. Es un ataque a la integraci\u00f3n.<\/p>\n<p style=\"text-align: justify;\">Quiz\u00e1s lo m\u00e1s desalentador es que, ateni\u00e9ndonos a los fr\u00edos datos econ\u00f3micos, un ingreso a la Alianza al Pac\u00edfico no representa beneficios comerciales a corto plazo dado que Argentina ya posee acuerdos de liberalizaci\u00f3n con la mayor\u00eda de los Estados miembro, mientras aquellos que no han firmado con nosotros tal tipo de acuerdos, representan en total menos del 10% de las exportaciones argentinas. Cabe a\u00f1adir que los productos exportados son en su mayor\u00eda materias primas y bienes de bajo valor agregado.<\/p>\n<p style=\"text-align: justify;\">En suma, el balance emerge como netamente negativo: el caso extremo de un abandono del MERCOSUR no parece factible, pero en cambio ver\u00edamos una transfiguraci\u00f3n del MERCOSUR orientada hacia la liberalizaci\u00f3n y la flexibilizaci\u00f3n econ\u00f3mica, que haga posible el acercamiento buscado hacia iniciativas del cariz de la Alianza del Pac\u00edfico y nos deje a las puertas de posibles acuerdos con mercados asi\u00e1ticos del tono del TTP para vender materias primas.<\/p>\n<p style=\"text-align: justify;\">Desde la perspectiva de los trabajadores, la situaci\u00f3n es por lo menos preocupante. Los resultados macroecon\u00f3micos de los pa\u00edses miembro de la Alianza del Pac\u00edfico como M\u00e9xico o Colombia son poco alentadores para los trabajadores del Cono Sur. Hay una clara oposici\u00f3n entre las aspiraciones del gobierno nacional (junto con los gobiernos que lo secundan: Cartes, Temer, quiz\u00e1 tambi\u00e9n Tabar\u00e9 V\u00e1zquez) y aquello que vemos como sano para el desarrollo del pueblo: la mejora de las condiciones de vida a partir de mayor justicia social basada en la redistribuci\u00f3n de ingresos (producto de la captura de renta extraordinaria por parte de los Estados) sumada a un mayor tutelaje de los derechos fundamentales de los trabajadores.<\/p>\n","protected":false},"excerpt":{"rendered":"Pocas decisiones en pol\u00edtica pueden atribuirse al azar. Podemos decir que cada paso que un gobierno da en una determinada direcci\u00f3n configura un \n<a class=\"moretag\" href=\"https:\/\/ctainternacionales.org\/?p=3560\"> [...]<\/a>","protected":false},"author":1,"featured_media":0,"comment_status":"closed","ping_status":"closed","sticky":false,"template":"","format":"standard","meta":{"ngg_post_thumbnail":0,"footnotes":""},"categories":[],"tags":[],"class_list":["post-3560","post","type-post","status-publish","format-standard","hentry"],"_links":{"self":[{"href":"https:\/\/ctainternacionales.org\/index.php?rest_route=\/wp\/v2\/posts\/3560","targetHints":{"allow":["GET"]}}],"collection":[{"href":"https:\/\/ctainternacionales.org\/index.php?rest_route=\/wp\/v2\/posts"}],"about":[{"href":"https:\/\/ctainternacionales.org\/index.php?rest_route=\/wp\/v2\/types\/post"}],"author":[{"embeddable":true,"href":"https:\/\/ctainternacionales.org\/index.php?rest_route=\/wp\/v2\/users\/1"}],"replies":[{"embeddable":true,"href":"https:\/\/ctainternacionales.org\/index.php?rest_route=%2Fwp%2Fv2%2Fcomments&post=3560"}],"version-history":[{"count":2,"href":"https:\/\/ctainternacionales.org\/index.php?rest_route=\/wp\/v2\/posts\/3560\/revisions"}],"predecessor-version":[{"id":3563,"href":"https:\/\/ctainternacionales.org\/index.php?rest_route=\/wp\/v2\/posts\/3560\/revisions\/3563"}],"wp:attachment":[{"href":"https:\/\/ctainternacionales.org\/index.php?rest_route=%2Fwp%2Fv2%2Fmedia&parent=3560"}],"wp:term":[{"taxonomy":"category","embeddable":true,"href":"https:\/\/ctainternacionales.org\/index.php?rest_route=%2Fwp%2Fv2%2Fcategories&post=3560"},{"taxonomy":"post_tag","embeddable":true,"href":"https:\/\/ctainternacionales.org\/index.php?rest_route=%2Fwp%2Fv2%2Ftags&post=3560"}],"curies":[{"name":"wp","href":"https:\/\/api.w.org\/{rel}","templated":true}]}}