{"id":3555,"date":"2016-06-29T11:50:57","date_gmt":"2016-06-29T14:50:57","guid":{"rendered":"http:\/\/www.ctainternacionales.org\/?p=3555"},"modified":"2016-06-29T12:09:02","modified_gmt":"2016-06-29T15:09:02","slug":"hacia-el-encuentro-nacional-del-foro-por-los-derechos-de-la-ninez-la-adolescencia-y-la-juventud","status":"publish","type":"post","link":"https:\/\/ctainternacionales.org\/?p=3555","title":{"rendered":"Hacia el Encuentro Nacional del Foro por los Derechos de la Ni\u00f1ez, la Adolescencia y la Juventud"},"content":{"rendered":"<p style=\"text-align: justify;\">El s\u00e1bado pasado en la Provincia de Santa Fe, en las instalaciones de ATE Rosario se llevo a cabo un encuentro de formaci\u00f3n y debate bajo el titulo \u201cLas Trampas de la inclusi\u00f3n\u201d que cont\u00f3 con la presencia de m\u00e1s de 120 trabajadores estatales y de distintas organizaciones sociales y territoriales vinculados a la ni\u00f1ez y adolescencia.<!--more--><\/p>\n<p style=\"text-align: justify;\"><a href=\"http:\/\/www.ctainternacionales.org\/wp-content\/uploads\/2016\/06\/IMG_4053.jpg\" rel=\"attachment wp-att-3557\"><img loading=\"lazy\" decoding=\"async\" class=\"aligncenter size-thumbnail wp-image-3557\" src=\"http:\/\/www.ctainternacionales.org\/wp-content\/uploads\/2016\/06\/IMG_4053-307x205.jpg\" alt=\"IMG_4053\" width=\"307\" height=\"205\" \/><\/a><\/p>\n<p style=\"text-align: justify;\">El panel de oradores estuvo integrado por Adolfo \u201cFito\u201d Aguirre, Coordinador Nacional del Foro por los Derechos de la Ni\u00f1ez, Adolescencia y Juventud y Secretario de Relaciones Internacionales de la CTA Aut\u00f3noma; Carlos Del Frade, escritor y periodista de la agencia de Noticias Pelota de Trapo y Diputado Provincial por el Frente Social y Popular; Gustavo Lorenzo, Abogado de la Defensor\u00eda de Ni\u00f1os, Ni\u00f1as y Adolescentes y Silvia Lampugnani, psic\u00f3loga, psicoanalista y coordinadora del programa \u00abEscuchar al ni\u00f1o en clave de derechos\u00bb de la Universidad Nacional de Rosario. El encuentro fue coordinado por Lorena Almir\u00f3n, Secretaria Adjunta de ATE Rosario.<\/p>\n<p style=\"text-align: justify;\">En la apertura, Almir\u00f3n expuso acerca de la problem\u00e1tica de los trabajadores del Estado y particularmente de las condiciones de precariedad laboral que deben atravesar los y las trabajadoras\/es del sector, con una carencia de las pol\u00edticas estatales que deteriora las condiciones de vida de los ni\u00f1os y adolescentes que actualmente se ven profundizadas por la crisis econ\u00f3mica, pol\u00edtica y estructural de la provincia.<\/p>\n<p style=\"text-align: justify;\">Adolfo \u00abFito\u00bb Aguirre en su ponencia, expuso una mirada geopol\u00edtica de la problem\u00e1tica mostrando cuales son los nuevos escenarios que se presentan y cu\u00e1les es el rol de los estados frente a los mismos. Se explayo tambi\u00e9n, acerca de cu\u00e1les son las \u201cnuevas practicas\u201d que se proponen en esta etapa del capitalismo. En su intervenci\u00f3n remarc\u00f3 adem\u00e1s que: \u201cnos estamos enfrentando a pol\u00edticas que nos conducen la mercantilizaci\u00f3n de la vida, negando derechos fundamentales que garanticen la vida como el agua, la tierra o derechos laborales y los ni\u00f1os y adolescentes son los que m\u00e1s las padecen\u201d. Aguirre concluy\u00f3 en que los desaf\u00edos son organizarnos para la b\u00fasqueda de nuevos paradigmas y de practicas contra-hegem\u00f3nicas que den disputa a la mercantilizaci\u00f3n de la vida.<\/p>\n<p style=\"text-align: justify;\">Carlos Del Frade, por su parte, remarco las contradicciones en los relatos que se realizan desde el gobierno provincial en pol\u00edticas de ni\u00f1ez y adolescencia y habl\u00f3 acerca de cuales son en t\u00e9rminos concretos y reales de los presupuestos asignados.<\/p>\n<p style=\"text-align: justify;\">Gustavo Lorenzo, abogado de la defensoria, hizo un exhaustivo an\u00e1lisis del poder judicial destacando que el mismo contiene viejas y rancias practicas ligadas al patronato, como tambi\u00e9n de la necesidad de realizar diagn\u00f3sticos claros de la poblaci\u00f3n para tener mayor eficacia en la implementaci\u00f3n de pol\u00edticas.<\/p>\n<p style=\"text-align: justify;\"><a href=\"http:\/\/www.ctainternacionales.org\/wp-content\/uploads\/2016\/06\/IMG_4095.jpg\" rel=\"attachment wp-att-3558\"><img loading=\"lazy\" decoding=\"async\" class=\"aligncenter size-thumbnail wp-image-3558\" src=\"http:\/\/www.ctainternacionales.org\/wp-content\/uploads\/2016\/06\/IMG_4095-307x173.jpg\" alt=\"IMG_4095\" width=\"307\" height=\"173\" \/><\/a><\/p>\n<p style=\"text-align: justify;\">La \u00faltima en exponer fue Silvia Lampugnani quien hablo sobre la problem\u00e1tica de como los profesionales y operadores inciden con sus propias practicas en los sectores vulnerables. En sus palabras \u201csi el adulto que ejerce el poder, lo hace impulsado por su propio y exclusivo goce y sin tener en cuenta la subjetividad infantil, probablemente generar\u00e1 un \u2019lugar de desgracia\u2019 y \u2019un destino funesto\u2019 que nos hace responsables del porvenir de las nuevas generaciones\u201d.<\/p>\n<p style=\"text-align: justify;\">Por \u00faltimo, en el contexto de esta jornada se puso fecha para el encuentro Nacional del Foro por los Derechos de la Ni\u00f1ez, la Adolescencia y la Juventud , que se realizara los d\u00edas 11 y 12 de noviembre en la ciudad de Rosario.<\/p>\n<p><iframe loading=\"lazy\" title=\"&quot;Las Trampas de la Inclusio\u0301n&quot;  ATE ROSARIO\" width=\"747\" height=\"420\" src=\"https:\/\/www.youtube.com\/embed\/NxB1c2_hH1A?feature=oembed\" frameborder=\"0\" allow=\"accelerometer; autoplay; clipboard-write; encrypted-media; gyroscope; picture-in-picture; web-share\" allowfullscreen><\/iframe><\/p>\n","protected":false},"excerpt":{"rendered":"El s\u00e1bado pasado en la Provincia de Santa Fe, en las instalaciones de ATE Rosario se llevo a cabo un encuentro de formaci\u00f3n \n<a class=\"moretag\" href=\"https:\/\/ctainternacionales.org\/?p=3555\"> [...]<\/a>","protected":false},"author":1,"featured_media":0,"comment_status":"closed","ping_status":"closed","sticky":false,"template":"","format":"standard","meta":{"ngg_post_thumbnail":0,"footnotes":""},"categories":[],"tags":[],"class_list":["post-3555","post","type-post","status-publish","format-standard","hentry"],"_links":{"self":[{"href":"https:\/\/ctainternacionales.org\/index.php?rest_route=\/wp\/v2\/posts\/3555","targetHints":{"allow":["GET"]}}],"collection":[{"href":"https:\/\/ctainternacionales.org\/index.php?rest_route=\/wp\/v2\/posts"}],"about":[{"href":"https:\/\/ctainternacionales.org\/index.php?rest_route=\/wp\/v2\/types\/post"}],"author":[{"embeddable":true,"href":"https:\/\/ctainternacionales.org\/index.php?rest_route=\/wp\/v2\/users\/1"}],"replies":[{"embeddable":true,"href":"https:\/\/ctainternacionales.org\/index.php?rest_route=%2Fwp%2Fv2%2Fcomments&post=3555"}],"version-history":[{"count":2,"href":"https:\/\/ctainternacionales.org\/index.php?rest_route=\/wp\/v2\/posts\/3555\/revisions"}],"predecessor-version":[{"id":3559,"href":"https:\/\/ctainternacionales.org\/index.php?rest_route=\/wp\/v2\/posts\/3555\/revisions\/3559"}],"wp:attachment":[{"href":"https:\/\/ctainternacionales.org\/index.php?rest_route=%2Fwp%2Fv2%2Fmedia&parent=3555"}],"wp:term":[{"taxonomy":"category","embeddable":true,"href":"https:\/\/ctainternacionales.org\/index.php?rest_route=%2Fwp%2Fv2%2Fcategories&post=3555"},{"taxonomy":"post_tag","embeddable":true,"href":"https:\/\/ctainternacionales.org\/index.php?rest_route=%2Fwp%2Fv2%2Ftags&post=3555"}],"curies":[{"name":"wp","href":"https:\/\/api.w.org\/{rel}","templated":true}]}}