{"id":3546,"date":"2016-06-24T12:35:22","date_gmt":"2016-06-24T15:35:22","guid":{"rendered":"http:\/\/www.ctainternacionales.org\/?p=3546"},"modified":"2016-06-24T12:39:46","modified_gmt":"2016-06-24T15:39:46","slug":"la-cta-presente-en-la-ronda-de-las-madres-justicia-y-verdad-por-los-docentes-de-oaxaca","status":"publish","type":"post","link":"https:\/\/ctainternacionales.org\/?p=3546","title":{"rendered":"La CTA presente en la ronda de las Madres: Justicia y verdad por los docentes de Oaxaca"},"content":{"rendered":"<p style=\"text-align: justify;\"><a href=\"http:\/\/www.ctainternacionales.org\/wp-content\/uploads\/2016\/06\/2016madres-oaxaca-nota2.jpg\" rel=\"attachment wp-att-3547\"><img loading=\"lazy\" decoding=\"async\" class=\"aligncenter size-full wp-image-3547\" src=\"http:\/\/www.ctainternacionales.org\/wp-content\/uploads\/2016\/06\/2016madres-oaxaca-nota2.jpg\" alt=\"2016madres-oaxaca-nota2\" width=\"286\" height=\"400\" \/><\/a>En la tarde de este jueves, la CTA Aut\u00f3noma, camin\u00f3 junto a las Madres, integrantes de organismos de Derechos Humanos y de la Asamblea de Mexicanos en la Argentina, para exigir justicia por el asesinato de los docentes oaxaque\u00f1os y los 25 desaparecidos. Estuvieron presentes Ricardo Peidro, Carolina Ocar y Adolfo \u201cFito\u201d Aguirre.<!--more--><\/p>\n<p style=\"text-align: justify;\">El domingo fue un d\u00eda de luto para Am\u00e9rica Latina: las fuerzas de seguridad mexicanas asesinaron a 13 docentes de Oaxaca durante una manifestaci\u00f3n en contra de la reforma educativa que, de aprobarse, privatizar\u00e1 la educaci\u00f3n e impondr\u00e1 planes de estudios absolutamente neoliberales.<\/p>\n<p style=\"text-align: justify;\">En Buenos Aires, las Madres de Plaza de Mayo, junto a otras organizaciones de derechos humanos, la Asamblea de Mexicanos en Argentina e integrantes de la CTA realizaron la tradicional ronda de los jueves incluyendo el pedido de verdad y justicia por los docentes mexicanos, los 42 estudiantes normalistas y porque se termine con las pol\u00edticas neoliberales en todo el continente.<\/p>\n<p style=\"text-align: justify;\">\u201cA este gobierno no le interesan los derechos humanos\u201d, dijo contundente Norita Corti\u00f1as, de Madres L\u00ednea Fundadora, al finalizar la ronda. Rodeada de compa\u00f1eros y compa\u00f1eras, Corti\u00f1as agreg\u00f3 que las Madres vienen luchando contra el neoliberalismo en todo el continente y puso como ejemplo el caso de Hait\u00ed. Por otra parte, conden\u00f3 enf\u00e1ticamente las pol\u00edticas asesinas del Estado terrorista de M\u00e9xico y agreg\u00f3: \u201cLa represi\u00f3n y la violencia no s\u00f3lo la est\u00e1n sufriendo en M\u00e9xico, tambi\u00e9n est\u00e1n siendo reprimidos los docentes de Tierra del Fuego\u201d. Entre los presentes se encontraba Horacio Catena, docente y secretario general de la CTA-A fueguina.<\/p>\n<p style=\"text-align: justify;\">En representaci\u00f3n de los compa\u00f1eros y compa\u00f1eras mexicanas, M\u00f3nica Mu\u00f1iz agradeci\u00f3 la solidaridad de las Madres por dejarlos marchar juntos en la ronda en reclamo de verdad y justicia y detall\u00f3 la lucha que vienen llevando adelante los docentes de su pa\u00eds en contra de las pol\u00edticas neoliberales: \u201cHace a\u00f1os que los docentes luchan contra la reforma educativa, se trata de un proceso privatizador y de saqueo de los recursos naturales de M\u00e9xico. La salud y la educaci\u00f3n son los \u00fanicos bastiones que nos quedan\u201d. Antes de finalizar, la joven llam\u00f3 a acompa\u00f1ar la movilizaci\u00f3n que realizar\u00e1n el pr\u00f3ximo lunes a las 11 a la embajada de M\u00e9xico en Buenos Aires (Arcos 1650) para seguir denunciando el proyecto neoliberal en curso.<\/p>\n<p style=\"text-align: justify;\"><a href=\"http:\/\/www.ctainternacionales.org\/wp-content\/uploads\/2016\/06\/2016madres-oaxaca-nota1.jpg\" rel=\"attachment wp-att-3548\"><img loading=\"lazy\" decoding=\"async\" class=\"aligncenter size-thumbnail wp-image-3548\" src=\"http:\/\/www.ctainternacionales.org\/wp-content\/uploads\/2016\/06\/2016madres-oaxaca-nota1-307x198.jpg\" alt=\"2016madres-oaxaca-nota1\" width=\"307\" height=\"198\" \/><\/a><\/p>\n<p style=\"text-align: justify;\">Carolina Ocar, secretaria de Comunicaci\u00f3n de la CTA-A sum\u00f3 sus palabras: \u00abNuestro repudio al proyecto genocida del gobierno mexicano y la solidaridad con el pueblo en lucha se tiene que hacer sentir, por eso estamos en esta plaza junto a la Asamblea de Mexican@s en la Argentina y a nuestras queridas Madres, ejemplo de resistencia\u00bb. Ocar dijo adem\u00e1s que volv\u00edan a exigir la aparici\u00f3n con vida de los 43 estudiantes normalistas desaparecidos: \u00abQueda claro que hay un plan sistem\u00e1tico para terminar con quienes luchan en defensa de derechos como la educaci\u00f3n\u00bb.<\/p>\n<p style=\"text-align: justify;\">Tambi\u00e9n estuvo presente el secretario de Relaciones Internacionales de la Central, Adolfo \u00abFito\u00bb Aguirre.<\/p>\n<p style=\"text-align: justify;\">Por su parte, Ricardo Peidro, secretario general adjunto de la CTA-A y secretario general de los visitadores m\u00e9dicos, agreg\u00f3: \u201cSiempre estuvimos en la ronda de las Madres, ellas son un faro para nosotros. Hoy estamos acompa\u00f1ando a los compa\u00f1eros y compa\u00f1eras por la brutal represi\u00f3n que lleva adelante el Estado terrorista de M\u00e9xico, que se comporta como en las peores dictaduras. S\u00f3lo un movimiento internacional puede parar esas acciones\u201d.<\/p>\n","protected":false},"excerpt":{"rendered":"En la tarde de este jueves, la CTA Aut\u00f3noma, camin\u00f3 junto a las Madres, integrantes de organismos de Derechos Humanos y de la \n<a class=\"moretag\" href=\"https:\/\/ctainternacionales.org\/?p=3546\"> [...]<\/a>","protected":false},"author":1,"featured_media":0,"comment_status":"closed","ping_status":"closed","sticky":false,"template":"","format":"standard","meta":{"ngg_post_thumbnail":0,"footnotes":""},"categories":[],"tags":[],"class_list":["post-3546","post","type-post","status-publish","format-standard","hentry"],"_links":{"self":[{"href":"https:\/\/ctainternacionales.org\/index.php?rest_route=\/wp\/v2\/posts\/3546","targetHints":{"allow":["GET"]}}],"collection":[{"href":"https:\/\/ctainternacionales.org\/index.php?rest_route=\/wp\/v2\/posts"}],"about":[{"href":"https:\/\/ctainternacionales.org\/index.php?rest_route=\/wp\/v2\/types\/post"}],"author":[{"embeddable":true,"href":"https:\/\/ctainternacionales.org\/index.php?rest_route=\/wp\/v2\/users\/1"}],"replies":[{"embeddable":true,"href":"https:\/\/ctainternacionales.org\/index.php?rest_route=%2Fwp%2Fv2%2Fcomments&post=3546"}],"version-history":[{"count":1,"href":"https:\/\/ctainternacionales.org\/index.php?rest_route=\/wp\/v2\/posts\/3546\/revisions"}],"predecessor-version":[{"id":3549,"href":"https:\/\/ctainternacionales.org\/index.php?rest_route=\/wp\/v2\/posts\/3546\/revisions\/3549"}],"wp:attachment":[{"href":"https:\/\/ctainternacionales.org\/index.php?rest_route=%2Fwp%2Fv2%2Fmedia&parent=3546"}],"wp:term":[{"taxonomy":"category","embeddable":true,"href":"https:\/\/ctainternacionales.org\/index.php?rest_route=%2Fwp%2Fv2%2Fcategories&post=3546"},{"taxonomy":"post_tag","embeddable":true,"href":"https:\/\/ctainternacionales.org\/index.php?rest_route=%2Fwp%2Fv2%2Ftags&post=3546"}],"curies":[{"name":"wp","href":"https:\/\/api.w.org\/{rel}","templated":true}]}}