{"id":3543,"date":"2016-06-22T13:34:32","date_gmt":"2016-06-22T16:34:32","guid":{"rendered":"http:\/\/www.ctainternacionales.org\/?p=3543"},"modified":"2016-06-22T13:34:32","modified_gmt":"2016-06-22T16:34:32","slug":"en-mexico-se-siguen-asesinando-maestros","status":"publish","type":"post","link":"https:\/\/ctainternacionales.org\/?p=3543","title":{"rendered":"En M\u00e9xico se siguen asesinando maestros"},"content":{"rendered":"<p style=\"text-align: justify;\">\nOtra vez la sociedad mexicana se encuentra conmovida e indignada. Cuando Atyozinapa y sus m\u00e1rtires siguen arrinconados en la impunidad, la violencia estatal, ese terrorismo forjado en las alturas del Palacio Presidencial y expandido como reguero de p\u00f3lvora por cada una de las gobernaciones, vuelve a cantar presente. En esta ocasi\u00f3n como ocurriera con los 43 normalistas secuestrados y desaparecidos en Iguala, la masacre, esta vez en Oaxaca, tiene nombres y apellidos, y siempre terminan en ese personaje al que imp\u00fadicamente algunos mandatarios del continente siguen calificando de \u201cdem\u00f3crata\u201d: Enrique Pe\u00f1a Nieto.<!--more--><\/p>\n<p style=\"text-align: justify;\"><a href=\"http:\/\/www.ctainternacionales.org\/wp-content\/uploads\/2016\/06\/Sangrienta-maestros-Oaxaca-Mexico-AFP_CLAIMA20160620_0024_17.jpg\" rel=\"attachment wp-att-3544\"><img loading=\"lazy\" decoding=\"async\" class=\"aligncenter size-thumbnail wp-image-3544\" src=\"http:\/\/www.ctainternacionales.org\/wp-content\/uploads\/2016\/06\/Sangrienta-maestros-Oaxaca-Mexico-AFP_CLAIMA20160620_0024_17-307x204.jpg\" alt=\"Sangrienta-maestros-Oaxaca-Mexico-AFP_CLAIMA20160620_0024_17\" width=\"307\" height=\"204\" \/><\/a>All\u00ed est\u00e1n las im\u00e1genes gritando al mundo lo ocurrido: maestros de la combativa Coordinadora Nacional de Trabajadores de la Educaci\u00f3n (CNTE), que el fin de semana marcharon por decenas de miles en la propia Capital del pa\u00eds, exigiendo que el gobierno ileg\u00edtimo (porque no puede denominarse de otra manera a quien lleg\u00f3 al poder mediante fraude electoral) d\u00e9 marcha atr\u00e1s con una reforma educativa que s\u00f3lo busca privatizar lo que deber\u00eda ser gratuito. Reforma que est\u00e1 amasada, a no dudarlo, en las usinas neoliberales de una derecha que no es solamente mexicana sino regional y que ahora \u201cest\u00e1 de moda\u201d, atizada por Washington, embistiendo contra todo aquel que le plante cara. Pero los maestros mexicanos son duros como el acero, y no se arredran tan f\u00e1cilmente. De all\u00ed que a pesar de todos los obst\u00e1culos represivos, desafiaran en Ciudad de M\u00e9xico a 5.000 efectivos policiales que intentaron frenar la manifestaci\u00f3n pac\u00edfica y bulliciosa que reclamaba entre otros \u00edtems, la libertad de sus dirigentes detenidos, como es el caso de Rub\u00e9n N\u00fa\u00f1ez Gin\u00e9s.<\/p>\n<p style=\"text-align: justify;\">Sin embargo, el Gobierno estaba necesitado de mostrar los dientes para conformar a la oligarqu\u00eda local. O al poder medi\u00e1tico de Televisa y otros grupos hegem\u00f3nicos que no han cesado de reclamar \u201cmano dura\u201d contra los \u201cbelicosos\u201d. Ese es el mensaje que fueron instalando durante todo el conflicto magisterial que ya lleva meses y que ha derivado en un acampe de tres semanas de protesta en la Capital, y barricadas y bloqueo de rutas en distintos Estados.<\/p>\n<p style=\"text-align: justify;\">Por eso no causaron sorpresa, aunque s\u00ed mucho dolor, los sucesos ocurridos el domingo en Nochixtl\u00e1n, Oaxaca. Hombres y mujeres cuya \u00fanica voluntad es educar a los m\u00e1s golpeados por el sistema opresivo que vive el pa\u00eds desde que se traicionara la Revoluci\u00f3n Mexicana, y que se estaban manifestando pac\u00edficamente, fueron brutalmente atropellados por la jaur\u00eda policial de la temible PGR. A partir de ese momento, los maestros y maestras de rostro curtido y acostumbrados a pasar necesidades como sus educandos, sacaron fuerzas de los confines de su dignidad para autodefenderse y no dejarse humillar m\u00e1s por uniformados embrutecidos por sus mandos.<\/p>\n<p style=\"text-align: justify;\">As\u00ed se pudo ver en los primeros v\u00eddeos que comenzaron a alertar sobre la matanza: los cuerpos de los detenidos arrojados en camiones, como hicieron a\u00f1os atr\u00e1s en San Salvador Atenco con otros humildes protestantes, seis maestros asesinados, decenas de heridos, polic\u00edas tirando con sus armas a matar mientras lanzaban gritos amenazantes contra todo aquel que se prestara a solidarizarse con las v\u00edctimas. En pocos minutos las calles ard\u00edan por los cuatro costados, y a pesar de la represi\u00f3n, por cada barricada que era destruida surg\u00eda otra inmediatamente. Como si all\u00ed tambi\u00e9n, adem\u00e1s de los helic\u00f3pteros policiales artillados, sobrevaloran el esp\u00edritu guerrero y el legado de otros dos maestros ejemplares, Genaro V\u00e1zquez y Lucio Caba\u00f1as, que en los 70 decidieron echarse al monte y comenzar la lucha armada por razones id\u00e9nticas a las del presente.<\/p>\n<p style=\"text-align: justify;\">Despu\u00e9s llegaron las explicaciones vergonzosas del gobernador de Oaxaca, Gabino Cu\u00e9 Monteagudo, ligado al otrora \u201cprogresista\u201d Partido de la Revoluci\u00f3n Democr\u00e1tica (PRD), culpando a los maestros y mintiendo descaradamente al decir que \u201clas fuerzas policiales no tiraron con sus armas\u201d. O las reiteradas declaraciones incriminatorias a la CNTE del Secretario de Gobernaci\u00f3n, Miguel \u00c1ngel Osorio Chong, y de Educaci\u00f3n P\u00fablica, Aurelio Nu\u00f1o, dos de los grandes responsables con Pe\u00f1a Nieto de que M\u00e9xico se siga convirtiendo en un pa\u00eds donde la narco-pol\u00edtica acostumbre a su poblaci\u00f3n -y al mundo- que la \u201cdemocracia\u201d se forja con fosas comunes, secuestros, asesinatos y c\u00e1rceles hacinadas de prisioneros pol\u00edticos y sociales.<\/p>\n<p style=\"text-align: justify;\">Mientras tanto, en Oaxaca, en Chiapas, en Quer\u00e9taro, en Guerrero o en las entra\u00f1as del Z\u00f3calo capitalino el pueblo llano sigue fraguando la masa subversiva de la rebeli\u00f3n contra un orden injusto cuya \u00fanica receta es siempre la muerte. Frente a esta actitud valiente, lo que queda para quienes viven fronteras afuera de M\u00e9xico es renovar la solidaridad activa con maestr@s, campesino@s, obrer@s y estudiantes. Urgentemente, para evitar m\u00e1s masacre<\/p>\n<p style=\"text-align: justify;\">Por: Carlos Aznares- Portal desiformemonos- Mexico<\/p>\n<p style=\"text-align: justify;\">* Equipo de Comunicaci\u00f3n de la Secretar\u00eda de Relaciones Internacionales de la CTA<\/p>\n","protected":false},"excerpt":{"rendered":"Otra vez la sociedad mexicana se encuentra conmovida e indignada. Cuando Atyozinapa y sus m\u00e1rtires siguen arrinconados en la impunidad, la violencia estatal, \n<a class=\"moretag\" href=\"https:\/\/ctainternacionales.org\/?p=3543\"> [...]<\/a>","protected":false},"author":1,"featured_media":0,"comment_status":"closed","ping_status":"closed","sticky":false,"template":"","format":"standard","meta":{"ngg_post_thumbnail":0,"footnotes":""},"categories":[],"tags":[],"class_list":["post-3543","post","type-post","status-publish","format-standard","hentry"],"_links":{"self":[{"href":"https:\/\/ctainternacionales.org\/index.php?rest_route=\/wp\/v2\/posts\/3543","targetHints":{"allow":["GET"]}}],"collection":[{"href":"https:\/\/ctainternacionales.org\/index.php?rest_route=\/wp\/v2\/posts"}],"about":[{"href":"https:\/\/ctainternacionales.org\/index.php?rest_route=\/wp\/v2\/types\/post"}],"author":[{"embeddable":true,"href":"https:\/\/ctainternacionales.org\/index.php?rest_route=\/wp\/v2\/users\/1"}],"replies":[{"embeddable":true,"href":"https:\/\/ctainternacionales.org\/index.php?rest_route=%2Fwp%2Fv2%2Fcomments&post=3543"}],"version-history":[{"count":1,"href":"https:\/\/ctainternacionales.org\/index.php?rest_route=\/wp\/v2\/posts\/3543\/revisions"}],"predecessor-version":[{"id":3545,"href":"https:\/\/ctainternacionales.org\/index.php?rest_route=\/wp\/v2\/posts\/3543\/revisions\/3545"}],"wp:attachment":[{"href":"https:\/\/ctainternacionales.org\/index.php?rest_route=%2Fwp%2Fv2%2Fmedia&parent=3543"}],"wp:term":[{"taxonomy":"category","embeddable":true,"href":"https:\/\/ctainternacionales.org\/index.php?rest_route=%2Fwp%2Fv2%2Fcategories&post=3543"},{"taxonomy":"post_tag","embeddable":true,"href":"https:\/\/ctainternacionales.org\/index.php?rest_route=%2Fwp%2Fv2%2Ftags&post=3543"}],"curies":[{"name":"wp","href":"https:\/\/api.w.org\/{rel}","templated":true}]}}