{"id":3525,"date":"2016-06-01T14:02:15","date_gmt":"2016-06-01T17:02:15","guid":{"rendered":"http:\/\/www.ctainternacionales.org\/?p=3525"},"modified":"2016-06-01T17:30:10","modified_gmt":"2016-06-01T20:30:10","slug":"contraofensiva-de-la-cut-de-chile-paro-y-movilizacion-exigen-una-nueva-constitucion","status":"publish","type":"post","link":"https:\/\/ctainternacionales.org\/?p=3525","title":{"rendered":"Contraofensiva de la CUT de Chile Paro y movilizaci\u00f3n exigen una nueva Constituci\u00f3n"},"content":{"rendered":"<p style=\"text-align: justify;\"><a href=\"http:\/\/www.ctainternacionales.org\/wp-content\/uploads\/2016\/06\/cut-cambiar-chile.jpg\" rel=\"attachment wp-att-3526\"><img loading=\"lazy\" decoding=\"async\" class=\"aligncenter size-thumbnail wp-image-3526\" src=\"http:\/\/www.ctainternacionales.org\/wp-content\/uploads\/2016\/06\/cut-cambiar-chile-307x182.jpg\" alt=\"cut-cambiar-chile\" width=\"307\" height=\"182\" \/><span style=\"color: #000000;\">El Pueblo chileno se encuentra en un momento hist\u00f3rico de contra-ofensiva, el 31 de mayo la CUT convoco a un Paro y movilizaci\u00f3n que convoco a miles de trabajadores a los que se sumaron las organizaciones de estudiantes secundarios, universitarios y docentes terciarios ademas de los sindicatos y federaciones que llegaron hasta Plaza Italia para marchar por la Alameda, exigiendo una nueva Constituci\u00f3n para Chile y el cumplimiento de los acuerdos por parte del Ejecutivo.<\/span><\/a><span style=\"color: #000000;\">El 31 de mayo el pueblo chileno se encuentra en un momento hist\u00f3rico de contra-ofensiva, la CUT convoco a un Paro y movilizaci\u00f3n que convoco a miles de trabajadores a los que se sumaron las organizaciones de estudiantes secundarios, universitarios y docentes terciarios ademas de los sindicatos y federaciones que llegaron hasta Plaza Italia para marchar por la Alameda, exigiendo una nueva Constituci\u00f3n para Chile y el cumplimiento de los acuerdos por parte del Ejecutivo.<!--more--><\/span><\/p>\n<p style=\"text-align: justify;\"><span style=\"color: #000000;\">En el 2014 Michelle Bachelet llega a la presidencia en segunda vuelta con una participaci\u00f3n de apenas 42% del total de la poblaci\u00f3n habilitada a ejercer el voto, lo que pone en evidencia una crisis de representatividad y pol\u00edtica ; crisis que no refiere a la coyuntura de candidatos sino que es profundamente estructural. La gesti\u00f3n anterior de Sebastian Pi\u00f1era (2010-2014) fue el primer gobierno de centro derecha de la regi\u00f3n y finalizo su gesti\u00f3n fuertemente cuestionada por la sociedad chilena desde la vuelta de la democracia en 1990. Con la gesti\u00f3n de Pi\u00f1era se profundizo esa alianza entre empresarios y funcionarios con una linea cada vez mas difusa entre unos y otros que pretendi\u00f3 legitimar un sistema en la apropiaci\u00f3n privada de bienes y servicios p\u00fablicos.<\/span><\/p>\n<p style=\"text-align: justify;\"><span style=\"color: #000000;\">Bachelet logra su segundo mandato sabiendo de que estas demandas de la sociedad Chilena son innegociables y que los plazos son cada vez mas cortos. La presidente tuvo que afrontar a 20 d\u00edas del inicio de su gesti\u00f3n una movilizaci\u00f3n multitudinaria de m\u00faltiples sectores de la sociedad: obreros, campesinos, estudiantes, movimientos de mujeres y pueblos originarios, entre otros, que exig\u00edan un cambio de tim\u00f3n y romper con estructuras de un sistema heredado desde la dictadura.<\/span><\/p>\n<p style=\"text-align: justify;\"><span style=\"color: #000000;\">La sociedad en su conjunto pide y exige una reforma de la carta Magna que permita la reforma de la Constituci\u00f3n Nacional y de lugar a un nuevo sistema de educaci\u00f3n publica y gratuita y que se garantice una salud publica y de calidad, como as\u00ed tambi\u00e9n, una reforma tributaria que de coto a los niveles de desigualdad instaurados desde la dictadura. Tambi\u00e9n exigen reformas de fondo en \u00e1mbito laboral que permitan el ejercicio al derecho de la libertad sindical.<\/span><\/p>\n<p style=\"text-align: justify;\"><span style=\"color: #000000;\">Respecto al proceso constituyente, B\u00e1rbara Figueroa presidenta de la CUT manifest\u00f3: \u00abQue este proceso no le pasar\u00e1 por al lado a los trabajadores\u00bb. \u201cVamos a estar en todos lados porque nosotros nos movilizamos y tambi\u00e9n proponemos. Estamos en las calles y somos capaces de dialogar y proponer un Chile justo\u201d. Y agreg\u00f3 que en el caso de la reforma laboral el camino es reponer la Titularidad Sindical por v\u00eda de una reforma constitucional. \u201cLo que necesitamos para resguardar los derechos de los trabajadores es recuperarla y para eso hay que avanzar en la reforma constitucional al art\u00edculo 19 de esta maldita constituci\u00f3n, necesitamos irrumpir en ese debate\u201d puntualiz\u00f3.<\/span><\/p>\n<p style=\"text-align: justify;\"><span style=\"color: #000000;\">A comienzo de la dictadura en 1973 Chile tenia unos de los niveles mas altos de sindicalizaci\u00f3n en la regi\u00f3n que superaba el 33%; al termino de la dictadura en 1990 la taza se desplomo al 11% como tambi\u00e9n los derechos laborales con a\u00f1os de reformas laborales flexibilizadas que favorecieron a los sectores empresariales y multinacionales.<\/span><\/p>\n<p style=\"text-align: justify;\"><span style=\"color: #000000;\">En su discurso la presidente B\u00e1rbara Figueroa aseguro: \u201cnos importa el crecimiento, pero no queremos salarios bajos a costa de que Chile crezca, y un modelo de desarrollo que lo \u00fanico que ha hecho es crecer a costa de beneficiar a los grandes empresarios. Chile debe crecer pero para superar la desigualdad, para garantizar Educaci\u00f3n P\u00fablica gratuita y de calidad, para garantizar el fortalecimiento del sistema de Salud, que es una demanda urgente del pueblo de Chile, para eso queremos crecer se\u00f1ores y se\u00f1oras empresarios, se\u00f1ores y se\u00f1oras economistas, para esto se\u00f1ores y se\u00f1oras del Ministerio de Hacienda\u201d<\/span><\/p>\n<p style=\"text-align: justify;\"><span style=\"color: #000000;\">Mientras en congreso discute reformas en la educaci\u00f3n en la salud o en lo laboral la conflictividad social en las calles de chile crece, la sociedad en su conjunto pide su participaci\u00f3n y que su decisi\u00f3n sea vinculante. La sociedad chilena da disputa a un nuevo paradigma que es resistido por el conservadurismo y empresariado chileno. Los tiempos se acortan con un gobierno que da gestos pero no avanza en lo que ya sentencio la sociedad chilena UNA NUEVA CONSTITUCION para garantizar derechos y mas democracia.<\/span><\/p>\n<p style=\"text-align: justify;\"><span style=\"color: #000000;\">Por Nicolas Honigesz<\/span><\/p>\n<p style=\"text-align: justify;\"><span style=\"color: #000000;\">\u00a0<\/span><\/p>\n","protected":false},"excerpt":{"rendered":"El Pueblo chileno se encuentra en un momento hist\u00f3rico de contra-ofensiva, el 31 de mayo la CUT convoco a un Paro y movilizaci\u00f3n \n<a class=\"moretag\" href=\"https:\/\/ctainternacionales.org\/?p=3525\"> [...]<\/a>","protected":false},"author":1,"featured_media":0,"comment_status":"closed","ping_status":"closed","sticky":false,"template":"","format":"standard","meta":{"ngg_post_thumbnail":0,"footnotes":""},"categories":[],"tags":[],"class_list":["post-3525","post","type-post","status-publish","format-standard","hentry"],"_links":{"self":[{"href":"https:\/\/ctainternacionales.org\/index.php?rest_route=\/wp\/v2\/posts\/3525","targetHints":{"allow":["GET"]}}],"collection":[{"href":"https:\/\/ctainternacionales.org\/index.php?rest_route=\/wp\/v2\/posts"}],"about":[{"href":"https:\/\/ctainternacionales.org\/index.php?rest_route=\/wp\/v2\/types\/post"}],"author":[{"embeddable":true,"href":"https:\/\/ctainternacionales.org\/index.php?rest_route=\/wp\/v2\/users\/1"}],"replies":[{"embeddable":true,"href":"https:\/\/ctainternacionales.org\/index.php?rest_route=%2Fwp%2Fv2%2Fcomments&post=3525"}],"version-history":[{"count":6,"href":"https:\/\/ctainternacionales.org\/index.php?rest_route=\/wp\/v2\/posts\/3525\/revisions"}],"predecessor-version":[{"id":3532,"href":"https:\/\/ctainternacionales.org\/index.php?rest_route=\/wp\/v2\/posts\/3525\/revisions\/3532"}],"wp:attachment":[{"href":"https:\/\/ctainternacionales.org\/index.php?rest_route=%2Fwp%2Fv2%2Fmedia&parent=3525"}],"wp:term":[{"taxonomy":"category","embeddable":true,"href":"https:\/\/ctainternacionales.org\/index.php?rest_route=%2Fwp%2Fv2%2Fcategories&post=3525"},{"taxonomy":"post_tag","embeddable":true,"href":"https:\/\/ctainternacionales.org\/index.php?rest_route=%2Fwp%2Fv2%2Ftags&post=3525"}],"curies":[{"name":"wp","href":"https:\/\/api.w.org\/{rel}","templated":true}]}}