{"id":3522,"date":"2016-06-01T01:59:15","date_gmt":"2016-06-01T04:59:15","guid":{"rendered":"http:\/\/www.ctainternacionales.org\/?p=3522"},"modified":"2016-06-01T01:59:15","modified_gmt":"2016-06-01T04:59:15","slug":"condolencias-de-la-cta-autonoma-por-el-fallecimiento-de-mohamed-abdelaziz-presidente-de-la-republica-arabe-saharaui-democratica-rasd","status":"publish","type":"post","link":"https:\/\/ctainternacionales.org\/?p=3522","title":{"rendered":"Condolencias de la CTA-Aut\u00f3noma por el fallecimiento de Mohamed Abdelaziz, presidente de la Rep\u00fablica \u00c1rabe Saharaui Democr\u00e1tica (RASD)"},"content":{"rendered":"<p style=\"text-align: justify;\"><strong>El presidente de la Rep\u00fablica \u00c1rabe Saharaui Democr\u00e1tica (RASD), Mohamed Abdelaziz, ha fallecido este martes, seg\u00fan ha informado el Frente Polisario, del que era secretario general<\/strong><\/p>\n<p style=\"text-align: justify;\">Seg\u00fan ha precisado la Secretar\u00eda Nacional del Frente Polisario en un comunicado recogido por la agencia saharaui SPS, Abdelaziz, de 68 a\u00f1os, ha fallecido \u201ctras una larga enfermedad\u201d.<!--more--><\/p>\n<p style=\"text-align: justify;\"><a href=\"http:\/\/www.ctainternacionales.org\/wp-content\/uploads\/2016\/06\/moahmed.png\" rel=\"attachment wp-att-3523\"><img loading=\"lazy\" decoding=\"async\" class=\"aligncenter size-thumbnail wp-image-3523\" src=\"http:\/\/www.ctainternacionales.org\/wp-content\/uploads\/2016\/06\/moahmed-307x204.png\" alt=\"moahmed\" width=\"307\" height=\"204\" \/><\/a><\/p>\n<p style=\"text-align: justify;\">El Polisario ha anunciado 40 d\u00edas de luto y ha precisado que el sucesor de Abdelaziz, que ocupaba el cargo desde 1976, ser\u00e1 elegido en un congreso extraordinario que se celebrar\u00e1 al t\u00e9rmino del periodo de luto.<\/p>\n<p style=\"text-align: justify;\"><em>Mohamed Abelaziz, \u201cSe desempe\u00f1\u00f3 con valent\u00eda y firmeza en la defensa de los derechos inalienables de su pueblo, en la ardua ruta de la liberaci\u00f3n de todos los territorios ocupados. Su labor revolucionaria marc\u00f3 la impostergable lucha, primero en contra de la otrora colonia espa\u00f1ola y, en estos tiempos, enfrentando la corrupta monarqu\u00eda marroqu\u00ed, usurpadora en el Sahara Occidental.\u201d<\/em><\/p>\n<p style=\"text-align: justify;\">Adolfo \u201cFito\u201d Aguirre, Secretario de Relaciones Internacionales de la CTA-Aut\u00f3noma , envi\u00f3 sus condolencias a trav\u00e9s de una carta a Salem Bachir, representante del Frente Polisario en Argentina, expresando: \u201cenviamos nuestro fraterno abrazo en este triste d\u00eda a todo el pueblo saharaui y reafirmamos una vez m\u00e1s nuestro apoyo y solidaridad en la lucha por las reivindicaciones hist\u00f3ricas del pueblo saharaui\u201d. La labor del compa\u00f1ero Abdelaziz es una gu\u00eda y un ejemplo a partir del cu\u00e1l construir hacia el futuro.<\/p>\n","protected":false},"excerpt":{"rendered":"El presidente de la Rep\u00fablica \u00c1rabe Saharaui Democr\u00e1tica (RASD), Mohamed Abdelaziz, ha fallecido este martes, seg\u00fan ha informado el Frente Polisario, del que \n<a class=\"moretag\" href=\"https:\/\/ctainternacionales.org\/?p=3522\"> [...]<\/a>","protected":false},"author":1,"featured_media":0,"comment_status":"closed","ping_status":"closed","sticky":false,"template":"","format":"standard","meta":{"ngg_post_thumbnail":0,"footnotes":""},"categories":[],"tags":[],"class_list":["post-3522","post","type-post","status-publish","format-standard","hentry"],"_links":{"self":[{"href":"https:\/\/ctainternacionales.org\/index.php?rest_route=\/wp\/v2\/posts\/3522","targetHints":{"allow":["GET"]}}],"collection":[{"href":"https:\/\/ctainternacionales.org\/index.php?rest_route=\/wp\/v2\/posts"}],"about":[{"href":"https:\/\/ctainternacionales.org\/index.php?rest_route=\/wp\/v2\/types\/post"}],"author":[{"embeddable":true,"href":"https:\/\/ctainternacionales.org\/index.php?rest_route=\/wp\/v2\/users\/1"}],"replies":[{"embeddable":true,"href":"https:\/\/ctainternacionales.org\/index.php?rest_route=%2Fwp%2Fv2%2Fcomments&post=3522"}],"version-history":[{"count":1,"href":"https:\/\/ctainternacionales.org\/index.php?rest_route=\/wp\/v2\/posts\/3522\/revisions"}],"predecessor-version":[{"id":3524,"href":"https:\/\/ctainternacionales.org\/index.php?rest_route=\/wp\/v2\/posts\/3522\/revisions\/3524"}],"wp:attachment":[{"href":"https:\/\/ctainternacionales.org\/index.php?rest_route=%2Fwp%2Fv2%2Fmedia&parent=3522"}],"wp:term":[{"taxonomy":"category","embeddable":true,"href":"https:\/\/ctainternacionales.org\/index.php?rest_route=%2Fwp%2Fv2%2Fcategories&post=3522"},{"taxonomy":"post_tag","embeddable":true,"href":"https:\/\/ctainternacionales.org\/index.php?rest_route=%2Fwp%2Fv2%2Ftags&post=3522"}],"curies":[{"name":"wp","href":"https:\/\/api.w.org\/{rel}","templated":true}]}}