{"id":3517,"date":"2016-05-20T13:38:34","date_gmt":"2016-05-20T16:38:34","guid":{"rendered":"http:\/\/www.ctainternacionales.org\/?p=3517"},"modified":"2016-05-20T13:38:34","modified_gmt":"2016-05-20T16:38:34","slug":"reforma-laboral-en-francia-la-movilizacion-de-los-trabajadores-que-puede-hacer-historia-por-adolfo-aguirre","status":"publish","type":"post","link":"https:\/\/ctainternacionales.org\/?p=3517","title":{"rendered":"Reforma laboral en Francia: la movilizaci\u00f3n de los trabajadores que puede hacer historia -Por Adolfo Aguirre-"},"content":{"rendered":"<p>&nbsp;<\/p>\n<p style=\"text-align: justify;\">El proceso desencadenado a partir de la presentaci\u00f3n del proyecto de reforma del c\u00f3digo de trabajo en Francia, impulsado por el Gobierno con el benepl\u00e1cito del sector patronal, es una contundente muestra de las visiones en pugna en el continente europeo. Francia fue cuna de muchos de los m\u00e1s trascendentales avances en materia de reivindicaciones de derechos humanos, derechos pol\u00edticos y sociales. Hoy vemos, como esa \u201ccuna\u201d est\u00e1 siendo disputada por quienes usan el cartel de socialismo para escudarse y defender medidas que dificilmente podr\u00edan pasar por socialistas y quienes a\u00fan est\u00e1n dispuestos a dar la pelea y defender reivindicaciones para las y los trabajadores.\u00a0 Esta disputa parte de una misma evidencia: la crisis econ\u00f3mica que se ha potenciado desde el 2008, y el desempleo creciente que hoy cuenta m\u00e1s de seis millones de desempleados y que afecta principalmente a los j\u00f3venes (la tasa de desempleo ronda el 10% y entre los j\u00f3venes sube a alrededor del 25%).<\/p>\n<p style=\"text-align: justify;\">Cuando se piensa en t\u00e9rminos de pol\u00edtica p\u00fablica, se dice que para que un problema sea efectivamente considerado como tal y por tanto objeto de una pol\u00edtica, es preciso que se instale en la agenda p\u00fablica. En este proceso,\u00a0 la definici\u00f3n otorgada al problema es un momento clave de la soluci\u00f3n que se propondr\u00e1. En la definici\u00f3n del problema, los conceptos utilizados no son inocentes y menos a\u00fan la causalidad que se le atribuye al mismo. No resulta extra\u00f1o entonces que el gobierno aborde el problema del desempleo de la siguiente manera: el desempleo es causa de la rigidez de la legislaci\u00f3n laboral que resulta onerosa para los empleadores y desincentiva el recrutamiento de nuevos trabajadores . Del problema as\u00ed planteado se desprender\u00eda l\u00f3gicamente la siguiente soluci\u00f3n: al desempleo se lo combate con mayor flexibilizaci\u00f3n de las condiciones laborales, para abaratar los costos de la fuerza de trabajo y as\u00ed dinamizar el mercado del empleo. Seg\u00fan esta f\u00f3rmula, las organizaciones sindicales deber\u00edan aggiornarse y adaptarse a la realidad de cada empresa y abandonar las negociaciones colectivas por sector.<\/p>\n<p style=\"text-align: justify;\">En este marco se entiende la reforma impulsada por el gobierno como una propuesta a la medida de los sectores patronales, ya que busca reducir los derechos laborales, pone en jaque la garant\u00eda de un m\u00e1ximo semanal de 35 horas para la jornada laboral, impone una baja a las indemnizaciones que abarata los despidos y busca atomizar las negociaciones sectoriales de las condiciones de trabajo, restringiendo el poder de los sindicatos y abriendo la puerta a que se adpoten condiciones menos favorables para los trabajadores de cada empresa que las que se negocian a nivel sectorial y nacional.<\/p>\n<p style=\"text-align: justify;\">\n<p style=\"text-align: justify;\">Por el contrario, desde el movimiento sindical, de los trabajadores y los j\u00f3venes, la definici\u00f3n del problema es otra: se trata de un modelo econ\u00f3mico que, privilegiando al sector privado, utiliza como variable de ajuste a los trabajadores, a trav\u00e9s de despidos y quita de derechos, lo que genera recesi\u00f3n y por tanto, desempleo.\u00a0 A esta definici\u00f3n del problema, le corresponde claramente otra soluci\u00f3n: un c\u00f3digo laboral del siglo XXI, para trabajar menos, para trabajar mejor y trabajar todos, exigiendo otra redistribuci\u00f3n de la riqueza y el aumento de los salarios y las pensiones, y donde se incorpore un nuevo status del trabajo asalariado con derechos atados a las personas y transferibles de una empresa a la otra.<\/p>\n<p style=\"text-align: justify;\">En tiempos de crisis,\u00a0 la receta neoliberal se vuelve omnipresente, planteando que la \u00fanica salida es el ajuste y que el sacrificio lo deben hacer los trabajadores. Sin embargo, la f\u00e9rrea lucha que est\u00e1n llevando a cabo las y los trabajadores franceses, desde la CGT junto a otras importantes organizaciones sindicales, con la importante alianza de j\u00f3venes y federaciones estudiantiles, nos anuncia que no est\u00e1 todo dicho. Las manifestaciones que se est\u00e1n sucediendo desde la presentaci\u00f3n del proyecto de ley para la reforma, con fechas claves como la movilizaci\u00f3n del 31 de marzo donde se contaron m\u00e1s de 1,2 millones de manifestantes en 250 ciudades y con muchos miles de trabajadores de paro, para exigir que se retire el proyecto de reforma, y las importantes movilizaciones del 12 y 14 de mayo, nos dan cuenta una vez m\u00e1s de la fuerza del poder popular y de la capacidad de respuesta, no s\u00f3lo para ganar las calles sino para presentar soluciones acordes a problemas estructurales. De hecho, gracias a esta lucha el gobierno se ha visto obligado a reescribir el proyecto, para atemperar la reforma y a prometer a los j\u00f3venes una serie de medidas (prolongamiento de becas, mayor imposici\u00f3n a los contratos de duraci\u00f3n determinada, fortalecimiento de la formaci\u00f3n) destinadas a atender a esta poblaci\u00f3n.\u00a0 Las manifestaciones contin\u00faan y se recrudecen, m\u00e1s a\u00fan cuando desde el gobierno se ha recurrido al art\u00edculo 49.3 para aprobar en la C\u00e1mara de Diputados el proyecto sin discusi\u00f3n. Algo as\u00ed como legislar por decreto.<\/p>\n<p style=\"text-align: justify;\">A esto se le suma la fuerte participaci\u00f3n popular que ha llevado a nuevas pr\u00e1cticas de protesta, instalando la Nuit debout (noche de pie)\u00a0 a partir de la movilizaci\u00f3n del 31 de marzo, donde los franceses ganaron las calles de una gran cantidad de ciudades, en un estado de asamblea permanente para reclamar que se retire el proyecto de reforma del c\u00f3digo de trabajo, pero tambi\u00e9n para denunciar la pol\u00edtica neoliberal y de ajuste que est\u00e1 llevando a cabo el gobierno, y cuestionar la dif\u00edcil situaci\u00f3n social que se atravieza en tem\u00e1ticas como vivienda, refugiados y el tono fuertemente securitario que se ha adoptado en Francia luego de los atentados.<\/p>\n<p style=\"text-align: justify;\">Francia est\u00e1 movilizada de punta a punta: trabajadores, estudiantes, y organizaciones sociales est\u00e1n en las calles manifest\u00e1ndose en movilizaciones, escraches, piquetes, paros que no dejan que se invisibilice el descontento del pueblo, y sobre todo, del 70% de la poblaci\u00f3n de Francia que est\u00e1 en contra de esta reforma laboral y que insiste en que se retire el proyecto. El gobierno, por supuesto, no se queda de brazos cruzados y contraataca con represi\u00f3n, detenciones y procesos judiciales contra los manifestantes, y haciendo uso de mecanismos para evadir el debate y aprobar la reforma sin discusi\u00f3n.<\/p>\n<p style=\"text-align: justify;\">\n<p style=\"text-align: justify;\">En definitiva, lo que est\u00e1 en juego aqu\u00ed es una disputa por el sentido, si el discurso neoliberal contin\u00faa ganando terreno en un pa\u00eds que supo tener los m\u00e1s avanzados derechos en materia social, o si las pol\u00edticas vuelven a tener como principal objetivo el bienestar de los pueblos, en particular teniendo en cuenta el rol de la Uni\u00f3n Europea en el imperativo de que se controle el d\u00e9ficit fiscal a trav\u00e9s de la reducci\u00f3n del gasto p\u00fablico. Y sobre todo, est\u00e1 en disputa el futuro concreto de millones de trabajadores y trabajadoras que a\u00fan resisten y que con su lucha est\u00e1n volviendo a hacer historia.<\/p>\n","protected":false},"excerpt":{"rendered":"&nbsp; El proceso desencadenado a partir de la presentaci\u00f3n del proyecto de reforma del c\u00f3digo de trabajo en Francia, impulsado por el Gobierno \n<a class=\"moretag\" href=\"https:\/\/ctainternacionales.org\/?p=3517\"> [...]<\/a>","protected":false},"author":1,"featured_media":0,"comment_status":"closed","ping_status":"closed","sticky":false,"template":"","format":"standard","meta":{"ngg_post_thumbnail":0,"footnotes":""},"categories":[],"tags":[],"class_list":["post-3517","post","type-post","status-publish","format-standard","hentry"],"_links":{"self":[{"href":"https:\/\/ctainternacionales.org\/index.php?rest_route=\/wp\/v2\/posts\/3517","targetHints":{"allow":["GET"]}}],"collection":[{"href":"https:\/\/ctainternacionales.org\/index.php?rest_route=\/wp\/v2\/posts"}],"about":[{"href":"https:\/\/ctainternacionales.org\/index.php?rest_route=\/wp\/v2\/types\/post"}],"author":[{"embeddable":true,"href":"https:\/\/ctainternacionales.org\/index.php?rest_route=\/wp\/v2\/users\/1"}],"replies":[{"embeddable":true,"href":"https:\/\/ctainternacionales.org\/index.php?rest_route=%2Fwp%2Fv2%2Fcomments&post=3517"}],"version-history":[{"count":1,"href":"https:\/\/ctainternacionales.org\/index.php?rest_route=\/wp\/v2\/posts\/3517\/revisions"}],"predecessor-version":[{"id":3519,"href":"https:\/\/ctainternacionales.org\/index.php?rest_route=\/wp\/v2\/posts\/3517\/revisions\/3519"}],"wp:attachment":[{"href":"https:\/\/ctainternacionales.org\/index.php?rest_route=%2Fwp%2Fv2%2Fmedia&parent=3517"}],"wp:term":[{"taxonomy":"category","embeddable":true,"href":"https:\/\/ctainternacionales.org\/index.php?rest_route=%2Fwp%2Fv2%2Fcategories&post=3517"},{"taxonomy":"post_tag","embeddable":true,"href":"https:\/\/ctainternacionales.org\/index.php?rest_route=%2Fwp%2Fv2%2Ftags&post=3517"}],"curies":[{"name":"wp","href":"https:\/\/api.w.org\/{rel}","templated":true}]}}