{"id":3514,"date":"2016-05-20T13:32:11","date_gmt":"2016-05-20T16:32:11","guid":{"rendered":"http:\/\/www.ctainternacionales.org\/?p=3514"},"modified":"2016-05-20T14:24:58","modified_gmt":"2016-05-20T17:24:58","slug":"estatales-de-todas-llas-centrales-sindicales-marcharon-hoy-contra-el-ajuste-de-la-gobernadora-vidal","status":"publish","type":"post","link":"https:\/\/ctainternacionales.org\/?p=3514","title":{"rendered":"Estatales de todas Las Centrales Sindicales marcharon hoy contra el ajuste de la gobernadora Vidal"},"content":{"rendered":"<p style=\"text-align: justify;\"><a href=\"http:\/\/www.ctainternacionales.org\/wp-content\/uploads\/2016\/05\/Foto02w-2-96b58.jpg\" rel=\"attachment wp-att-3515\"><br \/>\n<\/a>ATE, AJB, CICOP, el Frente Gremial Docente y SOEME son algunos de los sindicatos que participan de la masiva movilizaci\u00f3n de hoy, contra las Leyes de Vidal y las pol\u00edticas de ajuste. La concentraci\u00f3n en la que confluyen gremios de las dos CTAs y las CGTs, se inici\u00f3 a las 10.30 frente al Ministerio de Trabajo de la Provincia de Buenos Aires para culminar frente a la Casa de Gobierno en la Plaza San Mart\u00edn, de la capital bonaerense.<!--more--><\/p>\n<p style=\"text-align: justify;\">En lo que fue una jornada de movilizaci\u00f3n masiva, la CTA Aut\u00f3noma march\u00f3 con toda su fuerza organizada en los diferentes sindicatos de trabajadores estatales. Miembros de la conducci\u00f3n nacional de la Central viajaron a La Plata para apoyar la lucha contra el ajuste que propone la Gobernadora Mar\u00eda Eugenia Vidal en la Provincia de Buenos Aires y que va en alianza al que quiere impulsar Mauricio Macri en todo el pa\u00eds.<\/p>\n<p style=\"text-align: justify;\">El secretario Adjunto de la CTA, Ricardo Peidro, dijo a ACTA: \u00abDesde diciembre que venimos con movilizaciones y paros contra el ajuste con compa\u00f1eros de ATE, CONADUH, Fesprosa y todos los compa\u00f1eros que todos los d\u00edas en la construcci\u00f3n del Estado, y por supuesto con los que trabajan en el sector privado. Por supuesto que la CTA Aut\u00f3noma va a formar parte de cada iniciativa de los trabajadores cuando intentan que la crisis la paguemos nosotros\u00bb.<\/p>\n<p style=\"text-align: justify;\">Asimismo Peidro se refiri\u00f3 la jornada como la antesala a la gran Jornada Nacional de Lucha que protagonizar\u00e1 la CTA el martes pr\u00f3ximo en todo el pa\u00eds: \u00abun plenario con mucha participaci\u00f3n de compa\u00f1eros y compa\u00f1eras de todo el pa\u00eds vot\u00f3 marchar el martes en coincidencia con el paro de ATE, y ah\u00ed estaremos como CTA\u00bb.<\/p>\n<p style=\"text-align: justify;\"><span class=\"spip_document_26169 spip_documents spip_documents_right\"><img loading=\"lazy\" decoding=\"async\" src=\"http:\/\/www.agenciacta.org\/IMG\/jpg\/Foto02w02.jpg\" alt=\"\" width=\"420\" height=\"280\" \/><\/span>Juan Carlos \u00abPip\u00f3n\u00bb Giuliani, Secretario de Relaciones Institucionales de la Central, habl\u00f3 con ACTA sobre los diferentes conflictos que est\u00e1n atravesando los trabajadores estatales en las provincias: \u00abEstamos ac\u00e1 porque entendemos que la unidad en la acci\u00f3n se hace en la calle peleando, mientras construimos la gran movilizaci\u00f3n del pr\u00f3ximo 24 como estaci\u00f3n previa a un paro nacional que esperamos sea con todas las centrales sindicales y los movimientos sociales\u00bb.<\/p>\n<p style=\"text-align: justify;\">\u00abLo que est\u00e1 sucediendo en todo el pa\u00eds es verdaderamente impresionante\u00bb, opin\u00f3 Hugo \u00abCachorro\u00bb Godoy en relaci\u00f3n a las movilizacioneCs multitdinarias que hay a lo largo y ancho del pa\u00eds: \u00abHay una necesidad de ponerle freno a la pol\u00edtica econ\u00f3mica de ajuste que plantea Macri\u00bb.<\/p>\n<p style=\"text-align: justify;\">CICOP estuvo presente con sus columnas y banderas. Guillermo Pacagnini, Secretario de Medio Ambiente de Trabajo de la CTA Aut\u00f3noma afirm\u00f3: \u00abHoy va a ser un punto de inflexi\u00f3n en el conflicto de la provincia de Buenos Aires por el nivel de unidad alcanzado\u00bb, dijo el dirigente a la vez que cont\u00f3 que se unieron los reclamos salariales, contra el ajuste y contra la reforma del Estado en la provincia.<\/p>\n<p style=\"text-align: justify;\"><span class=\"spip_document_26170 spip_documents spip_documents_right\"><img loading=\"lazy\" decoding=\"async\" src=\"http:\/\/www.agenciacta.org\/IMG\/jpg\/Foto01w01.jpg\" alt=\"\" width=\"420\" height=\"225\" \/><\/span>Sobre la situaci\u00f3n de los movimientos sociales ante el ajuste de la gobernadora Vidal, Mario Barrios opin\u00f3: \u00abM\u00e1s all\u00e1 de que viene negando que se bajen programas, los programas se vienen bajando y adem\u00e1s no se est\u00e1n actualizando. Si las organizaciones est\u00e1n en la calle es para quebrar la voluntad de la gobernadora que no quiere ver cu\u00e1l es la situaci\u00f3n real\u00bb.<\/p>\n<p style=\"text-align: justify;\">\u00abEl gobierno de Macri y todos los gobernadores apuntaron claramente a aplastar la movilizaci\u00f3n popular en este primer semestre basados en la expectativa pol\u00edtica que cre\u00f3 el gobierno de Cambiemos. Y esta transici\u00f3n que para ellos iba a ser tranquila y de pacto superestructural con la burocracia cegetista termin\u00f3 estallando por los aires a partir de la movilizaci\u00f3n de los estatales y del sector privado\u00bb, analiz\u00f3 Jorge Yabkowsk y afirm\u00f3: \u00abesta movilizaci\u00f3n y todas las que se est\u00e1n dando demuestran que la resistencia contra el ajuste se est\u00e1 consolidando\u00bb.<\/p>\n<p style=\"text-align: justify;\">De la conducci\u00f3n nacional tambi\u00e9n estuvieron: Adolfo Aguirre, Alicia Coca junto al fundador de la CTA, Victor De Gennaro y miles de compa\u00f1eras y compa\u00f1eros que marcharon.<\/p>\n<h3 class=\"spip\" style=\"text-align: justify;\">Unidad de los estatales bonaerenses contra el ajuste en la provincia<\/h3>\n<p style=\"text-align: justify;\"><span class=\"spip_document_26172 spip_documents spip_documents_right\"><img loading=\"lazy\" decoding=\"async\" src=\"http:\/\/www.agenciacta.org\/IMG\/jpg\/Foto11w04.jpg\" alt=\"\" width=\"420\" height=\"271\" \/><\/span>Nuevamente los trabajadores y trabajadoras estatales de la provincia de Buenos Aires se movilizaron masivamente a la Casa de Gobierno y a la Legislatura bonaerense. La marcha involucr\u00f3 a mas de 50 mil trabajadores y trabajadoras enrolados en distintos gremios estatales de diferentes centrales obreras que reclamaron un Estado al servicio de las mayor\u00edas bonaerenses, y en contra de la ley de emergencia administrativa y tecnol\u00f3gica que propone flexibilizar las relaciones laborales en el Estado. De la misma participaron tambi\u00e9n organizaciones barriales y sociales, quienes est\u00e1n sufriendo el recorte en la cantidad de alimento que el Estado les proporciona.<\/p>\n<p style=\"text-align: justify;\">Al respecto el secretario General de la CTA Aut\u00f3noma y ATE provincia de Buenos Aires, Oscar \u201cColo\u201d de Isasi, indic\u00f3 que \u201cvenimos a exigir la reapertura de la paritaria de la ley 10.430. Venimos a exigir que a los profesionales de la salud, que a los judiciales, a los compa\u00f1eros del Astillero, a los de la Secretar\u00eda de Cultura, se les haga ofertas que tengan que ver con la posibilidad de darles de comer a sus hijos y a sus familias. Este gobierno que se maneja como se\u00f1or feudal, que tiene la arrogancia de ser el due\u00f1o de todas las cosas, viene a destruir la paritaria, viene a bastardearla en nombre de la transparencia y contra la corrupci\u00f3n. Venimos a defender la paritaria como herramienta de negociaci\u00f3n colectiva porque la parimos en la lucha en el 2000 cuando todos nos dec\u00edan que ten\u00edamos que subordinarnos\u201d.<\/p>\n<p style=\"text-align: justify;\">De Isasi le advirti\u00f3 al Frente Renovador que lidera Sergio Massa, y a cuyo partido pertenece el presidente de la C\u00e1mara de Diputados Jorge Sarghini, que est\u00e1n ante una oportunidad hist\u00f3rica de no votar la ley de emergencia administrativa y tecnol\u00f3gica, o \u201cser c\u00f3mplices de los que roban nuestra riqueza y generan una crisis sobre los trabajadores. Quieren quitarnos los derechos conquistados, quieren desguazar el Estado para que los bonaerenses paguemos los arreglos que hacen con un grupo econ\u00f3mico concentrado. Sin embargo no vamos a permitir que se nos precaricen las relaciones laborales y que se nos despidan compa\u00f1eros y compa\u00f1eras, porque a pesar de ese dulce gesto que ponen los medios la gobernadora Vidal en la provincia hubo mas de tres mil despidos\u201d.<\/p>\n<p style=\"text-align: justify;\">\u201cA pesar de que nos atacan, de que utilizan el consenso de las urnas para transferir riquezas a los grupos concentrados, de que cada vez nos sobra menos plata, de que en cada lugar de trabajo estamos cada vez peor, y a pesar que intentan trabajar nuestra moral sembrando la desesperanza, la divisi\u00f3n, la gobernadora Vidal so\u00f1aba transitar un oto\u00f1o tranquilo para llevar caminando el ajuste en la provincia de Buenos Aires, y en este oto\u00f1o hay mas de 50 mil voluntades diciendo que en la provincia de Buenos Aires el ajuste y el sin futuro no va a pasar\u201d.<\/p>\n<p style=\"text-align: justify;\"><span class=\"spip_document_26171 spip_documents spip_documents_right\"><img loading=\"lazy\" decoding=\"async\" src=\"http:\/\/www.agenciacta.org\/IMG\/jpg\/Foto04w03.jpg\" alt=\"\" width=\"420\" height=\"282\" \/><\/span>\u201cEsta potencialidad que tenemos la tenemos que poner al servicio de ir a buscar los otros miles que todav\u00eda necesitamos para dejar de resistir y empezar a plantear escenarios que nos permitan ganar, por eso compa\u00f1eros y compa\u00f1eras hacer asambleas comunitarias en los lugares de trabajo, en las calles, el todos los barrios, y si la actitud de este gobierno no cambia llamar a una movilizaci\u00f3n de los bonaerenses para el mes de junio\u201d, concluy\u00f3 de Isasi.<\/p>\n<p style=\"text-align: justify;\">Marcelo Balcedo, secretario general del SOEME bonaerense, afirm\u00f3 que \u201choy estamos ac\u00e1 para fortalecer la unidad de todo el movimiento obrero, para demostrarle que todos los trabajadores de la provincia de Buenos Aires vamos a pelear unidos. A partir de ahora esta uni\u00f3n sindical que se est\u00e1 gestando va a seguir creciendo, van a tener que negociar con toda esta mesa unificada\u201d.<\/p>\n<p style=\"text-align: justify;\">\u201cVidal abr\u00ed los ojos, mis compa\u00f1eros est\u00e1n por debajo de la l\u00ednea de indigencia. Una persona no puede comer con 8300 pesos por mes. La provincia en realidad es una provincia de miseria, de hambre, no como quiere hacer ver la gobernadora\u201d.<\/p>\n<p style=\"text-align: justify;\">Por su parte la vicepresidenta de CICOP, Marta M\u00e1rquez, indic\u00f3 que \u201ctenemos algo que nos une, defendemos lo p\u00fablico con nuestro cuerpo. Garantizamos que haya educaci\u00f3n, que haya salud, que haya justicia. Esto es lo que nosotros defendemos, por eso salimos a la calle cuando lo amenazan. Porque el gobierno en vez de pensar en los trabajadores y en las organizaciones barriales, que tambi\u00e9n est\u00e1n con nosotros ac\u00e1 en la calle, piensan en beneficiar a sus amigos, en llenar los bolsillos de un grupo econ\u00f3mico\u201d.<\/p>\n<p style=\"text-align: justify;\">\u201cLos hospitales se humanizan cuando se respetan los derechos de los pacientes, cuando se respetan los derechos de los trabajadores, cuando trabajamos en condiciones dignas, cuando tenemos insumos, cuando no tenemos que cerrar \u00e1reas sensibles como neonatolog\u00eda. Les pedimos a los ministros que abran las ventanas y no minimicen la lucha de los trabajadores\u201d, finaliz\u00f3 M\u00e1rquez.<\/p>\n<p style=\"text-align: justify;\"><span class=\"spip_document_26173 spip_documents spip_documents_right\"><img loading=\"lazy\" decoding=\"async\" src=\"http:\/\/www.agenciacta.org\/IMG\/jpg\/Foto09w05.jpg\" alt=\"\" width=\"420\" height=\"261\" \/><\/span>Asimismo Juan Carlos Alderete, dirigente de la organizaci\u00f3n Corriente Clasista y Combativa, resalt\u00f3 que \u201cvamos a luchar para que no nos dividan, hay que pararle la mano a esta pol\u00edtica de ajuste contra el pueblo. Y para eso tenemos que fortalecer nuestra unidad y profundizar nuestra lucha. Nuestra organizaci\u00f3n, como lo ha hecho durante muchos a\u00f1os junto a los docentes, junto a los estatales, junto a los trabajadores, estamos preparados, si ellos siguen siendo duros, a hacer cortes de ruta por tiempo indeterminado\u201d.<\/p>\n<p style=\"text-align: justify;\">Al mismo tiempo Gustavo Gimenez, coordinador del Movimiento Teresa Vive, resalt\u00f3 que \u201cesto es una continuidad de lucha que va creciendo en unidad. Es una verg\u00fcenza que esta gobernadora ose hablar de los pobres, cuando los que tienen que entregar los alimentos a los comedores en cinco meses lo han hecho solo una vez. Es una verg\u00fcenza que a los compa\u00f1eros de la cooperativa Argentina Trabaja se les haya aumentado el 20 por ciento cuando la inflaci\u00f3n es del 40 por ciento. Se les tendr\u00eda que caer la cara de verg\u00fcenza a estos c\u00ednicos que gobiernan la provincia y el pa\u00eds\u201d.<\/p>\n<p style=\"text-align: justify;\">\u201ces una pelea dura contra los planes de ajuste, como esta ley de emergencia administrativa, votada por Cambiemos, el Frente Renovador, diputados del Partido Justicialista, que no solo liquida y flexibiliza aun mas el trabajo de los contratados y les impide acceder a planta, tambi\u00e9n hace un viva la pepa con la obra p\u00fablica para entreg\u00e1rsela sin licitaci\u00f3n a los empresarios amigos. Lo contrario a lo que pedimos nosotros que es que plan de obra p\u00fablica que tenga la provincia sea para reactivar el empleo y terminar con la desocupaci\u00f3n tremenda que es el motivo de la pobreza\u201d.<\/p>\n<p style=\"text-align: justify;\">Por \u00faltimo Pablo Abramovich, secretario General de la Asociaci\u00f3n Judicial Bonaerense, admiti\u00f3 que \u201clos trabajadores judiciales, que venimos transitando y llenando las calles de la provincia desde hace meses, estamos orgullosamente satisfechos de esta movilizaci\u00f3n de mas de 50 mil trabajadores y trabajadoras estatales de toda la provincia. La gobernadora, a ra\u00edz de la lucha que venimos llevando los trabajadores y trabajadoras en la provincia, sali\u00f3 a decir en los medios que los judiciales fueron convocados a paritaria el pr\u00f3ximo lunes, esperemos que as\u00ed sea y que nos llegue la citaci\u00f3n\u201d.<\/p>\n<p style=\"text-align: justify;\">\u201cCuando haya uno, dos o tres gremios que perforen ese techo que la gobernadora nos quiere imponer esto va a significar un aumento significativo del salario de todos nosotros. Estamos empezando a ver la luz al final del t\u00fanel, y por eso tenemos que estar unidos para garantizar que transitemos estas \u00faltimas semanas de conflicto con fuerza. Porque estamos convencidos, a pesar de las diferencias y matices, que no hay gobierno que se banque la unidad de los trabajadores\u201d, concluy\u00f3 Abramovich.<\/p>\n<p style=\"text-align: justify;\">Luego de la movilizaci\u00f3n compa\u00f1eros y compa\u00f1eras de algunas organizaciones se quedaron haciendo una vigilia en la puerta de la Legislatura para garantizar que no se apruebe la ley de emergencia administrativa y tecnol\u00f3gica, afirmando que si esta ley es aprobada estar\u00edan traicionando a los trabajadores.<\/p>\n<p style=\"text-align: justify;\"><strong>Prensa CTA Buenos Aires<\/strong><\/p>\n<p style=\"text-align: justify;\"><strong>Fotograf\u00eda: Walter Piedras<\/strong><\/p>\n","protected":false},"excerpt":{"rendered":"ATE, AJB, CICOP, el Frente Gremial Docente y SOEME son algunos de los sindicatos que participan de la masiva movilizaci\u00f3n de hoy, contra \n<a class=\"moretag\" href=\"https:\/\/ctainternacionales.org\/?p=3514\"> [...]<\/a>","protected":false},"author":1,"featured_media":0,"comment_status":"closed","ping_status":"closed","sticky":false,"template":"","format":"standard","meta":{"ngg_post_thumbnail":0,"footnotes":""},"categories":[],"tags":[],"class_list":["post-3514","post","type-post","status-publish","format-standard","hentry"],"_links":{"self":[{"href":"https:\/\/ctainternacionales.org\/index.php?rest_route=\/wp\/v2\/posts\/3514","targetHints":{"allow":["GET"]}}],"collection":[{"href":"https:\/\/ctainternacionales.org\/index.php?rest_route=\/wp\/v2\/posts"}],"about":[{"href":"https:\/\/ctainternacionales.org\/index.php?rest_route=\/wp\/v2\/types\/post"}],"author":[{"embeddable":true,"href":"https:\/\/ctainternacionales.org\/index.php?rest_route=\/wp\/v2\/users\/1"}],"replies":[{"embeddable":true,"href":"https:\/\/ctainternacionales.org\/index.php?rest_route=%2Fwp%2Fv2%2Fcomments&post=3514"}],"version-history":[{"count":2,"href":"https:\/\/ctainternacionales.org\/index.php?rest_route=\/wp\/v2\/posts\/3514\/revisions"}],"predecessor-version":[{"id":3520,"href":"https:\/\/ctainternacionales.org\/index.php?rest_route=\/wp\/v2\/posts\/3514\/revisions\/3520"}],"wp:attachment":[{"href":"https:\/\/ctainternacionales.org\/index.php?rest_route=%2Fwp%2Fv2%2Fmedia&parent=3514"}],"wp:term":[{"taxonomy":"category","embeddable":true,"href":"https:\/\/ctainternacionales.org\/index.php?rest_route=%2Fwp%2Fv2%2Fcategories&post=3514"},{"taxonomy":"post_tag","embeddable":true,"href":"https:\/\/ctainternacionales.org\/index.php?rest_route=%2Fwp%2Fv2%2Ftags&post=3514"}],"curies":[{"name":"wp","href":"https:\/\/api.w.org\/{rel}","templated":true}]}}