{"id":3508,"date":"2016-05-13T15:21:42","date_gmt":"2016-05-13T18:21:42","guid":{"rendered":"http:\/\/www.ctainternacionales.org\/?p=3508"},"modified":"2016-05-13T17:56:41","modified_gmt":"2016-05-13T20:56:41","slug":"nuestro-rechazo-es-rotundo-fito-aguirre","status":"publish","type":"post","link":"https:\/\/ctainternacionales.org\/?p=3508","title":{"rendered":"Nuestro rechazo es rotundo -Fito Aguirre-"},"content":{"rendered":"<p style=\"text-align: justify;\">Recibimos con alarmante preocupaci\u00f3n pero lamentablemente sin sorpresa, la novedad de la votaci\u00f3n favorable a la separaci\u00f3n de Dilma Rousseff por 180 d\u00edas del cargo de primera mandataria. Nuestro rechazo es rotundo: se trata de la consumaci\u00f3n del ataque cobarde propinado a la democracia brasile\u00f1a, que echa por tierra el mandato popular a trav\u00e9s del cual 54 millones de brasile\u00f1os consagraron por v\u00eda de las urnas a Dilma Rousseff como Presidenta.<!--more--><\/p>\n<p style=\"text-align: justify;\"><a href=\"http:\/\/www.ctainternacionales.org\/wp-content\/uploads\/2016\/05\/chapa.jpg\" rel=\"attachment wp-att-3509\"><img loading=\"lazy\" decoding=\"async\" class=\"aligncenter size-thumbnail wp-image-3509\" src=\"http:\/\/www.ctainternacionales.org\/wp-content\/uploads\/2016\/05\/chapa-307x109.jpg\" alt=\"chapa\" width=\"307\" height=\"109\" \/><\/a>El voto a favor de Dilma, fue tambi\u00e9n un voto en favor de la democracia. A trav\u00e9s de un asedio constante desde hace meses, hoy se ha erigido a un vicepresidente con menos de 2% de respaldo popular como el cabeza del Poder Ejecutivo en Brasil, apoyado por los sectores m\u00e1s rancios del conservadurismo y la derecha sospechados de corrupci\u00f3n y cr\u00edmenes fiscales. A este golpe contribuy\u00f3 parte del empresariado y la clase media, que no quiso entender y afrontar las reglas del juego democr\u00e1tico que los relegaron del poder por v\u00eda legitima. Hubo juicio, pero no hubo crimen, por tanto hubo golpe.<\/p>\n<p style=\"text-align: justify;\">Es un golpe que repercute a toda la regi\u00f3n por su intensidad: sienta el peor precedente para las aspiraciones democr\u00e1ticas y de justicia social de los pueblos.<\/p>\n<p style=\"text-align: justify;\">Frente a este escenario, no podemos caer en la resignaci\u00f3n, sino que cabe esforzarnos por replantear nuestra estrategia para recomponer el campo popular, que es la \u00fanica alternativa viable para hacer realidad nuestras aspiraciones de crear sociedades m\u00e1s justas, apalancadas por la acci\u00f3n colectiva concreta y organizada, la movilizaci\u00f3n, la defensa de derechos adquiridos y la conquista de nuevas garant\u00edas siempre por la v\u00eda de la democracia y las instituciones. La unidad y la organizaci\u00f3n son el camino a la victoria, lo sabemos por experiencia propia en toda Am\u00e9rica Latina. M\u00e1s que nunca, fuerza en la lucha, cuentan con nuestro m\u00e1s sincero apoyo.<\/p>\n<p style=\"text-align: justify;\">Hoy decimos,<\/p>\n<p style=\"text-align: justify;\">\u00a1Lutar e resistir\u00bb!<\/p>\n<p style=\"text-align: justify;\">* Secretario de Relaciones Internacionales de la CTA Coordinador del Foro por los Derechos de la Ni\u00f1ez, la Adolescencia y la Juventud de la Provincia de Buenos Aires<\/p>\n","protected":false},"excerpt":{"rendered":"Recibimos con alarmante preocupaci\u00f3n pero lamentablemente sin sorpresa, la novedad de la votaci\u00f3n favorable a la separaci\u00f3n de Dilma Rousseff por 180 d\u00edas \n<a class=\"moretag\" href=\"https:\/\/ctainternacionales.org\/?p=3508\"> [...]<\/a>","protected":false},"author":1,"featured_media":0,"comment_status":"closed","ping_status":"closed","sticky":false,"template":"","format":"standard","meta":{"ngg_post_thumbnail":0,"footnotes":""},"categories":[],"tags":[],"class_list":["post-3508","post","type-post","status-publish","format-standard","hentry"],"_links":{"self":[{"href":"https:\/\/ctainternacionales.org\/index.php?rest_route=\/wp\/v2\/posts\/3508","targetHints":{"allow":["GET"]}}],"collection":[{"href":"https:\/\/ctainternacionales.org\/index.php?rest_route=\/wp\/v2\/posts"}],"about":[{"href":"https:\/\/ctainternacionales.org\/index.php?rest_route=\/wp\/v2\/types\/post"}],"author":[{"embeddable":true,"href":"https:\/\/ctainternacionales.org\/index.php?rest_route=\/wp\/v2\/users\/1"}],"replies":[{"embeddable":true,"href":"https:\/\/ctainternacionales.org\/index.php?rest_route=%2Fwp%2Fv2%2Fcomments&post=3508"}],"version-history":[{"count":1,"href":"https:\/\/ctainternacionales.org\/index.php?rest_route=\/wp\/v2\/posts\/3508\/revisions"}],"predecessor-version":[{"id":3510,"href":"https:\/\/ctainternacionales.org\/index.php?rest_route=\/wp\/v2\/posts\/3508\/revisions\/3510"}],"wp:attachment":[{"href":"https:\/\/ctainternacionales.org\/index.php?rest_route=%2Fwp%2Fv2%2Fmedia&parent=3508"}],"wp:term":[{"taxonomy":"category","embeddable":true,"href":"https:\/\/ctainternacionales.org\/index.php?rest_route=%2Fwp%2Fv2%2Fcategories&post=3508"},{"taxonomy":"post_tag","embeddable":true,"href":"https:\/\/ctainternacionales.org\/index.php?rest_route=%2Fwp%2Fv2%2Ftags&post=3508"}],"curies":[{"name":"wp","href":"https:\/\/api.w.org\/{rel}","templated":true}]}}