{"id":3500,"date":"2016-05-13T14:38:12","date_gmt":"2016-05-13T17:38:12","guid":{"rendered":"http:\/\/www.ctainternacionales.org\/?p=3500"},"modified":"2016-05-13T14:38:25","modified_gmt":"2016-05-13T17:38:25","slug":"no-reconocemos-golpistas-y-seguiremos-en-lucha-por-nuestros-derechos","status":"publish","type":"post","link":"https:\/\/ctainternacionales.org\/?p=3500","title":{"rendered":"No reconocemos golpistas y seguiremos en lucha por nuestros derechos"},"content":{"rendered":"<div class=\"crayon article-texte-19783 textoa\">\n<p style=\"text-align: justify;\"><strong>En nota, CUT resalta que gobierno ileg\u00edtimo de Temer no tendr\u00e1 vida f\u00e1cil para retirar conquistas de\u00a0\u00a0 la clase trabajadora.<\/strong><\/p>\n<p style=\"text-align: justify;\">\n<\/div>\n<p style=\"text-align: justify;\"><!--more--><\/p>\n<p style=\"text-align: justify;\"><a href=\"http:\/\/www.ctainternacionales.org\/wp-content\/uploads\/2016\/05\/CiQHtuvWgAAFS0x.jpg\" rel=\"attachment wp-att-3501\"><img loading=\"lazy\" decoding=\"async\" class=\"aligncenter size-thumbnail wp-image-3501\" src=\"http:\/\/www.ctainternacionales.org\/wp-content\/uploads\/2016\/05\/CiQHtuvWgAAFS0x-307x308.jpg\" alt=\"CiQHtuvWgAAFS0x\" width=\"307\" height=\"308\" \/><\/a>En reuni\u00f3n plenaria del Senado, realizada hoy d\u00eda 11 de mayo, fue aprobado por 55 votos favorables contra 22 negativos, la admisibilidad del impeachment a la Presidenta Dilma, quien fue alejada de su cargo por un per\u00edodo de hasta 180 d\u00edas, para que el proceso sea conclu\u00eddo. Se llega as\u00ed, a los momentos finales del m\u00e1s infame golpe cometido contra la democracia brasilera, desde que ella fue reconquistada por el pueblo brasilero al derrotar en los a\u00f1os ochenta a la dictadura militar.<\/p>\n<p style=\"text-align: justify;\">La CUT viene protagonizando, junto con las fuerzas democr\u00e1tico-populares representadas por el Frente Brasil Popular y por el Frente Pueblo Sin Miedo, una larga lucha de resistencia contra la iniciativa de las fuerzas conservadoras brasileras que usan la farsa del impeachment para usurpar el poder conquistado en las urnas por la Presidenta Dilma, sin que ella haya cometido ning\u00fa crimen de responsabilidad. Eso es golpe.<\/p>\n<p style=\"text-align: justify;\">Al dar continuidad al ritual prescrito por el poder judicial los senadores, entre los cuales varios est\u00e1n siendo investigados bajo la sospecha del crimen, condenaron a una inocente. Esto es inaceptable y mancha de forma vergonzosa, nuestra historia republicana.<\/p>\n<p style=\"text-align: justify;\">El golpe fue constru\u00eddo por las fuerzas conservadoras, instigado por los medios de comunicaci\u00f3n oligopolizados y financiado por empresarios nacionales que quieren retirar los derechos de la clase trabajadora, as\u00ed como por empresas multinacionales interesadas en la privatizaci\u00f3n de empresas brasileras y de nuestras riquezas naturales, como el Pr\u00e9-Sal. Han sido apoyados por sectores reaccionarios de clase media con sus pat\u00e9ticas manifestaciones y su rito fue formalizado por el poder judicial. Fue conducido en su primera fase de forma escandalosa por la C\u00e1mara de Diputados y est\u00e1 siendo finalizado ahora por el Senado, cuya mayor\u00eda capitula ante la presi\u00f3n del poder econ\u00f3mico, torn\u00e1ndose c\u00f3mplice de la ruptura del orden democr\u00e1tico. Al contrario de la informaci\u00f3n que propagan los grandes medios de que nuestras instituciones contin\u00faan s\u00f3lidas, la farsa del impeachment revela a qu\u00e9 estado de descomposici\u00f3n ellas llegaron.<\/p>\n<p style=\"text-align: justify;\">LA CUT no reconoce al gobierno Temer y lo condena como ileg\u00edtimo, por no respetar la voluntad de la mayor\u00eda de los ciudadanos brasile\u00f1os que eligieron a la Presidenta Dilma con 54 millonees de votos en 2014, que es el \u00fanico gobierno electo y leg\u00edtimo. Junto a las fuerzas democr\u00e1ticas-populares por la FBP y por la FPSM, resistiremos a toda y cualquier iniciativa de criminalizar los movimientos sociales, de retirar derechos de los y las trabajadoras. Combatiremos medidas ya anunciadas tendientes a precarizar las relaciones de trabajo, disminuir las inversiones en pol\u00edticas sociales, bajar los salarios, acabar con la pol\u00edtica de valorizaci\u00f3n del salario m\u00ednimo, privatizar estatales y anular \u00e1reas constitucionales obligatorias como salud y educaci\u00f3n, empeorando la calidad de las pol\u00edticas p\u00fablicas. No aceptaremos que la clase trabajadora y los sectores m\u00e1s pobres de la poblaci\u00f3n sean cargados con m\u00e1s sacrificios. La CUT resistir\u00e1 igualmente a cualquier iniciativa de abdicar la soberan\u00eda nacional delante de los centros imperialistas.<\/p>\n<p style=\"text-align: justify;\">Llamamos a nuestras bases a resistir al gobierno de Temer. Luchamos hasta ahora contra el golpe y continuaremos luchando, en las calles y en los locales de trabajo, para reconducir el pa\u00eds al Estado de Derecho, al regimen democr\u00e1tico y para fortalecer al pueblo, de donde emana todo el poder, para efectuar la necesaria reforma de nuestras instituciones pol\u00edticas.<\/p>\n<p style=\"text-align: justify;\">No al Golpe! Fuera Temer! No toquen nuestros derechos!<\/p>\n<p style=\"text-align: justify;\">Direcci\u00f3n ejecutiva de la CUT<\/p>\n","protected":false},"excerpt":{"rendered":"En nota, CUT resalta que gobierno ileg\u00edtimo de Temer no tendr\u00e1 vida f\u00e1cil para retirar conquistas de\u00a0\u00a0 la clase trabajadora.\n<a class=\"moretag\" href=\"https:\/\/ctainternacionales.org\/?p=3500\"> [...]<\/a>","protected":false},"author":1,"featured_media":0,"comment_status":"closed","ping_status":"closed","sticky":false,"template":"","format":"standard","meta":{"ngg_post_thumbnail":0,"footnotes":""},"categories":[],"tags":[],"class_list":["post-3500","post","type-post","status-publish","format-standard","hentry"],"_links":{"self":[{"href":"https:\/\/ctainternacionales.org\/index.php?rest_route=\/wp\/v2\/posts\/3500","targetHints":{"allow":["GET"]}}],"collection":[{"href":"https:\/\/ctainternacionales.org\/index.php?rest_route=\/wp\/v2\/posts"}],"about":[{"href":"https:\/\/ctainternacionales.org\/index.php?rest_route=\/wp\/v2\/types\/post"}],"author":[{"embeddable":true,"href":"https:\/\/ctainternacionales.org\/index.php?rest_route=\/wp\/v2\/users\/1"}],"replies":[{"embeddable":true,"href":"https:\/\/ctainternacionales.org\/index.php?rest_route=%2Fwp%2Fv2%2Fcomments&post=3500"}],"version-history":[{"count":1,"href":"https:\/\/ctainternacionales.org\/index.php?rest_route=\/wp\/v2\/posts\/3500\/revisions"}],"predecessor-version":[{"id":3502,"href":"https:\/\/ctainternacionales.org\/index.php?rest_route=\/wp\/v2\/posts\/3500\/revisions\/3502"}],"wp:attachment":[{"href":"https:\/\/ctainternacionales.org\/index.php?rest_route=%2Fwp%2Fv2%2Fmedia&parent=3500"}],"wp:term":[{"taxonomy":"category","embeddable":true,"href":"https:\/\/ctainternacionales.org\/index.php?rest_route=%2Fwp%2Fv2%2Fcategories&post=3500"},{"taxonomy":"post_tag","embeddable":true,"href":"https:\/\/ctainternacionales.org\/index.php?rest_route=%2Fwp%2Fv2%2Ftags&post=3500"}],"curies":[{"name":"wp","href":"https:\/\/api.w.org\/{rel}","templated":true}]}}