{"id":3497,"date":"2016-05-13T14:24:53","date_gmt":"2016-05-13T17:24:53","guid":{"rendered":"http:\/\/www.ctainternacionales.org\/?p=3497"},"modified":"2016-05-13T14:25:12","modified_gmt":"2016-05-13T17:25:12","slug":"historica-movilizacion-contra-el-ajuste-y-en-defensa-de-la-universidad-publica","status":"publish","type":"post","link":"https:\/\/ctainternacionales.org\/?p=3497","title":{"rendered":"Hist\u00f3rica movilizaci\u00f3n contra el ajuste y en defensa de la universidad p\u00fablica"},"content":{"rendered":"<p style=\"text-align: justify;\">En una jornada hist\u00f3rica para la educaci\u00f3n universitaria; docentes, no docentes, alumnos y graduados se movilizaron ayer al Ministerio de Educaci\u00f3n y a la Plaza de Mayo para dar un claro mensaje en defensa de la educaci\u00f3n p\u00fablica, gratuita, cient\u00edfica y popular en nuestro pa\u00eds. Entre las columnas que marcharon, la CONADU Hist\u00f3rica en su d\u00eda de paro n\u00famero 19 hizo sentir su fuerza junto las otras cinco federaciones y a la CTA Aut\u00f3noma.<!--more--><\/p>\n<p style=\"text-align: justify;\"><a href=\"http:\/\/www.ctainternacionales.org\/wp-content\/uploads\/2016\/05\/9017446_orig.jpg\" rel=\"attachment wp-att-3498\"><img loading=\"lazy\" decoding=\"async\" class=\"aligncenter size-full wp-image-3498\" src=\"http:\/\/www.ctainternacionales.org\/wp-content\/uploads\/2016\/05\/9017446_orig.jpg\" alt=\"9017446_orig\" width=\"300\" height=\"341\" \/><\/a>Contra el desfinanciamiento del sistema universitario, por docentes con sueldos dignos, por m\u00e1s becas, por m\u00e1s proyectos de extensi\u00f3n, recursos para infraestructura, por un boleto estudiantil gratuito; miles y miles de j\u00f3venes recorrieron las calles de la Ciudad Aut\u00f3noma de Buenos Aires en una jornada que todos recordaremos como hist\u00f3rica.<\/p>\n<p style=\"text-align: justify;\">Acompa\u00f1aron a los docentes universitarios en esta movilizaci\u00f3n multitudinaria, miembros del secretariado nacional de la CTA Aut\u00f3noma. Entre ellos, el secretario Adjunto, Ricardo Peidro; el secretario de Relaciones Internacionales, Adolfo \u00abFito\u00bb Aguirre, y el secretario General de ATE Nacional, Hugo \u00abCachorro\u00bb Godoy.<\/p>\n<p style=\"text-align: justify;\">Luis Tiscornia, secretario General de CONADU Hist\u00f3rica, dijo a ACTA: \u00abTodos entendimos que hay que marcarle la cancha al gobierno de Macri: que hay ajuste, que no hay aumento salarial, que corre peligro el futuro de m\u00e1s de un mill\u00f3n y medio de chicos y chicas que est\u00e1n estudiando en la universidad que ven c\u00f3mo empiezan otra vez a tomar fuerza los discursos de arancelar, de poner cupo en los ingresos\u00bb.<\/p>\n<p style=\"text-align: justify;\">\u00abEstamos todos juntos ac\u00e1 para decirle que no se meta con las becas, los salarios docentes, el ingreso irrestricto, que son todas cosas que nosotros vamos a defender\u00bb, afirm\u00f3 Tiscronia y advirti\u00f3: \u00abSi siguen as\u00ed le va a pasar lo que a De La R\u00faa cuando L\u00f3pez Murphi quiso hacer el ajuste, que dur\u00f3 dos meses al frente del Ministerio\u00bb.<\/p>\n<p style=\"text-align: justify;\">Por su parte, Claudia Baigrorria como miembro de la conducci\u00f3n de la CTA Aut\u00f3noma y secretaria de Formaci\u00f3n de CONADU Hist\u00f3rica reafirm\u00f3 el compromiso de la Central de acompa\u00f1ar los reclamos de los trabajadores de todos los sectores: \u00abEs estrat\u00e9gico para nosotros como Central, teniendo a la Federaci\u00f3n de Docentes Universitarios y la Federaci\u00f3n Nacional Docente, defender la educaci\u00f3n p\u00fablica que hoy est\u00e1 en serio riesgo, pero tambi\u00e9n por el desprecio que parece haber con los docentes universitarios ante la imposibilidad de cerrar una paritaria cuando nuestro salario est\u00e1 por debajo de la canasta familiar\u00bb.<\/p>\n<p style=\"text-align: justify;\">\u00abEs de un criterio muy elitista tratar de cercenar derechos fundamentales de lo que fue, incluso, la Reforma del \u201918 como lo es la educaci\u00f3n gratuita y el ingreso irrestricto\u00bb, denunci\u00f3 Baigorria y aventur\u00f3: \u00abVamos a seguir en la calle, vamos a seguir pronunciandonos y tendr\u00e1 que entender este gobierno que con la educaci\u00f3n p\u00fablica no se jode\u00bb.<\/p>\n<p style=\"text-align: justify;\">La CTA Aut\u00f3noma de Misiones march\u00f3 junto a docentes, estudiantes y no docentes en defensa de la Universidad P\u00fablica<br \/>\nEn Misiones como en todo el pa\u00eds, docentes, estudiantes, no docentes se movilizaron en repudio al ajuste que pone en riesgo el funcionamiento de las universidades nacionales y en adhesi\u00f3n al reclamo salarial de los docentes. La marcha convocada por la CONADU Hist\u00f3rica y sectores estudiantiles fue precedida por clases p\u00fablicas y asambleas.<\/p>\n<p style=\"text-align: justify;\">A las 16, en coincidencia con la marcha nacional, docentes, estudiantes, no docentes comenzaron a marchar en Posadas en defensa de la Universidad P\u00fablica y en adhesi\u00f3n a las reivindicaciones salariales de los docentes universitarios. \u201cNuevamente hoy estemos sufriendo un nuevo ajuste, no podemos permitir, el gobierno entreg\u00f3 300 mil millones a las mineras, a la petrolera, a los grandes terratenientes, le han pagado a los fondos buitres, antes le han pagado al Fondo Monetario Internacional. No tienen verg\u00fcenza al decir que no tienen presupuesto\u201d, destac\u00f3 V\u00edctor Rosenfeld del Frente Gremial Independiente y secretario adjunto de la CTA Aut\u00f3noma de Misiones.<\/p>\n<p style=\"text-align: justify;\">Rosenfeld docente de la Facultad de Humanidades y Ciencias Sociales advirti\u00f3 que \u201cla lucha va a ser muy larga y no debe haber divisiones entre los docentes y estudiantes, tenemos que estar todos juntos, sabemos que los estudiantes van a sufrir porque existen posibilidades de perder un semestre. No podemos dejar que nos aplasten y si nos aplastan destruyen la universidad. As\u00ed que tenemos que seguir con fuerzas compa\u00f1eros.<\/p>\n<p style=\"text-align: justify;\">La semana de protesta de los docentes de las Universidades Nacionales convocada por la CONADUH gremio de base de la CTA Aut\u00f3noma cont\u00f3 en Misiones con la movilizaci\u00f3n adem\u00e1s de estudiantes quienes participaron de manera activa en las clases p\u00fablicas, mateadas, y todas las instancias de visibilizaci\u00f3n del este reclamo.<\/p>\n<p style=\"text-align: justify;\">El secretario general de CTA Aut\u00f3noma de Misiones, enfermero universitario, egresado de la Universidad Nacional de Misiones, Jorge \u00abKoki\u00bb Duarte, destac\u00f3 la necesidad que tiene la clase trabajadora de que las Universidades est\u00e9n abiertas y al servicio de las necesidades de la comunidad de la que forman parte.<\/p>\n<p style=\"text-align: justify;\">\u201cQuiero saludar muy particularmente saludar a los estudiantes la universidad p\u00fablica debe estar abierta al pueblo y a la clase trabajadora, en un momento la universidad fue un lugar, donde algunos con privilegiados ten\u00edan acceso al estudio universitario, gracias a la lucha estudiantil, reformando la posibilidad y el acceso a la universidad por parte de la clase menos pudiente, muchos hijos de los trabajadores han logrado tener una formaci\u00f3n universitaria. Nosotros estamos dispuestos a seguir luchando por esa universidad que este de cara al pueblo\u201d, remarc\u00f3.<\/p>\n<p style=\"text-align: justify;\">La multitudinaria marcha finaliz\u00f3 con un fuerte llamado a la unidad de todos los claustros para la defensa de la Universidad P\u00fablica y para resistir la pol\u00edtica de ajuste que ya puede verse en \u00e1reas muy sensibles como los comedores universitarios.<\/p>\n<p style=\"text-align: justify;\">Alicia Rivas Zelaya, Equipo de Comunicaci\u00f3n de la CTA Misiones<\/p>\n","protected":false},"excerpt":{"rendered":"En una jornada hist\u00f3rica para la educaci\u00f3n universitaria; docentes, no docentes, alumnos y graduados se movilizaron ayer al Ministerio de Educaci\u00f3n y a \n<a class=\"moretag\" href=\"https:\/\/ctainternacionales.org\/?p=3497\"> [...]<\/a>","protected":false},"author":1,"featured_media":0,"comment_status":"closed","ping_status":"closed","sticky":false,"template":"","format":"standard","meta":{"ngg_post_thumbnail":0,"footnotes":""},"categories":[],"tags":[],"class_list":["post-3497","post","type-post","status-publish","format-standard","hentry"],"_links":{"self":[{"href":"https:\/\/ctainternacionales.org\/index.php?rest_route=\/wp\/v2\/posts\/3497","targetHints":{"allow":["GET"]}}],"collection":[{"href":"https:\/\/ctainternacionales.org\/index.php?rest_route=\/wp\/v2\/posts"}],"about":[{"href":"https:\/\/ctainternacionales.org\/index.php?rest_route=\/wp\/v2\/types\/post"}],"author":[{"embeddable":true,"href":"https:\/\/ctainternacionales.org\/index.php?rest_route=\/wp\/v2\/users\/1"}],"replies":[{"embeddable":true,"href":"https:\/\/ctainternacionales.org\/index.php?rest_route=%2Fwp%2Fv2%2Fcomments&post=3497"}],"version-history":[{"count":1,"href":"https:\/\/ctainternacionales.org\/index.php?rest_route=\/wp\/v2\/posts\/3497\/revisions"}],"predecessor-version":[{"id":3499,"href":"https:\/\/ctainternacionales.org\/index.php?rest_route=\/wp\/v2\/posts\/3497\/revisions\/3499"}],"wp:attachment":[{"href":"https:\/\/ctainternacionales.org\/index.php?rest_route=%2Fwp%2Fv2%2Fmedia&parent=3497"}],"wp:term":[{"taxonomy":"category","embeddable":true,"href":"https:\/\/ctainternacionales.org\/index.php?rest_route=%2Fwp%2Fv2%2Fcategories&post=3497"},{"taxonomy":"post_tag","embeddable":true,"href":"https:\/\/ctainternacionales.org\/index.php?rest_route=%2Fwp%2Fv2%2Ftags&post=3497"}],"curies":[{"name":"wp","href":"https:\/\/api.w.org\/{rel}","templated":true}]}}