{"id":3488,"date":"2016-05-04T00:59:14","date_gmt":"2016-05-04T03:59:14","guid":{"rendered":"http:\/\/www.ctainternacionales.org\/?p=3488"},"modified":"2016-05-04T01:00:28","modified_gmt":"2016-05-04T04:00:28","slug":"biblias-toros-balas","status":"publish","type":"post","link":"https:\/\/ctainternacionales.org\/?p=3488","title":{"rendered":"Biblias, toros, balas"},"content":{"rendered":"<p>La Raz\u00f3n (Edici\u00f3n Impresa) \/ Mariano V\u00e1zquez<br \/>\n02 de mayo de 2016<\/p>\n<p>Se trata del Congreso m\u00e1s conservador desde la recuperaci\u00f3n de la democracia en Brasil en 1985. Predominan los representantes de los agronegocios, del fundamentalismo religioso, de la banca, y de las fuerzas de seguridad.<!--more--><\/p>\n<p><a href=\"http:\/\/www.ctainternacionales.org\/wp-content\/uploads\/2016\/05\/11214094_10153816568701564_2793833533700397931_n.jpg\" rel=\"attachment wp-att-3490\"><img loading=\"lazy\" decoding=\"async\" class=\"aligncenter size-thumbnail wp-image-3490\" src=\"http:\/\/www.ctainternacionales.org\/wp-content\/uploads\/2016\/05\/11214094_10153816568701564_2793833533700397931_n-307x173.jpg\" alt=\"11214094_10153816568701564_2793833533700397931_n\" width=\"307\" height=\"173\" \/><\/a><a href=\"http:\/\/www.ctainternacionales.org\/wp-content\/uploads\/2016\/05\/12096437_1625996247681741_1783647683826921934_n.jpg\" rel=\"attachment wp-att-3489\"><br \/>\n<\/a>Se la conoce como la Bancada BBB \u2014Biblia, Boi (toro), Balas\u2014, as\u00ed la bautiz\u00f3 la diputada Erika Kokay del Partido de los Trabajadores (PT), y los proyectos de este grupo as\u00ed lo corroboran: baja de edad de imputabilidad para menores, portaci\u00f3n libre de armas de fuego, Estatuto de la Familia, reversi\u00f3n de la propiedad de tierras de los indios, aborto como crimen hediondo y penalizaci\u00f3n para los m\u00e9dicos que lo practiquen, D\u00eda del Orgullo Hetero, y m\u00e1s de 55 proyectos de ley que afectan a trabajadores, a su capacidad de negociar colectivamente y defender sus derechos, entre otros. Dominan de manera escandalosa el Congreso de Brasil.<\/p>\n<p>El Departamento Intersindical de Asesor\u00eda Parlamentaria (DIAP), que fiscaliza desde las organizaciones de trabajadores qu\u00e9 hacen y qui\u00e9nes son los diputados y senadores, public\u00f3 en 2015 dos pormenorizados informes: Radiograf\u00eda del nuevo Congreso. Legislatura 2015-2019 y Las \u2018Cabezas\u2019 del Congreso Nacional. Una investigaci\u00f3n sobre los 100 parlamentarios m\u00e1s influyentes. Dos botones de muestra del poder intimidante de la triple B.<\/p>\n<p>El DIAP se\u00f1ala que de 513 diputados y 81 senadores que componen el Congreso, 251 son empresarios, 127 son hacendados, 55 son militares o polic\u00edas, 78 son evang\u00e9licos. Advertimos que muchos de estos representantes portan las cuatro categor\u00edas. En el otro extremo, apenas 49 son sindicalistas, 3 son campesinos y 64 son mujeres.<\/p>\n<p>Ampl\u00eda este cuadro el secretario general del Movimiento Sin Tierra (MST), Jo\u00e3o Pedro Stedile, quien afirma que este Congreso no representa a la diversidad de Brasil, \u201cporque el 60% de la poblaci\u00f3n es negra y mulata y solo hay un 3% en el Parlamento; porque en el pa\u00eds solo el 3% son empresarios, pero en el Legislativo son la mitad de los representantes; porque el 58% de la poblaci\u00f3n tiene menos de 35 a\u00f1os, pero esta franja solo tiene el 7%\u201d. Pero entonces, \u00bfpor qu\u00e9 fue tan votada la Bancada BBB?<\/p>\n<p>Para el soci\u00f3logo y periodista de Tv Drone Andr\u00e9 Takahashi \u201cexisten varios motivos para tener un Congreso tan conservador\u201d, pero considera como principal el \u201cfortalecimiento de los pol\u00edticos evang\u00e9licos a trav\u00e9s de su se\u00f1al de televisi\u00f3n Record, el segundo canal de mayor audiencia en Brasil, luego de la Tv O Globo, creada por los militares\u201d.<\/p>\n<p>\u201cEsto medios \u2014advierte Takahashi\u2014 te bombardean con sus mensajes masivos e influyen. Tambi\u00e9n han crecido los programas policiales sensacionalistas, creando una cultura de miedo e inseguridad\u201d.<\/p>\n<p>A este fen\u00f3meno se suma el desgaste de 10 a\u00f1os de gobierno del PT, una crisis econ\u00f3mica brutal y los esc\u00e1ndalos de corrupci\u00f3n en la estatal Petrobras que \u201clos medios, que son extremadamente conservadores, aprovechan\u201d, se\u00f1ala este soci\u00f3logo y periodista, al tiempo que advierte que \u201chay una deuda enorme con la democratizaci\u00f3n de la comunicaci\u00f3n en el pa\u00eds\u201d.<\/p>\n<p>Un informe de la organizaci\u00f3n Transparencia Brasil, publicado luego de la escandalosa votaci\u00f3n del impeachment contra la presidenta de Brasil, Dilma Rousseff, indica que el 53,7% de los 513 diputados tiene acusaciones en la Justicia. En tanto que la cifra alcanza a 55,6% entre los 81 senadores.<\/p>\n<p>Ese domingo el mundo observ\u00f3 el car\u00e1cter fascista, racista y clasista de los diputados brasile\u00f1os, que fundamentaron su voto en la familia, en Dios, en los hijos, o por el fin del comunismo, del PT y de los sindicatos; votaron hasta por los viejos tiempos del Terrorismo de Estado.<\/p>\n<p>Fernando Francischini \u2014que parad\u00f3jicamente es polic\u00eda y a la vez vicepresidente de la segunda central sindical del pa\u00eds For\u00e7a Sindical\u2014 est\u00e1 acusado como perpetrador de una violenta represi\u00f3n contra maestros en huelga en abril de 2015, mientras fung\u00eda de jefe de Seguridad del Estado de Paran\u00e1. Vot\u00f3 \u201cs\u00ed\u201d al impeachment de esta manera: \u201cPor el fin de la facci\u00f3n criminal del Lulo-petismo, por el fin de la CUT (Central \u00danica de Trabajadores) y sus marginales\u201d.<\/p>\n<p>Tambi\u00e9n la exaltaci\u00f3n a la dictadura y la tortura se hizo presente. El diputado Jair Bolsonaro dijo: \u201cPerdieron en 1964 (a\u00f1o del golpe contra Jo\u00e3o Goulart) y van a perder ahora en 2016\u201d y rindi\u00f3 homenaje al comandante Carlos Alberto Brilhante Ustra (\u201cel pavor de Dilma\u201d, vocifer\u00f3), uno de los m\u00e1s brutales verdugos de la dictadura brasile\u00f1a, responsable del encarcelamiento ilegal y de las torturas contra Dilma Rousseff en los \u201970. Otros diputados hicieron con sus manos gestos de disparar contra la bancada del PT.<\/p>\n<p>El analista internacional Bruno Dobrusin afirma que esa votaci\u00f3n expuso \u201cal gran p\u00fablico no solo la profundidad del conflicto en Brasil, sino tambi\u00e9n la (des)composici\u00f3n del Congreso brasile\u00f1o como \u00e1mbito de debate. La forma de votaci\u00f3n fue \u00fanica en la historia, y el objetivo de quienes la dise\u00f1aron (Eduardo Cunha a la cabeza) era exponer a todos los diputados a la presi\u00f3n p\u00fablica. No solo logr\u00f3 ese objetivo, sino que tambi\u00e9n permiti\u00f3 tornar la votaci\u00f3n en un circo donde se combinaron el clasismo, el racismo y el sexismo por parte de la gran mayor\u00eda de quienes expresaron su voto a favor del impeachment\u201d.<\/p>\n<p>Se trata de \u201cuna profunda divisi\u00f3n en la sociedad entre clases altas, blancas, predominantemente del centro-sur y sureste del pa\u00eds, que no soportan el proceso de inclusi\u00f3n social por parte de los sucesivos gobiernos del Partido de los Trabajadores desde 2002. Este proceso benefici\u00f3 especialmente a los pobres, a los negros y a las mujeres, lo que se torn\u00f3 insoportable para quienes creen tener el control de los ritmos de la sociedad brasile\u00f1a\u201d. Hay una frase que circula entre las elites y grafica el racismo clasista: \u201cLos aeropuertos se convirtieron en rodoviarias (terminales de \u00f3mnibus)\u201d.<\/p>\n<p>El impeachment a Rousseff fue solo el comienzo de esta estrategia conservadora. Por eso, Dobrusin subraya que \u201cno es casualidad que hasta la propia red Globo est\u00e9 preocupada por el avance conservador. La cadena de televisi\u00f3n evangelista Record incrementa su audiencia a costa de la audiencia de O Globo, compitiendo con su mejor herramienta: las telenovelas\u201d.<\/p>\n<p>En esa l\u00ednea, Andr\u00e9 Takahashi dice que \u201cse necesita una reforma pol\u00edtica urgente, pero esta reforma deber\u00e1 esperar por un nuevo Congreso que no est\u00e9 manchado por un proceso golpista. Hoy es importante la reglamentaci\u00f3n del art\u00edculo 14 de la Constituci\u00f3n que garantice la participaci\u00f3n directa del pueblo en la pol\u00edtica, y esto todav\u00eda no podemos hacerlo en Brasil\u201d.<\/p>\n<p>Los senadores se aprestan en los pr\u00f3ximos d\u00edas a seguir los pasos de los diputados. Pero, preocupados por la imagen internacional que dej\u00f3 Brasil, piden mesura en el voto. Es solo una cuesti\u00f3n de forma. Brasil vive hoy un intento de golpe parlamentario. Es la revancha de los sectores olig\u00e1rquicos que quieren volver a un estado pret\u00e9rito al del PT. Las \u00e9lites han salido del letargo y quieren dar el golpe de gracia en Brasil. Ser\u00e1 una batalla tit\u00e1nica.<\/p>\n","protected":false},"excerpt":{"rendered":"La Raz\u00f3n (Edici\u00f3n Impresa) \/ Mariano V\u00e1zquez 02 de mayo de 2016 Se trata del Congreso m\u00e1s conservador desde la recuperaci\u00f3n de la \n<a class=\"moretag\" href=\"https:\/\/ctainternacionales.org\/?p=3488\"> [...]<\/a>","protected":false},"author":1,"featured_media":0,"comment_status":"closed","ping_status":"closed","sticky":false,"template":"","format":"standard","meta":{"ngg_post_thumbnail":0,"footnotes":""},"categories":[],"tags":[],"class_list":["post-3488","post","type-post","status-publish","format-standard","hentry"],"_links":{"self":[{"href":"https:\/\/ctainternacionales.org\/index.php?rest_route=\/wp\/v2\/posts\/3488","targetHints":{"allow":["GET"]}}],"collection":[{"href":"https:\/\/ctainternacionales.org\/index.php?rest_route=\/wp\/v2\/posts"}],"about":[{"href":"https:\/\/ctainternacionales.org\/index.php?rest_route=\/wp\/v2\/types\/post"}],"author":[{"embeddable":true,"href":"https:\/\/ctainternacionales.org\/index.php?rest_route=\/wp\/v2\/users\/1"}],"replies":[{"embeddable":true,"href":"https:\/\/ctainternacionales.org\/index.php?rest_route=%2Fwp%2Fv2%2Fcomments&post=3488"}],"version-history":[{"count":1,"href":"https:\/\/ctainternacionales.org\/index.php?rest_route=\/wp\/v2\/posts\/3488\/revisions"}],"predecessor-version":[{"id":3491,"href":"https:\/\/ctainternacionales.org\/index.php?rest_route=\/wp\/v2\/posts\/3488\/revisions\/3491"}],"wp:attachment":[{"href":"https:\/\/ctainternacionales.org\/index.php?rest_route=%2Fwp%2Fv2%2Fmedia&parent=3488"}],"wp:term":[{"taxonomy":"category","embeddable":true,"href":"https:\/\/ctainternacionales.org\/index.php?rest_route=%2Fwp%2Fv2%2Fcategories&post=3488"},{"taxonomy":"post_tag","embeddable":true,"href":"https:\/\/ctainternacionales.org\/index.php?rest_route=%2Fwp%2Fv2%2Ftags&post=3488"}],"curies":[{"name":"wp","href":"https:\/\/api.w.org\/{rel}","templated":true}]}}