{"id":3485,"date":"2016-05-04T00:52:45","date_gmt":"2016-05-04T03:52:45","guid":{"rendered":"http:\/\/www.ctainternacionales.org\/?p=3485"},"modified":"2016-05-04T00:53:09","modified_gmt":"2016-05-04T03:53:09","slug":"dirigentes-sindicales-fueron-detenidos-en-la-madrugada-en-sus-hogares","status":"publish","type":"post","link":"https:\/\/ctainternacionales.org\/?p=3485","title":{"rendered":"Dirigentes sindicales fueron detenidos en la madrugada en sus hogares"},"content":{"rendered":"<p style=\"text-align: justify;\">El gobierno de Rosana Bertone del Frente para la Victoria (FpV) est\u00e1 allanando las casas de los dirigentes gremiales y los detiene durante la madrugada manteni\u00e9ndolos incomunicados. Los detenidos son Jos\u00e9 G\u00f3mez de AFEP, Camacho de ATE y CTA, Estefoni de ASEOM, y Gallegos de SOEM. Y se est\u00e1n buscando m\u00e1s. La CTA Nacional expresa su m\u00e1s en\u00e9rgico repudio a esta persecuci\u00f3n de dirigentes y se solidariza con los trabajadores en lucha. Dirigentes de la Central viajar\u00e1n hoy a la provincia fueguina para reiterar que se libere a los detenidos.<!--more--><\/p>\n<p style=\"text-align: justify;\">Desde la Uni\u00f3n de Gremios repudian en\u00e9rgicamente la detenci\u00f3n por parte de las fuerzas policiales del compa\u00f1ero Secretario General de AFEP, Jos\u00e9 G\u00f3mez, de Horacio Gallegos, del SOEM, y cuatro compa\u00f1eros m\u00e1s. Asimismo se rechaza la persecuci\u00f3n y detenci\u00f3n de dirigentes sindicales durante la madrugada de hoy.<\/p>\n<p style=\"text-align: justify;\">\u00abEsto est\u00e1 tomando un nivel de conmoci\u00f3n pol\u00edtica interna muy grave. Exhortamos a la clase pol\u00edtica que dejen de ignorar esta grave situaci\u00f3n que ocurre en nuestra provincia y ciudades de la misma y act\u00faen con respecto a este hecho y lo ocurrido el 12 de abril con zona liberada y la utilizaci\u00f3n de fuerzas civiles de choque\u00bb, dice un comunicado de la CTA Tierra del Fuego.<\/p>\n<p style=\"text-align: justify;\">Asimismo agrega: \u00abExigimos que generen, en forma inmediata, una mesa de di\u00e1logo con las fuerzas pol\u00edticas provinciales y municipales, tanto ejecutivas como legislativas, adem\u00e1s de diputados y senadores de la provincia, para resolver el conflicto junto a los gremios de la Uni\u00f3n y Jubilados, representantes de los verdaderos due\u00f1os de la Caja y Obra Social\u00bb.<\/p>\n<p style=\"text-align: justify;\">Adem\u00e1s a\u00f1ade: \u00abExhortamos tambi\u00e9n a la Justicia por su inacci\u00f3n con respecto a expedirse por la inconstitucionalidad, o no, de las leyes en cuesti\u00f3n postergando una reuni\u00f3n pautada con la Jueza Battaini y demorar en el tiempo el expediente de iniciativa popular de m\u00e1s de 20.000 firmas\u00bb.<\/p>\n<p style=\"text-align: justify;\">\u00abEso reafirma la connivencia demostrada impunemente desde hace a\u00f1os entre la clase pol\u00edtica y los jueces, lo que nos deja desamparados. Esto es lo que sucede desde hace m\u00e1s de 63 d\u00edas, quedamos a merced del antojo de un pu\u00f1ado de soberbios electos\u00bb, termina el texto.<\/p>\n","protected":false},"excerpt":{"rendered":"El gobierno de Rosana Bertone del Frente para la Victoria (FpV) est\u00e1 allanando las casas de los dirigentes gremiales y los detiene durante \n<a class=\"moretag\" href=\"https:\/\/ctainternacionales.org\/?p=3485\"> [...]<\/a>","protected":false},"author":1,"featured_media":0,"comment_status":"closed","ping_status":"closed","sticky":false,"template":"","format":"standard","meta":{"ngg_post_thumbnail":0,"footnotes":""},"categories":[],"tags":[],"class_list":["post-3485","post","type-post","status-publish","format-standard","hentry"],"_links":{"self":[{"href":"https:\/\/ctainternacionales.org\/index.php?rest_route=\/wp\/v2\/posts\/3485","targetHints":{"allow":["GET"]}}],"collection":[{"href":"https:\/\/ctainternacionales.org\/index.php?rest_route=\/wp\/v2\/posts"}],"about":[{"href":"https:\/\/ctainternacionales.org\/index.php?rest_route=\/wp\/v2\/types\/post"}],"author":[{"embeddable":true,"href":"https:\/\/ctainternacionales.org\/index.php?rest_route=\/wp\/v2\/users\/1"}],"replies":[{"embeddable":true,"href":"https:\/\/ctainternacionales.org\/index.php?rest_route=%2Fwp%2Fv2%2Fcomments&post=3485"}],"version-history":[{"count":1,"href":"https:\/\/ctainternacionales.org\/index.php?rest_route=\/wp\/v2\/posts\/3485\/revisions"}],"predecessor-version":[{"id":3487,"href":"https:\/\/ctainternacionales.org\/index.php?rest_route=\/wp\/v2\/posts\/3485\/revisions\/3487"}],"wp:attachment":[{"href":"https:\/\/ctainternacionales.org\/index.php?rest_route=%2Fwp%2Fv2%2Fmedia&parent=3485"}],"wp:term":[{"taxonomy":"category","embeddable":true,"href":"https:\/\/ctainternacionales.org\/index.php?rest_route=%2Fwp%2Fv2%2Fcategories&post=3485"},{"taxonomy":"post_tag","embeddable":true,"href":"https:\/\/ctainternacionales.org\/index.php?rest_route=%2Fwp%2Fv2%2Ftags&post=3485"}],"curies":[{"name":"wp","href":"https:\/\/api.w.org\/{rel}","templated":true}]}}