{"id":3481,"date":"2016-04-23T13:51:19","date_gmt":"2016-04-23T16:51:19","guid":{"rendered":"http:\/\/www.ctainternacionales.org\/?p=3481"},"modified":"2016-04-23T13:51:19","modified_gmt":"2016-04-23T16:51:19","slug":"la-cta-autonoma-rumbo-al-iii-congreso-general-de-confederacion-sindical-de-trabajadores-de-las-americas","status":"publish","type":"post","link":"https:\/\/ctainternacionales.org\/?p=3481","title":{"rendered":"La CTA Aut\u00f3noma rumbo al III Congreso General de Confederaci\u00f3n Sindical de Trabajadores de las Am\u00e9ricas"},"content":{"rendered":"<p>Entre los d\u00edas 26 y 29 de abril de 2016 en el Centro de Convenciones del Hotel Holiday Inn Parque Anhembi, en la ciudad de S\u00e3o Paulo, Brasil, se realizar\u00e1 el III Congreso General Ordinario de la Confederaci\u00f3n Sindical de Trabajadores\/as de la Am\u00e9ricas (CSA). Participar\u00e1 una importante delegaci\u00f3n de la CTA Aut\u00f3noma<!--more--><\/p>\n<p><a href=\"http:\/\/www.ctainternacionales.org\/wp-content\/uploads\/2016\/04\/logo_congresso.png\" rel=\"attachment wp-att-3482\"><img loading=\"lazy\" decoding=\"async\" class=\"aligncenter size-thumbnail wp-image-3482\" src=\"http:\/\/www.ctainternacionales.org\/wp-content\/uploads\/2016\/04\/logo_congresso-307x166.png\" alt=\"logo_congresso\" width=\"307\" height=\"166\" \/><\/a>La CTA-A participar\u00e1 de dicho encuentro con una nutrida comitiva que representar\u00e1 a nuestra Central. La delegaci\u00f3n se encuentra a cargo del Secretario de Relaciones Internacionales de la Central, Adolfo Aguirre, y esta integrad\u00e1 por: Ricardo Peidro, Secretario Adjunto; Jorge Yabkowski, Secretario de Salud Laboral y presidente del a FESPROSA; Daniel Jorajur\u00eda, Secretario Gremial de la CTA-A; Hugo Godoy, Secretario General de ATE; Silverio Gomez, Secretario General de la Uni\u00f3n de Conductores de la Rep\u00fablica Argentina (UCRA-CTA); Carolina Ocar, Secretaria de Comunicaci\u00f3n CTA-A; Alejandra Angriman, Secretaria de G\u00e9nero de la CTA-A (AAPM); y Viviana Garcia, vocal de la CTA-A (CICOP).<\/p>\n<p>Tambi\u00e9n participar\u00e1n Natalia Castesana, del Consejo Nacional de ATE; Sabrina Haboba, Bruno Dobrusin y Nicolas Honigesz de la Secretar\u00eda de Relaciones Internacionales; Ra\u00fal Rajneri, Secretario de Juventud CTA-A; Jorge Castro, Secretario Gremial de la CTA bonaerense y Secretario General de UETTel; Ximena Rattoni, Secretaria Adjunta de APJ-GAS. Adem\u00e1s el Congreso contar\u00e1 con la presencia de Carlos Custer y Julio Fuentes, Secretario Adjunto de ATE y Presidente de la CLATE, quienes han sido invitados por la CSA.<\/p>\n<p>La Confederaci\u00f3n Sindical de Trabajadores y Trabajadoras de las Am\u00e9ricas (CSA), es la expresi\u00f3n sindical regional m\u00e1s importante del continente americano. Fundada el 27 de marzo de 2008 en la Ciudad de Panam\u00e1, afilia a 56 organizaciones nacionales de 23 pa\u00edses, que representan a m\u00e1s de 52 millones de trabajadores\/as. La CSA es la organizaci\u00f3n regional de la Confederaci\u00f3n Sindical Internacional (CSI).<\/p>\n<p>La CTA-A es una de las centrales fundadoras de la CSA y es generadora de distintos espacios, iniciativas, debates y coordinaciones en materia sindical, jur\u00eddicas; de g\u00e9nero; Derechos Humanos; salud laboral, cooperativismo, ambientales; auto-gesti\u00f3n, comunicaci\u00f3n, juventud y otros . Dichos espacios fueron y son protagonizados por los distintos trabajadores afiliados a partir de su idoneidad y compromiso representando a la CTA-A con excelentes resultados en aportes a la discusi\u00f3n y la acci\u00f3n tanto regional como global.<\/p>\n<p>En el III Congreso de la CSA se someter\u00e1 a votaci\u00f3n la elecci\u00f3n de los miembros del Consejo Ejecutivo, Secretariado y Consejo Fiscal; la aprobaci\u00f3n del Informe y Rendici\u00f3n de Cuentas de la Gesti\u00f3n 2012\/2016; como as\u00ed tambi\u00e9n el programa general, el Plan de acci\u00f3n, resoluciones mociones; y las reforma estatutarias que ser\u00e1n debatidas y deliberadas.<\/p>\n<p>En la apertura del Congreso se celebrar\u00e1 un seminario Internacional \u201cDemocracia y desarrollo en las Am\u00e9ricas: Estrategia Sindical para el periodo 2016-2020\u201d. El seminario tiene como objetivo contribuir a la discusi\u00f3n y a un an\u00e1lisis de las perspectivas del desarrollo de las democracias y el futuro del trabajo y la posibilidad de intervenci\u00f3n con la Plataforma de Desarrollo de las Am\u00e9ricas (PLADA) en este contexto; como tambi\u00e9n fortalecer las estrategias sindicales que potencien la organizaci\u00f3n para garantizar los derechos laborales en el marco de la econom\u00eda global. Luego del seminario, se espera una reuni\u00f3n del Comit\u00e9 de mujeres y del Comit\u00e9 de juventud de la CSA.<\/p>\n<p>El Congreso tendr\u00e1 una participaci\u00f3n de 302 delegados con 200 observadores, m\u00e1s invitados, muchos de ellos representantes de las centrales europeas que ser\u00e1n testigos presenciales de las elecciones que se realizar\u00e1n en el Congreso por medio del voto directo y secreto. Asimismo, los debates se centrar\u00e1n en torno al documento Base que introduce un an\u00e1lisis de la situaci\u00f3n y el contexto pol\u00edtico, econ\u00f3mico y social internacional y regional, adem\u00e1s de estipular las l\u00edneas estrat\u00e9gicas de acci\u00f3n y las resoluciones, que ser\u00e1n el norte de la estrategia de los trabajadores de las am\u00e9ricas durante los pr\u00f3ximos a\u00f1os.<\/p>\n<p>Entre las presencias destacadas se espera a \u201cPepe\u201d Mujica y Luiz Lula da Silva quienes har\u00e1n una valiosa intervenci\u00f3n que aportar\u00e1 para el debate en el Congreso. Tambi\u00e9n se esperan las intervenciones de Sharan Burrow, Secretar\u00eda General de la CSI, Jo\u00e3o Felicio, Presidente de la CSI y del Director General de la OIT, Guy Ryder, entre otros otros.<\/p>\n","protected":false},"excerpt":{"rendered":"Entre los d\u00edas 26 y 29 de abril de 2016 en el Centro de Convenciones del Hotel Holiday Inn Parque Anhembi, en la \n<a class=\"moretag\" href=\"https:\/\/ctainternacionales.org\/?p=3481\"> [...]<\/a>","protected":false},"author":1,"featured_media":0,"comment_status":"closed","ping_status":"closed","sticky":false,"template":"","format":"standard","meta":{"ngg_post_thumbnail":0,"footnotes":""},"categories":[],"tags":[],"class_list":["post-3481","post","type-post","status-publish","format-standard","hentry"],"_links":{"self":[{"href":"https:\/\/ctainternacionales.org\/index.php?rest_route=\/wp\/v2\/posts\/3481","targetHints":{"allow":["GET"]}}],"collection":[{"href":"https:\/\/ctainternacionales.org\/index.php?rest_route=\/wp\/v2\/posts"}],"about":[{"href":"https:\/\/ctainternacionales.org\/index.php?rest_route=\/wp\/v2\/types\/post"}],"author":[{"embeddable":true,"href":"https:\/\/ctainternacionales.org\/index.php?rest_route=\/wp\/v2\/users\/1"}],"replies":[{"embeddable":true,"href":"https:\/\/ctainternacionales.org\/index.php?rest_route=%2Fwp%2Fv2%2Fcomments&post=3481"}],"version-history":[{"count":1,"href":"https:\/\/ctainternacionales.org\/index.php?rest_route=\/wp\/v2\/posts\/3481\/revisions"}],"predecessor-version":[{"id":3483,"href":"https:\/\/ctainternacionales.org\/index.php?rest_route=\/wp\/v2\/posts\/3481\/revisions\/3483"}],"wp:attachment":[{"href":"https:\/\/ctainternacionales.org\/index.php?rest_route=%2Fwp%2Fv2%2Fmedia&parent=3481"}],"wp:term":[{"taxonomy":"category","embeddable":true,"href":"https:\/\/ctainternacionales.org\/index.php?rest_route=%2Fwp%2Fv2%2Fcategories&post=3481"},{"taxonomy":"post_tag","embeddable":true,"href":"https:\/\/ctainternacionales.org\/index.php?rest_route=%2Fwp%2Fv2%2Ftags&post=3481"}],"curies":[{"name":"wp","href":"https:\/\/api.w.org\/{rel}","templated":true}]}}