{"id":3477,"date":"2016-04-23T13:48:32","date_gmt":"2016-04-23T16:48:32","guid":{"rendered":"http:\/\/www.ctainternacionales.org\/?p=3477"},"modified":"2016-04-23T13:49:26","modified_gmt":"2016-04-23T16:49:26","slug":"campesinos-amenazan-con-realizar-invasiones-masivas-de-cultivos-de-soja","status":"publish","type":"post","link":"https:\/\/ctainternacionales.org\/?p=3477","title":{"rendered":"Campesinos amenazan con realizar invasiones masivas de cultivos de soja"},"content":{"rendered":"<p style=\"text-align: justify;\"><a href=\"http:\/\/www.ctainternacionales.org\/wp-content\/uploads\/2016\/04\/diosnel-benitez-hermano-de-elvio-benitez-con-gran-locuacidad-realizo-arengas-que-elevaron-el-fervor-de-los-labriegos-con-un-claro-mensaje_890_573_1355887.jpg\" rel=\"attachment wp-att-3478\"><img loading=\"lazy\" decoding=\"async\" class=\"aligncenter size-thumbnail wp-image-3478\" src=\"http:\/\/www.ctainternacionales.org\/wp-content\/uploads\/2016\/04\/diosnel-benitez-hermano-de-elvio-benitez-con-gran-locuacidad-realizo-arengas-que-elevaron-el-fervor-de-los-labriegos-con-un-claro-mensaje_890_573_1355887-307x198.jpg\" alt=\"diosnel-benitez-hermano-de-elvio-benitez-con-gran-locuacidad-realizo-arengas-que-elevaron-el-fervor-de-los-labriegos-con-un-claro-mensaje_890_573_1355887\" width=\"307\" height=\"198\" \/><\/a>Invasiones de propiedades con cultivos de soja ser\u00e1n realizadas tras la actual movilizaci\u00f3n, en el caso de no conseguirse la condonaci\u00f3n total de las deudas y de dejarse de lado el impuesto a la soja, amenaz\u00f3 ayer el dirigente Diosnel Ben\u00edtez, durante un mitin en el microcentro de Asunci\u00f3n.<!--more--><\/p>\n<p style=\"text-align: justify;\">\u201cLos sojeros nos sacan de nuestras tierras, nosotros tenemos derechos y vamos a expulsar a todos los sojeros, eso significa la ocupaci\u00f3n masiva de tierras en todo el pa\u00eds, mucha tierra malhabida hay para recuperar\u201d, exclam\u00f3 euf\u00f3rico Diosnel Ben\u00edtez, hermano del controvertido dirigente del partido Frente Guasu, Elvio Ben\u00edtez, de la zona de San Pedro.<\/p>\n<p style=\"text-align: justify;\">En su discurso, que fue captado por ABC TV (www.abc.com.py\/abc-tv\/locales), Ben\u00edtez anunci\u00f3 que tras la movilizaci\u00f3n la lucha se trasladar\u00e1 al campo y en forma de comisiones vecinales para dar batalla.<\/p>\n<p style=\"text-align: justify;\">El anuncio se dio en la ma\u00f1ana, cuando todav\u00eda los dirigentes campesinos segu\u00edan analizando con sus asesores el ofrecimiento del Estado para la reestructuraci\u00f3n de sus deudas a 10 a\u00f1os de plazo con 4 a\u00f1os de gracia y 6% de inter\u00e9s, negociaci\u00f3n que se vio truncada a ra\u00edz del fracaso de la negociaci\u00f3n de los cooperativistas con el Ejecutivo.<\/p>\n<p style=\"text-align: justify;\">Por otra parte, el dirigente Luis Aguayo, de la Mesa Coordinadora Nacional de Organizaciones Campesinas (MCNOC), tambi\u00e9n amenaz\u00f3 ayer que si el sector no obtiene la respuesta por parte del Gobierno, tal y como ellos entienden que ser\u00e1 la soluci\u00f3n para la deuda de los peque\u00f1os productores, endurecer\u00e1n la medida de fuerza con cierre de rutas y toma de instituciones del Estado en diferentes puntos del pa\u00eds.<\/p>\n<p style=\"text-align: justify;\">Los labriegos que marcharon ayer por la ma\u00f1ana desde las 9:00 hasta cerca de las 10:00 por el microcentro. Durante uno de los m\u00edtines realizado hab\u00edan anunciado que la marcha se har\u00eda hasta Mburuvicha R\u00f3ga, para apoyar la reuni\u00f3n de sus dirigentes con las autoridades del Ejecutivo, hecho que finalmente no se cumpli\u00f3.<\/p>\n<p style=\"text-align: justify;\">A su vez, tras regresar los campesinos a la plaza, Elvio Ben\u00edtez, con un discurso agresivo ya, reiteradamente endilg\u00f3 de \u201cladr\u00f3n, narcotraficante, bandido n\u00famero 1\u201d, entre otros apelativos, al presidente de la Rep\u00fablica, Horacio Cartes. \u201cCh\u00e1ke bandido, apetema roime h\u00edna. Que ya no se tranquilicen m\u00e1s, que tomen sus maletas y se corran de Paraguay\u201d, grit\u00f3 efusivo.<\/p>\n<p style=\"text-align: justify;\">El manifestante destac\u00f3 que la lucha campesina actual es por la democratizaci\u00f3n del pa\u00eds, y que los golpes de Estado actualmente ya no se hacen con militares. \u201cLos verdaderos golpistas son quienes organizan el Poder Judicial aliado con los due\u00f1os de la prensa. Ellos son los que moldean la cabeza de la gente con cr\u00edticas falsas, mentiras, propagandas para ir creando las condiciones y que se pueda producir un golpe de Estado. As\u00ed sacaron a (Fernando) Lugo y ahora quieren sacar a Dilma (Rouseff)\u201d, se\u00f1al\u00f3 el pol\u00e9mico dirigente de Frente Guasu.<\/p>\n<p style=\"text-align: justify;\">Campamento lleva 20 d\u00edas<\/p>\n<p style=\"text-align: justify;\">La medida de fuerza de los cooperativistas contra el pago del IVA y del sistema de elecciones D\u2019Hondt se inici\u00f3 el 1 de abril, pero los grupos campesinos llegaron a la plaza frente al Congreso reci\u00e9n el 4 del presente mes, con lo que la medida de fuerza de los labriegos cumple hoy 20 d\u00edas.<\/p>\n<p style=\"text-align: justify;\"><a href=\"http:\/\/www.ctainternacionales.org\/wp-content\/uploads\/2016\/04\/con-el-microfono-luis-aguayo-flanqueado-por-diosnel-benitez-sombrero-y-pedro-loblein-quepis-tambien-aparece-filemon-paredes-entre-o_894_573_1355886.jpg\" rel=\"attachment wp-att-3479\"><img loading=\"lazy\" decoding=\"async\" class=\"aligncenter size-thumbnail wp-image-3479\" src=\"http:\/\/www.ctainternacionales.org\/wp-content\/uploads\/2016\/04\/con-el-microfono-luis-aguayo-flanqueado-por-diosnel-benitez-sombrero-y-pedro-loblein-quepis-tambien-aparece-filemon-paredes-entre-o_894_573_1355886-307x197.jpg\" alt=\"con-el-microfono-luis-aguayo-flanqueado-por-diosnel-benitez-sombrero-y-pedro-loblein-quepis-tambien-aparece-filemon-paredes-entre-o_894_573_1355886\" width=\"307\" height=\"197\" \/><\/a>Entre los dirigentes m\u00e1s radicalizados de la movilizaci\u00f3n figuran Elvio Ben\u00edtez, adem\u00e1s de su hermano Diosnel Ben\u00edtez, el labriego Antonio Galeano y Jorge Galeano, quienes ayer emitieron discursos incendiarios.<\/p>\n<p style=\"text-align: justify;\">El primero citado expres\u00f3: \u201cDespu\u00e9s de 20 a\u00f1os vamos a liquidar este partido, esto se define, ser\u00e1 la pulseada que jugar\u00e1n los ricos contra los pobres\u201d. Este habl\u00f3 ayer por la noche anunciando que la movilizaci\u00f3n sigue.<\/p>\n","protected":false},"excerpt":{"rendered":"Invasiones de propiedades con cultivos de soja ser\u00e1n realizadas tras la actual movilizaci\u00f3n, en el caso de no conseguirse la condonaci\u00f3n total de \n<a class=\"moretag\" href=\"https:\/\/ctainternacionales.org\/?p=3477\"> [...]<\/a>","protected":false},"author":1,"featured_media":0,"comment_status":"closed","ping_status":"closed","sticky":false,"template":"","format":"standard","meta":{"ngg_post_thumbnail":0,"footnotes":""},"categories":[],"tags":[],"class_list":["post-3477","post","type-post","status-publish","format-standard","hentry"],"_links":{"self":[{"href":"https:\/\/ctainternacionales.org\/index.php?rest_route=\/wp\/v2\/posts\/3477","targetHints":{"allow":["GET"]}}],"collection":[{"href":"https:\/\/ctainternacionales.org\/index.php?rest_route=\/wp\/v2\/posts"}],"about":[{"href":"https:\/\/ctainternacionales.org\/index.php?rest_route=\/wp\/v2\/types\/post"}],"author":[{"embeddable":true,"href":"https:\/\/ctainternacionales.org\/index.php?rest_route=\/wp\/v2\/users\/1"}],"replies":[{"embeddable":true,"href":"https:\/\/ctainternacionales.org\/index.php?rest_route=%2Fwp%2Fv2%2Fcomments&post=3477"}],"version-history":[{"count":1,"href":"https:\/\/ctainternacionales.org\/index.php?rest_route=\/wp\/v2\/posts\/3477\/revisions"}],"predecessor-version":[{"id":3480,"href":"https:\/\/ctainternacionales.org\/index.php?rest_route=\/wp\/v2\/posts\/3477\/revisions\/3480"}],"wp:attachment":[{"href":"https:\/\/ctainternacionales.org\/index.php?rest_route=%2Fwp%2Fv2%2Fmedia&parent=3477"}],"wp:term":[{"taxonomy":"category","embeddable":true,"href":"https:\/\/ctainternacionales.org\/index.php?rest_route=%2Fwp%2Fv2%2Fcategories&post=3477"},{"taxonomy":"post_tag","embeddable":true,"href":"https:\/\/ctainternacionales.org\/index.php?rest_route=%2Fwp%2Fv2%2Ftags&post=3477"}],"curies":[{"name":"wp","href":"https:\/\/api.w.org\/{rel}","templated":true}]}}